{"id":9465,"date":"2014-02-18T23:27:22","date_gmt":"2014-02-18T22:27:22","guid":{"rendered":"https:\/\/www.fcgueugnon.fr\/wp\/?p=9465"},"modified":"2014-02-19T14:25:53","modified_gmt":"2014-02-19T13:25:53","slug":"cfa2-j17-laffiche-macdo-du-match-contre-lus-feurs","status":"publish","type":"post","link":"https:\/\/www.fcgueugnon.fr\/wp\/cfa2-j17-laffiche-macdo-du-match-contre-lus-feurs\/9465","title":{"rendered":"[CFA2 &#8211; J17] L\u2019affiche Mac\u2019Do du match contre l&rsquo;US Feurs \u2026"},"content":{"rendered":"<p>Tout au long de cette saison, <strong>le panneau Mac\u2019Do<\/strong> situ\u00e9 le long du boulevard Roger Couderc, derri\u00e8re la tribune Sud, vous indique l\u2019affiche du prochain match \u00e0 domicile du FCG.<br \/>\nApr\u00e8s l&rsquo;annulation de la rencontre de samedi dernier contre Moulins 2, \u00e0 nouveau une rencontre \u00e0 domicile face \u00e0 L&rsquo;US Feurs ce samedi 22 f\u00e9vrier \u00e0 18h00.<br \/>\nEsp\u00e9rons cette fois que les conditions m\u00e9t\u00e9orologiques permettrons de pouvoir faire se d\u00e9rouler ce match.<br \/>\nLes gueugnonnais disposent de 7 points d&rsquo;avance sur les for\u00e9ziens, il faudra absolument prendre des points pour conserver cette marge sur les \u00e9quipes class\u00e9es derri\u00e8re, d&rsquo;autant que le prochain d\u00e9placement se fera \u00e0 Bourgoin-Jallieu et un peu plus tard la r\u00e9ception de Moulins B (match replac\u00e9) &#8230;<\/p>\n<p><a href=\"https:\/\/www.fcgueugnon.fr\/wp\/wp-content\/uploads\/2014\/02\/pano-Macdo-Feurs.jpg\"><img loading=\"lazy\" decoding=\"async\" class=\"alignnone size-full wp-image-9520\" alt=\"pano Macdo Feurs\" src=\"https:\/\/www.fcgueugnon.fr\/wp\/wp-content\/uploads\/2014\/02\/pano-Macdo-Feurs.jpg\" width=\"2139\" height=\"1731\" \/><\/a><\/p>\n<p>Venez nombreux encourager les jaunes et bleus ! <strong>Samedi 22\/02<\/strong> coup d\u2019envoi \u00e0 <strong>18h00<\/strong><\/p>\n<p align=\"center\"><strong><span style=\"color: #ff6600;\">FORGERONS \u2026. ENSEMBLE GAGNONS !<\/span><\/strong><\/p>\n<p><strong>CFA2 \u2013 Journ\u00e9e 17 &#8211; Groupe D : FC Gueugnon \u2013 US Feurs<br \/>\n<\/strong><\/p>\n<p>Arbitre centre : MERCIER ALEXANDRE<br \/>\nArbitre assistant 1 : GUELFUCCI BENJAMIN<br \/>\nArbitre assistant 2 : FOUAD KHALID<br \/>\nD\u00e9l\u00e9gu\u00e9 principal : BOUJON CLAUDE<br \/>\nObservateur adjoint 1 :<\/p>\n","protected":false},"excerpt":{"rendered":"<p>Tout au long de cette saison, le panneau Mac\u2019Do situ\u00e9 le long du boulevard Roger Couderc, derri\u00e8re la tribune Sud, vous indique l\u2019affiche du prochain match \u00e0 domicile du FCG. Apr\u00e8s l&rsquo;annulation de la rencontre de samedi dernier contre Moulins 2, \u00e0 nouveau une rencontre \u00e0 domicile face \u00e0 L&rsquo;US Feurs ce samedi 22 f\u00e9vrier &#8230; <\/p>\n<p class=\"read-more-container\"><a title=\"[CFA2 &#8211; J17] L\u2019affiche Mac\u2019Do du match contre l&rsquo;US Feurs \u2026\" class=\"read-more button\" href=\"https:\/\/www.fcgueugnon.fr\/wp\/cfa2-j17-laffiche-macdo-du-match-contre-lus-feurs\/9465#more-9465\">Lire la suite<span class=\"screen-reader-text\">[CFA2 &#8211; J17] L\u2019affiche Mac\u2019Do du match contre l&rsquo;US Feurs \u2026<\/span><\/a><\/p>\n","protected":false},"author":7,"featured_media":0,"comment_status":"closed","ping_status":"closed","sticky":false,"template":"","format":"standard","meta":{"_coblocks_attr":"","_coblocks_dimensions":"","_coblocks_responsive_height":"","_coblocks_accordion_ie_support":"","footnotes":""},"categories":[13,12],"tags":[108],"_links":{"self":[{"href":"https:\/\/www.fcgueugnon.fr\/wp\/wp-json\/wp\/v2\/posts\/9465"}],"collection":[{"href":"https:\/\/www.fcgueugnon.fr\/wp\/wp-json\/wp\/v2\/posts"}],"about":[{"href":"https:\/\/www.fcgueugnon.fr\/wp\/wp-json\/wp\/v2\/types\/post"}],"author":[{"embeddable":true,"href":"https:\/\/www.fcgueugnon.fr\/wp\/wp-json\/wp\/v2\/users\/7"}],"replies":[{"embeddable":true,"href":"https:\/\/www.fcgueugnon.fr\/wp\/wp-json\/wp\/v2\/comments?post=9465"}],"version-history":[{"count":0,"href":"https:\/\/www.fcgueugnon.fr\/wp\/wp-json\/wp\/v2\/posts\/9465\/revisions"}],"wp:attachment":[{"href":"https:\/\/www.fcgueugnon.fr\/wp\/wp-json\/wp\/v2\/media?parent=9465"}],"wp:term":[{"taxonomy":"category","embeddable":true,"href":"https:\/\/www.fcgueugnon.fr\/wp\/wp-json\/wp\/v2\/categories?post=9465"},{"taxonomy":"post_tag","embeddable":true,"href":"https:\/\/www.fcgueugnon.fr\/wp\/wp-json\/wp\/v2\/tags?post=9465"}],"curies":[{"name":"wp","href":"https:\/\/api.w.org\/{rel}","templated":true}]}}