{"id":8505,"date":"2014-01-01T14:49:14","date_gmt":"2014-01-01T12:49:14","guid":{"rendered":"https:\/\/www.fcgueugnon.fr\/wp\/?p=8505"},"modified":"2014-01-08T12:02:49","modified_gmt":"2014-01-08T10:02:49","slug":"curauto-garage-carrosserie-a-gueugnon","status":"publish","type":"post","link":"https:\/\/www.fcgueugnon.fr\/wp\/curauto-garage-carrosserie-a-gueugnon\/8505","title":{"rendered":"CURAUTO Garage &#8211; Carrosserie \u00e0 Gueugnon"},"content":{"rendered":"<p><a href=\"https:\/\/www.fcgueugnon.fr\/wp\/wp-content\/uploads\/2014\/01\/curauto_logo_2vggp7b5.jpg\"><img loading=\"lazy\" decoding=\"async\" class=\"alignleft wp-image-8506\" alt=\"curauto_logo_2vggp7b5\" src=\"https:\/\/www.fcgueugnon.fr\/wp\/wp-content\/uploads\/2014\/01\/curauto_logo_2vggp7b5.jpg\" width=\"197\" height=\"113\" \/><\/a>CURAUTO Garage &#8211; Carrosserie \u00e0 Gueugnon<br \/>\n<strong>\u00ab\u00a0<\/strong><strong>Partenaire du mois\u00a0\u00bb pour janvier 2014<\/strong><\/p>\n<p>Place G\u00e9n\u00e9ral de Gaulle, CURAUTO vous propose des services de vente et d&rsquo;importation de v\u00e9hicule toutes marques et sur demande.<br \/>\nMais aussi un service carrosserie\/peinture ainsi que la pose et la r\u00e9paration de pare-brise.<\/p>\n<p>Plus d&rsquo;informations sur leur site : <a href=\"http:\/\/www.curauto.com\" target=\"_blank\">www.curauto.com<\/a><\/p>\n","protected":false},"excerpt":{"rendered":"<p>CURAUTO Garage &#8211; Carrosserie \u00e0 Gueugnon \u00ab\u00a0Partenaire du mois\u00a0\u00bb pour janvier 2014 Place G\u00e9n\u00e9ral de Gaulle, CURAUTO vous propose des services de vente et d&rsquo;importation de v\u00e9hicule toutes marques et sur demande. Mais aussi un service carrosserie\/peinture ainsi que la pose et la r\u00e9paration de pare-brise. Plus d&rsquo;informations sur leur site : www.curauto.com<\/p>\n","protected":false},"author":1,"featured_media":0,"comment_status":"closed","ping_status":"closed","sticky":false,"template":"","format":"standard","meta":{"_coblocks_attr":"","_coblocks_dimensions":"","_coblocks_responsive_height":"","_coblocks_accordion_ie_support":"","footnotes":""},"categories":[103],"tags":[108],"_links":{"self":[{"href":"https:\/\/www.fcgueugnon.fr\/wp\/wp-json\/wp\/v2\/posts\/8505"}],"collection":[{"href":"https:\/\/www.fcgueugnon.fr\/wp\/wp-json\/wp\/v2\/posts"}],"about":[{"href":"https:\/\/www.fcgueugnon.fr\/wp\/wp-json\/wp\/v2\/types\/post"}],"author":[{"embeddable":true,"href":"https:\/\/www.fcgueugnon.fr\/wp\/wp-json\/wp\/v2\/users\/1"}],"replies":[{"embeddable":true,"href":"https:\/\/www.fcgueugnon.fr\/wp\/wp-json\/wp\/v2\/comments?post=8505"}],"version-history":[{"count":0,"href":"https:\/\/www.fcgueugnon.fr\/wp\/wp-json\/wp\/v2\/posts\/8505\/revisions"}],"wp:attachment":[{"href":"https:\/\/www.fcgueugnon.fr\/wp\/wp-json\/wp\/v2\/media?parent=8505"}],"wp:term":[{"taxonomy":"category","embeddable":true,"href":"https:\/\/www.fcgueugnon.fr\/wp\/wp-json\/wp\/v2\/categories?post=8505"},{"taxonomy":"post_tag","embeddable":true,"href":"https:\/\/www.fcgueugnon.fr\/wp\/wp-json\/wp\/v2\/tags?post=8505"}],"curies":[{"name":"wp","href":"https:\/\/api.w.org\/{rel}","templated":true}]}}