{"id":48800,"date":"2022-02-24T09:05:00","date_gmt":"2022-02-24T08:05:00","guid":{"rendered":"https:\/\/www.fcgueugnon.fr\/wp\/?p=48800"},"modified":"2022-02-24T17:47:24","modified_gmt":"2022-02-24T16:47:24","slug":"total-foot-lemission-du-23-fevrier-par-radio-cactus","status":"publish","type":"post","link":"https:\/\/www.fcgueugnon.fr\/wp\/total-foot-lemission-du-23-fevrier-par-radio-cactus\/48800","title":{"rendered":"[Total Foot] L&rsquo;\u00e9mission du 23 F\u00e9vrier par Radio Cactus"},"content":{"rendered":"\n<h3 class=\"wp-block-heading\"><strong>Chaque semaine, retrouvez toute l\u2019actualit\u00e9 du FC Gueugnon sur Radio Cactus ! R\u00e9sultats, matchs, buteurs, rien que pour vous sur le 92.2 !<\/strong><\/h3>\n\n\n\n<p>L&rsquo;\u00e9mission Total Foot est disponible tous les mercredis \u00e0 10:15 et \u00e0 18:30 sur Radio Cactus (FM 92.2) mais aussi en replay sur notre site officiel ou sur Mixcloud.com !<\/p>\n\n\n\n<p><strong>Les intervenants de cette semaine :<\/strong><\/p>\n\n\n\n<ul><li>Bakeba BAYO, entra\u00eeneur adjoint N3.<\/li><li>Richard TRIVINO, directeur sportif.<\/li><li>Marly RAMPONT, d\u00e9fenseur.<\/li><li>Axel DROUHIN, d\u00e9fenseur.<\/li><li>Philippe CORREIA, entra\u00eeneur g\u00e9n\u00e9ral.<\/li><li>Franck REVUELTA, attaquant.<\/li><li>Hugo NSEKE, attaquant.<\/li><li>Patrick MVONDO, attaquant.<\/li><\/ul>\n\n\n\n<p>Site de Radio Cactus : <a href=\"http:\/\/radio-cactus.com\/\" target=\"_blank\" rel=\"noreferrer noopener\">http:\/\/radio-cactus.com\/<\/a><br>Mixcloud pour (r\u00e9)\u00e9couter votre \u00e9mission Total Foot : <a href=\"https:\/\/www.mixcloud.com\/FCG71\/\" target=\"_blank\" rel=\"noreferrer noopener\">https:\/\/www.mixcloud.com\/FCG71\/<\/a><\/p>\n\n\n\n<figure class=\"wp-block-embed is-type-rich is-provider-mixcloud wp-block-embed-mixcloud wp-embed-aspect-21-9 wp-has-aspect-ratio\"><div class=\"wp-block-embed__wrapper\">\n<iframe loading=\"lazy\" title=\"Total Foot Du 23 F\u00e9vrier 2022.\" width=\"100%\" height=\"120\" src=\"https:\/\/www.mixcloud.com\/widget\/iframe\/?feed=https%3A%2F%2Fwww.mixcloud.com%2FFCG71%2Ftotal-foot-du-23-f%25C3%25A9vrier-2022%2F&amp;hide_cover=1\" frameborder=\"0\"><\/iframe>\n<\/div><\/figure>\n","protected":false},"excerpt":{"rendered":"<p>Chaque semaine, retrouvez toute l\u2019actualit\u00e9 du FC Gueugnon sur Radio Cactus ! R\u00e9sultats, matchs, buteurs, rien que pour vous sur le 92.2 ! L&rsquo;\u00e9mission Total Foot est disponible tous les mercredis \u00e0 10:15 et \u00e0 18:30 sur Radio Cactus (FM 92.2) mais aussi en replay sur notre site officiel ou sur Mixcloud.com ! Les intervenants &#8230; <\/p>\n<p class=\"read-more-container\"><a title=\"[Total Foot] L&rsquo;\u00e9mission du 23 F\u00e9vrier par Radio Cactus\" class=\"read-more button\" href=\"https:\/\/www.fcgueugnon.fr\/wp\/total-foot-lemission-du-23-fevrier-par-radio-cactus\/48800#more-48800\">Lire la suite<span class=\"screen-reader-text\">[Total Foot] L&rsquo;\u00e9mission du 23 F\u00e9vrier par Radio Cactus<\/span><\/a><\/p>\n","protected":false},"author":14,"featured_media":47365,"comment_status":"closed","ping_status":"closed","sticky":true,"template":"","format":"standard","meta":{"_coblocks_attr":"","_coblocks_dimensions":"","_coblocks_responsive_height":"","_coblocks_accordion_ie_support":"","footnotes":""},"categories":[542,12],"tags":[97,200,551],"_links":{"self":[{"href":"https:\/\/www.fcgueugnon.fr\/wp\/wp-json\/wp\/v2\/posts\/48800"}],"collection":[{"href":"https:\/\/www.fcgueugnon.fr\/wp\/wp-json\/wp\/v2\/posts"}],"about":[{"href":"https:\/\/www.fcgueugnon.fr\/wp\/wp-json\/wp\/v2\/types\/post"}],"author":[{"embeddable":true,"href":"https:\/\/www.fcgueugnon.fr\/wp\/wp-json\/wp\/v2\/users\/14"}],"replies":[{"embeddable":true,"href":"https:\/\/www.fcgueugnon.fr\/wp\/wp-json\/wp\/v2\/comments?post=48800"}],"version-history":[{"count":0,"href":"https:\/\/www.fcgueugnon.fr\/wp\/wp-json\/wp\/v2\/posts\/48800\/revisions"}],"wp:featuredmedia":[{"embeddable":true,"href":"https:\/\/www.fcgueugnon.fr\/wp\/wp-json\/wp\/v2\/media\/47365"}],"wp:attachment":[{"href":"https:\/\/www.fcgueugnon.fr\/wp\/wp-json\/wp\/v2\/media?parent=48800"}],"wp:term":[{"taxonomy":"category","embeddable":true,"href":"https:\/\/www.fcgueugnon.fr\/wp\/wp-json\/wp\/v2\/categories?post=48800"},{"taxonomy":"post_tag","embeddable":true,"href":"https:\/\/www.fcgueugnon.fr\/wp\/wp-json\/wp\/v2\/tags?post=48800"}],"curies":[{"name":"wp","href":"https:\/\/api.w.org\/{rel}","templated":true}]}}