{"id":48136,"date":"2021-12-27T15:56:31","date_gmt":"2021-12-27T14:56:31","guid":{"rendered":"https:\/\/www.fcgueugnon.fr\/wp\/?p=48136"},"modified":"2022-01-06T15:15:55","modified_gmt":"2022-01-06T14:15:55","slug":"forgeron-aperam-elisez-le-forgeron-du-mois-de-decembre","status":"publish","type":"post","link":"https:\/\/www.fcgueugnon.fr\/wp\/forgeron-aperam-elisez-le-forgeron-du-mois-de-decembre\/48136","title":{"rendered":"[Forgeron APERAM] \u00c9lisez le Forgeron du mois de D\u00e9cembre"},"content":{"rendered":"\n<h3 class=\"wp-block-heading\">En partenariat avec <strong>APERAM Gueugnon<\/strong>, nous vous proposons d\u00e8s \u00e0 pr\u00e9sent et jusqu&rsquo;au vendredi 31\/12 \u00e0 21h00 d&rsquo;\u00e9lire le <strong>Forgeron APERAM du mois de D\u00e9cembre <\/strong>! <\/h3>\n\n\n\n<p><strong>Leadership, ing\u00e9niosit\u00e9, qualit\u00e9, esprit d&rsquo;\u00e9quipe, combativit\u00e9, agilit\u00e9<\/strong>&#8230; Telles sont les valeurs partag\u00e9es entre le FCG et le site sid\u00e9rurgique embl\u00e9matique de la ville qui reste intimement li\u00e9 au club ! <\/p>\n\n\n\n<div style=\"height:41px\" aria-hidden=\"true\" class=\"wp-block-spacer\"><\/div>\n\n\n\n<p class=\"has-text-align-left\"><em><strong>17<\/strong> forgerons ont jou\u00e9 en match officiel sur ce mois de d\u00e9cembre pour les <strong>matchs <\/strong>contre <a href=\"https:\/\/www.fcgueugnon.fr\/wp\/n3-j09-dijon-fco-b-1-0-fc-gueugnon-resultat\/47961\" target=\"_blank\" rel=\"noreferrer noopener\">Dijon FCO B <\/a>et <a href=\"https:\/\/www.fcgueugnon.fr\/wp\/n3-j10-fc-gueugnon-0-0-saint-apollinaire-resultat\/48077\" target=\"_blank\" rel=\"noreferrer noopener\">St Apollinaire<\/a>. <\/em><br><em>Place \u00e0 vos votes !<\/em><\/p>\n\n\n\n<div class=\"forminator-guttenberg\">[forminator_poll id=\u00a0\u00bb48137&Prime;]<\/div>\n\n\n\n<div style=\"height:39px\" aria-hidden=\"true\" class=\"wp-block-spacer\"><\/div>\n\n\n\n<div class=\"wp-block-getwid-image-box getwid-animation has-text-center has-mobile-layout-default has-mobile-alignment-default\" data-animation=\"tada\"><div class=\"wp-block-getwid-image-box__image-container is-position-top\"><div class=\"wp-block-getwid-image-box__image-wrapper\"><img loading=\"lazy\" decoding=\"async\" width=\"350\" height=\"350\" src=\"https:\/\/www.fcgueugnon.fr\/wp\/wp-content\/uploads\/2021\/11\/Forgeron-Aperam-Visuel-350x350.png\" class=\"wp-block-getwid-image-box__image wp-image-47874\"\/><\/div><\/div><div class=\"wp-block-getwid-image-box__content\">\n<h3 class=\"wp-block-heading\"><\/h3>\n\n\n\n<p><\/p>\n<\/div><\/div>\n","protected":false},"excerpt":{"rendered":"<p>En partenariat avec APERAM Gueugnon, nous vous proposons d\u00e8s \u00e0 pr\u00e9sent et jusqu&rsquo;au vendredi 31\/12 \u00e0 21h00 d&rsquo;\u00e9lire le Forgeron APERAM du mois de D\u00e9cembre ! Leadership, ing\u00e9niosit\u00e9, qualit\u00e9, esprit d&rsquo;\u00e9quipe, combativit\u00e9, agilit\u00e9&#8230; Telles sont les valeurs partag\u00e9es entre le FCG et le site sid\u00e9rurgique embl\u00e9matique de la ville qui reste intimement li\u00e9 au club &#8230; <\/p>\n<p class=\"read-more-container\"><a title=\"[Forgeron APERAM] \u00c9lisez le Forgeron du mois de D\u00e9cembre\" class=\"read-more button\" href=\"https:\/\/www.fcgueugnon.fr\/wp\/forgeron-aperam-elisez-le-forgeron-du-mois-de-decembre\/48136#more-48136\">Lire la suite<span class=\"screen-reader-text\">[Forgeron APERAM] \u00c9lisez le Forgeron du mois de D\u00e9cembre<\/span><\/a><\/p>\n","protected":false},"author":1,"featured_media":47881,"comment_status":"closed","ping_status":"closed","sticky":false,"template":"","format":"standard","meta":{"_coblocks_attr":"","_coblocks_dimensions":"","_coblocks_responsive_height":"","_coblocks_accordion_ie_support":"","footnotes":""},"categories":[542,12],"tags":[109],"_links":{"self":[{"href":"https:\/\/www.fcgueugnon.fr\/wp\/wp-json\/wp\/v2\/posts\/48136"}],"collection":[{"href":"https:\/\/www.fcgueugnon.fr\/wp\/wp-json\/wp\/v2\/posts"}],"about":[{"href":"https:\/\/www.fcgueugnon.fr\/wp\/wp-json\/wp\/v2\/types\/post"}],"author":[{"embeddable":true,"href":"https:\/\/www.fcgueugnon.fr\/wp\/wp-json\/wp\/v2\/users\/1"}],"replies":[{"embeddable":true,"href":"https:\/\/www.fcgueugnon.fr\/wp\/wp-json\/wp\/v2\/comments?post=48136"}],"version-history":[{"count":0,"href":"https:\/\/www.fcgueugnon.fr\/wp\/wp-json\/wp\/v2\/posts\/48136\/revisions"}],"wp:featuredmedia":[{"embeddable":true,"href":"https:\/\/www.fcgueugnon.fr\/wp\/wp-json\/wp\/v2\/media\/47881"}],"wp:attachment":[{"href":"https:\/\/www.fcgueugnon.fr\/wp\/wp-json\/wp\/v2\/media?parent=48136"}],"wp:term":[{"taxonomy":"category","embeddable":true,"href":"https:\/\/www.fcgueugnon.fr\/wp\/wp-json\/wp\/v2\/categories?post=48136"},{"taxonomy":"post_tag","embeddable":true,"href":"https:\/\/www.fcgueugnon.fr\/wp\/wp-json\/wp\/v2\/tags?post=48136"}],"curies":[{"name":"wp","href":"https:\/\/api.w.org\/{rel}","templated":true}]}}