{"id":46387,"date":"2021-09-10T11:28:13","date_gmt":"2021-09-10T09:28:13","guid":{"rendered":"https:\/\/www.fcgueugnon.fr\/wp\/?p=46387"},"modified":"2021-09-12T08:50:54","modified_gmt":"2021-09-12T06:50:54","slug":"n3-j03-fc-gueugnon-fc-grandvillars-avant-match","status":"publish","type":"post","link":"https:\/\/www.fcgueugnon.fr\/wp\/n3-j03-fc-gueugnon-fc-grandvillars-avant-match\/46387","title":{"rendered":"[N3 J03] FC Gueugnon \u2013 FC Grandvillars : Avant-Match"},"content":{"rendered":"\n<h3 class=\"wp-block-heading\"><strong>Apr\u00e8s une victoire et un nul pour d\u00e9marrer ce championnat, les forgerons souhaitent confirmer \u00e0 domicile \u00e0 l&rsquo;occasion de la r\u00e9ception des autres forgerons du FC Grandvillars.<\/strong><\/h3>\n\n\n\n<div class=\"wp-block-getwid-image-box getwid-animation has-text-center has-mobile-layout-default has-mobile-alignment-center\" data-animation=\"zoomSmall\"><div class=\"wp-block-getwid-image-box__image-container is-position-top\"><div class=\"wp-block-getwid-image-box__image-wrapper\"><img loading=\"lazy\" decoding=\"async\" width=\"493\" height=\"700\" src=\"https:\/\/www.fcgueugnon.fr\/wp\/wp-content\/uploads\/2021\/09\/1ere-de-couv-493x700.png\" alt=\"\" class=\"wp-block-getwid-image-box__image wp-image-46376\"\/><\/div><\/div><div class=\"wp-block-getwid-image-box__content\">\n<h3 class=\"wp-block-heading\"><\/h3>\n\n\n\n<p><\/p>\n<\/div><\/div>\n\n\n\n<h3 class=\"wp-block-heading\">&#x1f19a; <em><strong>L&rsquo;adversaire <\/strong><\/em><\/h3>\n\n\n\n<p>Apr\u00e8s une mont\u00e9e historique en 2018-2019 puis une rel\u00e9gation, le <strong>FC Grandvillars <\/strong>a fait son retour en N3 en 2020 !<a href=\"https:\/\/www.fcgueugnon.fr\/wp\/n3-j01-a-la-decouverte-du-fc-grandvillars\/28111\" target=\"_blank\" rel=\"noreferrer noopener\"> Alors que nous avions interview\u00e9 ce promu et homonyme en 2018 (voir article)<\/a>, le club a beaucoup muri depuis ! Avec 330 licenci\u00e9s pour 3000 habitants, les terrifortains ont parfaitement d\u00e9but\u00e9 leur saison avec une victoire 2-1 contre <strong>Valdahon-Vercel<\/strong>.<\/p>\n\n\n\n<p>Si le coach <strong>Christophe Lopes <\/strong>\u00e9voquait dans L\u2019Est R\u00e9publicain que son \u00e9quipe partait \u00ab<em> dans l\u2019inconnu<\/em>&nbsp;\u00bb, il indiquait surtout que son \u00e9quipe avait \u00ab (<em>Nous avons) travaill\u00e9 dur.&nbsp;L\u2019objectif sera d\u2019obtenir notre maintien le plus rapidement possible. Je veux \u00e9viter qu\u2019on soit dans le dur toute la saison&nbsp;\u00bb.<\/em><\/p>\n\n\n\n<p>Au chapitre des mouvements : 7 arriv\u00e9es dont : Albertini, Bangoura, Bermond ou encore Renon pour compenser autant de d\u00e9parts&#8230; La campagne des matchs amicaux fut \u00e9quilibr\u00e9e avec 2 victoires contre Vesoul et Mulhouse pour 3 d\u00e9faites qui faisaient dire au coach qu\u2019il esp\u00e9rait que ses gar\u00e7ons <em>\u00ab&nbsp;r\u00e9coltent le fruit de leur travail&nbsp;<\/em>\u00bb.<br>Du travail non r\u00e9compens\u00e9 lors de la derni\u00e8re journ\u00e9e o\u00f9 malgr\u00e9 un pressing haut, un p\u00e9nalty et une expulsion ont dirig\u00e9 les grandvellais vers une lourde d\u00e9faite 3-0 contre la favori de la poule : le <strong>Racing Besan\u00e7on<\/strong>.<\/p>\n\n\n\n<p><em>Site internet du FC Grandvillars : <\/em><a href=\"https:\/\/www.fcgrandvillars.fr\" target=\"_blank\" rel=\"noreferrer noopener\">www.fcgrandvillars.fr<\/a><\/p>\n\n\n\n<div style=\"height:50px\" aria-hidden=\"true\" class=\"wp-block-spacer\"><\/div>\n\n\n\n<h3 class=\"wp-block-heading\">&#x1f4e3; <em><strong>La d\u00e9cla&rsquo;<\/strong><\/em><\/h3>\n\n\n\n<figure class=\"wp-block-pullquote is-style-default\"><blockquote><p>\u00ab <em><em>C\u2019est une \u00e9quipe <em>qui va lutter pour le maintien. Il va falloir prendre le match par le bon bout et \u00eatre tr\u00e8s s\u00e9rieux pour renouer avec la victoire \u00e0 la maison. Apr\u00e8s les belles prestations contre Sochaux et Montceau,&nbsp;nous devons confirmer contre Grandvillars&nbsp;<\/em>&nbsp;\u00bb<\/em><\/em><\/p><cite><strong><em>Philippe CORREIA<\/em><\/strong> (Coach)<\/cite><\/blockquote><\/figure>\n\n\n\n<div style=\"height:50px\" aria-hidden=\"true\" class=\"wp-block-spacer\"><\/div>\n\n\n\n<h3 class=\"wp-block-heading\">&#x1f7e1;&#x1f535; <em><strong>Le FC Gueugnon<\/strong><\/em><\/h3>\n\n\n\n<p>Le <strong>FC Gueugnon<\/strong>&nbsp;s&rsquo;est offert <a href=\"https:\/\/www.fcgueugnon.fr\/wp\/n3-j02-lederbydu71-fc-montceau-0-3-fc-gueugnon-resultat\/46234\">une victoire sans appel dans <strong>#LeDerbyDu7<\/strong>1 par 3 buts \u00e0 0 face \u00e0 son voisin du FCMB (match \u00e0 revivre en photos et vid\u00e9o sur ce lien)<\/a>. Apr\u00e8s le nul 1-1 en ouverture de saison face \u00e0 la r\u00e9serve du <strong>FC Sochaux-Montb\u00e9liard<\/strong>, qui vient d&rsquo;infliger un 5-0 au FC Paron, les jaunes et bleus veulent confirmer \u00e0 domicile !  <\/p>\n\n\n\n<p>Si Gueugnon avait domin\u00e9 les d\u00e9bats aux alouettes, un long moment d\u2019observation a eu lieu avant que <strong>Franck Revuelta <\/strong>ne redonne de la confiance \u00e0 la demi-heure de jeu en ouvrant le score pour son second but en autant de rencontre. Contre une \u00e9quipe de Grandvillars accrocheuse qui viendra rechercher des points, il faudra \u00eatre pr\u00e9sents d\u00e8s le coup d&rsquo;envoi afin de rester en haut du tableau ! Avec toujours en toile de fond la r\u00e8gle des mutations pour la composition du groupe, les forgerons veulent poursuivre leur lanc\u00e9e comme l&rsquo;\u00e9voquait le coach <strong>Philippe Correia<\/strong> : \u00ab <em>On va continuer \u00e0 se connaitre, il y a encore des choses \u00e0 travailler et on va poursuivre cette mont\u00e9e en puissance<\/em> \u00bb.<\/p>\n\n\n\n<div style=\"height:50px\" aria-hidden=\"true\" class=\"wp-block-spacer\"><\/div>\n\n\n\n<h3 class=\"wp-block-heading\">&#x1f91d; <em><strong>Partenaire du match<\/strong><\/em> : Groupama<\/h3>\n\n\n\n<div class=\"wp-block-getwid-image-box getwid-animation has-text-center has-mobile-layout-default has-mobile-alignment-default\" data-animation=\"zoomSmall\"><div class=\"wp-block-getwid-image-box__image-container is-position-top\"><div class=\"wp-block-getwid-image-box__image-wrapper\"><img loading=\"lazy\" decoding=\"async\" width=\"700\" height=\"700\" src=\"https:\/\/www.fcgueugnon.fr\/wp\/wp-content\/uploads\/2021\/09\/Partenaire-du-match-v2-700x700.png\" class=\"wp-block-getwid-image-box__image wp-image-46365\"\/><\/div><\/div><div class=\"wp-block-getwid-image-box__content\">\n<h3 class=\"wp-block-heading\">\u25ba <a href=\"https:\/\/www.fcgueugnon.fr\/wp\/n3-j03-fc-gueugnon-fc-grandvillars-ballon-du-match-offert-par-merevis-consulting\/46367\" target=\"_blank\" rel=\"noreferrer noopener\">Ballon du match offert par M\u00e9revis Consulting<\/a><\/h3>\n\n\n\n<p><\/p>\n<\/div><\/div>\n\n\n\n<div style=\"height:50px\" aria-hidden=\"true\" class=\"wp-block-spacer\"><\/div>\n\n\n\n<hr class=\"wp-block-separator has-text-color has-background\" style=\"background-color:#f7db4a;color:#f7db4a\"\/>\n\n\n\n<h3 class=\"wp-block-heading\">&#x1f4cd; <strong><em>Les infos pratiques<\/em><\/strong><\/h3>\n\n\n\n<h2 class=\"wp-block-heading\">Billetterie<\/h2>\n\n\n\n<div class=\"wp-block-media-text alignwide is-stacked-on-mobile is-vertically-aligned-center is-style-default\" style=\"grid-template-columns:49% auto\"><figure class=\"wp-block-media-text__media\"><img loading=\"lazy\" decoding=\"async\" width=\"700\" height=\"525\" src=\"https:\/\/www.fcgueugnon.fr\/wp\/wp-content\/uploads\/2020\/09\/billetterie-buvette-2-700x525.jpg\" alt=\"\" class=\"wp-image-42208 size-full\"\/><\/figure><div class=\"wp-block-media-text__content\">\n<p><br><em>Rendez-vous sous la tribune Ouest pour acc\u00e9der au guichet Billetterie puis dans l&rsquo;angle des tribunes Nord et Ouest (c\u00f4t\u00e9 piscine) pour acc\u00e9der au stade.<\/em><\/p>\n<\/div><\/div>\n\n\n\n<div class=\"wp-block-media-text alignwide has-media-on-the-right is-stacked-on-mobile is-vertically-aligned-center is-style-default\" style=\"grid-template-columns:auto 49%\"><figure class=\"wp-block-media-text__media\"><img loading=\"lazy\" decoding=\"async\" width=\"1499\" height=\"680\" src=\"https:\/\/www.fcgueugnon.fr\/wp\/wp-content\/uploads\/2021\/08\/pass-sanitaire.jpg\" alt=\"\" class=\"wp-image-46051 size-full\"\/><\/figure><div class=\"wp-block-media-text__content\">\n<p><br><em>Conform\u00e9ment \u00e0 la l\u00e9gislation, la pr\u00e9sentation du Pass Sanitaire est n\u00e9cessaire pour acc\u00e9der au match.<\/em><\/p>\n\n\n\n<p><em>Nous vous remercions de respecter l&rsquo;ensemble des gestes barri\u00e8res en vigueur \u00e9galement dans le stade.<\/em><\/p>\n<\/div><\/div>\n\n\n\n<h2 class=\"wp-block-heading\">Tarifs<\/h2>\n\n\n\n<ul><li>Plein-tarif : 7\u20ac<\/li><li>Tarif r\u00e9duit : 4\u20ac \u2013 \u00c9tudiants, Demandeurs d\u2019emploi (sur pr\u00e9sentation d\u2019un justificatif ou carte)<\/li><li>Gratuits : licenci\u00e9s FC Gueugnon, -16ans (sur pr\u00e9sentation d\u2019un justificatif ou carte)<\/li><li>Note : Les cartes d&rsquo;abonnements sont \u00e0 regarder au guichet billetterie<\/li><\/ul>\n\n\n\n<div style=\"height:25px\" aria-hidden=\"true\" class=\"wp-block-spacer\"><\/div>\n\n\n\n<p>&#x2139;&#xfe0f; <em><a href=\"https:\/\/www.fcgueugnon.fr\/wp\/club\/infos-pratiques\" target=\"_blank\" rel=\"noreferrer noopener\"><span style=\"text-decoration: underline;\">Acc\u00e8s au stade, buvette, PMR&#8230; Plus d&rsquo;infos pratiques sur \u25ba ce lien<\/span><\/a><\/em><\/p>\n\n\n\n<div style=\"height:50px\" aria-hidden=\"true\" class=\"wp-block-spacer\"><\/div>\n\n\n\n<hr class=\"wp-block-separator has-text-color has-background\" style=\"background-color:#f7db4a;color:#f7db4a\"\/>\n\n\n\n<h3 class=\"wp-block-heading\">&#x26bd; <strong><em>La fiche<\/em><\/strong><\/h3>\n\n\n\n<h4 class=\"wp-block-heading\"><b>NIVEAU NATIONAL : F\u00c9D\u00c9RATION&nbsp;FRAN\u00c7AISE&nbsp;DE FOOTBALL<\/b><br><b>NATIONAL 3 &#8211; J0<\/b><strong>2<\/strong><br>Samedi 11 Septembre 2021 &#8211; 18H00<br>FC GUEUGNON \/ FC GRANDVILLARS<\/h4>\n\n\n\n<p><strong>TERRAIN<\/strong><br>Stade Jean Laville<br>Rue Roger Couderc<br>71130 Gueugnon<\/p>\n\n\n\n<p><strong>SURFACE DE JEU<\/strong><br>Pelouse naturelle<\/p>\n\n\n\n<p><strong>OFFICIELS<\/strong><br>Arbitre centre: ALEXIS GUILLON<br>Arbitre assistant 1: SEBASTIEN FEVRE<br>Arbitre assistant 2: MICHAEL BAUDOT<br>D\u00e9l\u00e9gu\u00e9 principal: PHILIPPE LEJEUNE<\/p>\n\n\n\n<h4 class=\"wp-block-heading\"><strong>Groupe<\/strong><\/h4>\n\n\n\n<figure class=\"wp-block-embed is-type-rich is-provider-instagram wp-block-embed-instagram\"><div class=\"wp-block-embed__wrapper\">\n<div class=\"sbi-embed-wrap\"><blockquote class=\"instagram-media sbi-embed\" data-instgrm-captioned data-instgrm-permalink=\"https:\/\/www.instagram.com\/p\/CTpyYb1rJDn\/?utm_source=ig_embed&amp;utm_campaign=loading\" data-instgrm-version=\"14\" style=\" background:#FFF; border:0; border-radius:3px; box-shadow:0 0 1px 0 rgba(0,0,0,0.5),0 1px 10px 0 rgba(0,0,0,0.15); margin: 1px; max-width:658px; min-width:326px; padding:0; width:99.375%; width:-webkit-calc(100% - 2px); width:calc(100% - 2px);\"><div style=\"padding:16px;\"> <a href=\"https:\/\/www.instagram.com\/p\/CTpyYb1rJDn\/?utm_source=ig_embed&amp;utm_campaign=loading\" style=\" background:#FFFFFF; line-height:0; padding:0 0; text-align:center; text-decoration:none; width:100%;\" target=\"_blank\"> <div style=\" display: flex; flex-direction: row; align-items: center;\"> <div style=\"background-color: #F4F4F4; border-radius: 50%; flex-grow: 0; height: 40px; margin-right: 14px; width: 40px;\"><\/div> <div style=\"display: flex; flex-direction: column; flex-grow: 1; justify-content: center;\"> <div style=\" background-color: #F4F4F4; border-radius: 4px; flex-grow: 0; height: 14px; margin-bottom: 6px; width: 100px;\"><\/div> <div style=\" background-color: #F4F4F4; border-radius: 4px; flex-grow: 0; height: 14px; width: 60px;\"><\/div><\/div><\/div><div style=\"padding: 19% 0;\"><\/div> <div style=\"display:block; height:50px; margin:0 auto 12px; width:50px;\"><svg width=\"50px\" height=\"50px\" viewBox=\"0 0 60 60\" version=\"1.1\" xmlns=\"https:\/\/www.w3.org\/2000\/svg\" xmlns:xlink=\"https:\/\/www.w3.org\/1999\/xlink\"><g stroke=\"none\" stroke-width=\"1\" fill=\"none\" fill-rule=\"evenodd\"><g transform=\"translate(-511.000000, -20.000000)\" fill=\"#000000\"><g><path d=\"M556.869,30.41 C554.814,30.41 553.148,32.076 553.148,34.131 C553.148,36.186 554.814,37.852 556.869,37.852 C558.924,37.852 560.59,36.186 560.59,34.131 C560.59,32.076 558.924,30.41 556.869,30.41 M541,60.657 C535.114,60.657 530.342,55.887 530.342,50 C530.342,44.114 535.114,39.342 541,39.342 C546.887,39.342 551.658,44.114 551.658,50 C551.658,55.887 546.887,60.657 541,60.657 M541,33.886 C532.1,33.886 524.886,41.1 524.886,50 C524.886,58.899 532.1,66.113 541,66.113 C549.9,66.113 557.115,58.899 557.115,50 C557.115,41.1 549.9,33.886 541,33.886 M565.378,62.101 C565.244,65.022 564.756,66.606 564.346,67.663 C563.803,69.06 563.154,70.057 562.106,71.106 C561.058,72.155 560.06,72.803 558.662,73.347 C557.607,73.757 556.021,74.244 553.102,74.378 C549.944,74.521 548.997,74.552 541,74.552 C533.003,74.552 532.056,74.521 528.898,74.378 C525.979,74.244 524.393,73.757 523.338,73.347 C521.94,72.803 520.942,72.155 519.894,71.106 C518.846,70.057 518.197,69.06 517.654,67.663 C517.244,66.606 516.755,65.022 516.623,62.101 C516.479,58.943 516.448,57.996 516.448,50 C516.448,42.003 516.479,41.056 516.623,37.899 C516.755,34.978 517.244,33.391 517.654,32.338 C518.197,30.938 518.846,29.942 519.894,28.894 C520.942,27.846 521.94,27.196 523.338,26.654 C524.393,26.244 525.979,25.756 528.898,25.623 C532.057,25.479 533.004,25.448 541,25.448 C548.997,25.448 549.943,25.479 553.102,25.623 C556.021,25.756 557.607,26.244 558.662,26.654 C560.06,27.196 561.058,27.846 562.106,28.894 C563.154,29.942 563.803,30.938 564.346,32.338 C564.756,33.391 565.244,34.978 565.378,37.899 C565.522,41.056 565.552,42.003 565.552,50 C565.552,57.996 565.522,58.943 565.378,62.101 M570.82,37.631 C570.674,34.438 570.167,32.258 569.425,30.349 C568.659,28.377 567.633,26.702 565.965,25.035 C564.297,23.368 562.623,22.342 560.652,21.575 C558.743,20.834 556.562,20.326 553.369,20.18 C550.169,20.033 549.148,20 541,20 C532.853,20 531.831,20.033 528.631,20.18 C525.438,20.326 523.257,20.834 521.349,21.575 C519.376,22.342 517.703,23.368 516.035,25.035 C514.368,26.702 513.342,28.377 512.574,30.349 C511.834,32.258 511.326,34.438 511.181,37.631 C511.035,40.831 511,41.851 511,50 C511,58.147 511.035,59.17 511.181,62.369 C511.326,65.562 511.834,67.743 512.574,69.651 C513.342,71.625 514.368,73.296 516.035,74.965 C517.703,76.634 519.376,77.658 521.349,78.425 C523.257,79.167 525.438,79.673 528.631,79.82 C531.831,79.965 532.853,80.001 541,80.001 C549.148,80.001 550.169,79.965 553.369,79.82 C556.562,79.673 558.743,79.167 560.652,78.425 C562.623,77.658 564.297,76.634 565.965,74.965 C567.633,73.296 568.659,71.625 569.425,69.651 C570.167,67.743 570.674,65.562 570.82,62.369 C570.966,59.17 571,58.147 571,50 C571,41.851 570.966,40.831 570.82,37.631\"><\/path><\/g><\/g><\/g><\/svg><\/div><div style=\"padding-top: 8px;\"> <div style=\" color:#3897f0; font-family:Arial,sans-serif; font-size:14px; font-style:normal; font-weight:550; line-height:18px;\">View this post on Instagram<\/div><\/div><div style=\"padding: 12.5% 0;\"><\/div> <div style=\"display: flex; flex-direction: row; margin-bottom: 14px; align-items: center;\"><div> <div style=\"background-color: #F4F4F4; border-radius: 50%; height: 12.5px; width: 12.5px; transform: translateX(0px) translateY(7px);\"><\/div> <div style=\"background-color: #F4F4F4; height: 12.5px; transform: rotate(-45deg) translateX(3px) translateY(1px); width: 12.5px; flex-grow: 0; margin-right: 14px; margin-left: 2px;\"><\/div> <div style=\"background-color: #F4F4F4; border-radius: 50%; height: 12.5px; width: 12.5px; transform: translateX(9px) translateY(-18px);\"><\/div><\/div><div style=\"margin-left: 8px;\"> <div style=\" background-color: #F4F4F4; border-radius: 50%; flex-grow: 0; height: 20px; width: 20px;\"><\/div> <div style=\" width: 0; height: 0; border-top: 2px solid transparent; border-left: 6px solid #f4f4f4; border-bottom: 2px solid transparent; transform: translateX(16px) translateY(-4px) rotate(30deg)\"><\/div><\/div><div style=\"margin-left: auto;\"> <div style=\" width: 0px; border-top: 8px solid #F4F4F4; border-right: 8px solid transparent; transform: translateY(16px);\"><\/div> <div style=\" background-color: #F4F4F4; flex-grow: 0; height: 12px; width: 16px; transform: translateY(-4px);\"><\/div> <div style=\" width: 0; height: 0; border-top: 8px solid #F4F4F4; border-left: 8px solid transparent; transform: translateY(-4px) translateX(8px);\"><\/div><\/div><\/div> <div style=\"display: flex; flex-direction: column; flex-grow: 1; justify-content: center; margin-bottom: 24px;\"> <div style=\" background-color: #F4F4F4; border-radius: 4px; flex-grow: 0; height: 14px; margin-bottom: 6px; width: 224px;\"><\/div> <div style=\" background-color: #F4F4F4; border-radius: 4px; flex-grow: 0; height: 14px; width: 144px;\"><\/div><\/div><\/a><p style=\" color:#c9c8cd; font-family:Arial,sans-serif; font-size:14px; line-height:17px; margin-bottom:0; margin-top:8px; overflow:hidden; padding:8px 0 7px; text-align:center; text-overflow:ellipsis; white-space:nowrap;\"><a href=\"https:\/\/www.instagram.com\/p\/CTpyYb1rJDn\/?utm_source=ig_embed&amp;utm_campaign=loading\" style=\" color:#c9c8cd; font-family:Arial,sans-serif; font-size:14px; font-style:normal; font-weight:normal; line-height:17px; text-decoration:none;\" target=\"_blank\">A post shared by FC Gueugnon (@fcgueugnon)<\/a><\/p><\/div><\/blockquote><script async src=\"\/\/platform.instagram.com\/en_US\/embeds.js\"><\/script><\/div>\n<\/div><\/figure>\n\n\n\n<div style=\"height:50px\" aria-hidden=\"true\" class=\"wp-block-spacer\"><\/div>\n\n\n\n<h3 class=\"wp-block-heading\">&#x1f5d3; <strong>La 3e journ\u00e9e de N3 BFC<\/strong><\/h3>\n\n\n\n<p>SAMEDI 11 SEPTEMBRE 2021<br>16h00 : Paron FC \/ Montceau-les-Mines<br>17h00 : St Apollinaire \/ Besancon Foot<br>18h00 : Morteau Montlebon \/ Pontarlier<br>18h00 : Gueugnon \/ Grandvillars<br>18h00 : Racing Besancon \/ Jura Dolois<\/p>\n\n\n\n<p>DIMANCHE 12 SEPTEMBRE 2021<br>15h00 : Dijon B \/ Sochaux B<br>15h00 : Valdahon Vercel \/ Is Selongey<\/p>\n\n\n\n<p><br><br><\/p>\n\n\n\n<h3 class=\"wp-block-heading\">&nbsp;<\/h3>\n\n\n\n<p><\/p>\n","protected":false},"excerpt":{"rendered":"<p>Apr\u00e8s une victoire et un nul pour d\u00e9marrer ce championnat, les forgerons souhaitent confirmer \u00e0 domicile \u00e0 l&rsquo;occasion de la r\u00e9ception des autres forgerons du FC Grandvillars. &#x1f19a; L&rsquo;adversaire Apr\u00e8s une mont\u00e9e historique en 2018-2019 puis une rel\u00e9gation, le FC Grandvillars a fait son retour en N3 en 2020 ! Alors que nous avions interview\u00e9 &#8230; <\/p>\n<p class=\"read-more-container\"><a title=\"[N3 J03] FC Gueugnon \u2013 FC Grandvillars : Avant-Match\" class=\"read-more button\" href=\"https:\/\/www.fcgueugnon.fr\/wp\/n3-j03-fc-gueugnon-fc-grandvillars-avant-match\/46387#more-46387\">Lire la suite<span class=\"screen-reader-text\">[N3 J03] FC Gueugnon \u2013 FC Grandvillars : Avant-Match<\/span><\/a><\/p>\n","protected":false},"author":1,"featured_media":46391,"comment_status":"closed","ping_status":"closed","sticky":false,"template":"","format":"standard","meta":{"_coblocks_attr":"","_coblocks_dimensions":"","_coblocks_responsive_height":"","_coblocks_accordion_ie_support":"","footnotes":""},"categories":[542,12],"tags":[150],"_links":{"self":[{"href":"https:\/\/www.fcgueugnon.fr\/wp\/wp-json\/wp\/v2\/posts\/46387"}],"collection":[{"href":"https:\/\/www.fcgueugnon.fr\/wp\/wp-json\/wp\/v2\/posts"}],"about":[{"href":"https:\/\/www.fcgueugnon.fr\/wp\/wp-json\/wp\/v2\/types\/post"}],"author":[{"embeddable":true,"href":"https:\/\/www.fcgueugnon.fr\/wp\/wp-json\/wp\/v2\/users\/1"}],"replies":[{"embeddable":true,"href":"https:\/\/www.fcgueugnon.fr\/wp\/wp-json\/wp\/v2\/comments?post=46387"}],"version-history":[{"count":0,"href":"https:\/\/www.fcgueugnon.fr\/wp\/wp-json\/wp\/v2\/posts\/46387\/revisions"}],"wp:featuredmedia":[{"embeddable":true,"href":"https:\/\/www.fcgueugnon.fr\/wp\/wp-json\/wp\/v2\/media\/46391"}],"wp:attachment":[{"href":"https:\/\/www.fcgueugnon.fr\/wp\/wp-json\/wp\/v2\/media?parent=46387"}],"wp:term":[{"taxonomy":"category","embeddable":true,"href":"https:\/\/www.fcgueugnon.fr\/wp\/wp-json\/wp\/v2\/categories?post=46387"},{"taxonomy":"post_tag","embeddable":true,"href":"https:\/\/www.fcgueugnon.fr\/wp\/wp-json\/wp\/v2\/tags?post=46387"}],"curies":[{"name":"wp","href":"https:\/\/api.w.org\/{rel}","templated":true}]}}