{"id":46245,"date":"2021-09-05T19:44:30","date_gmt":"2021-09-05T17:44:30","guid":{"rendered":"https:\/\/www.fcgueugnon.fr\/wp\/?p=46245"},"modified":"2021-09-05T19:44:32","modified_gmt":"2021-09-05T17:44:32","slug":"offre-demploi-recrutement-au-fc-gueugnon","status":"publish","type":"post","link":"https:\/\/www.fcgueugnon.fr\/wp\/offre-demploi-recrutement-au-fc-gueugnon\/46245","title":{"rendered":"[Offre d&#8217;emploi] Recrutement au FC Gueugnon"},"content":{"rendered":"\n<h3 class=\"wp-block-heading\">Afin d&rsquo;accompagner le d\u00e9veloppement du club, le FCG recherche diff\u00e9rents postes pour la saison en cours : <\/h3>\n\n\n\n<div style=\"height:24px\" aria-hidden=\"true\" class=\"wp-block-spacer\"><\/div>\n\n\n\n<p><strong><strong><em><u>[OFFRE D\u2019EMPLOI]\u00a0: Recrutement d\u2019un(e) volontaire en service civique \u2013 Lutte contre les incivilit\u00e9s<\/u><\/em><\/strong><\/strong><\/p>\n\n\n\n<ul class=\"is-style-checkbox\"><li><strong>O\u00f9<\/strong>\u00a0: FC Gueugnon (71 \u2013 Sa\u00f4ne-et-Loire \u2013 Bourgogne)<\/li><li><strong>Quel domaine<\/strong>\u00a0: Sport et citoyennet\u00e9<\/li><li><strong>Quand\u00a0<\/strong>: Prise de poste imm\u00e9diate pour une dur\u00e9e de 8 mois \u00e0 raison de 24h \/ semaine<\/li><li><strong>Quoi\u00a0<\/strong>: Le volontaire aura pour mission de\u00a0:<br><em>> Mettre en place des proc\u00e9dures pour r\u00e9duire les occasions de commettre des incivilit\u00e9s<\/em><br><em>> Sensibiliser les jeunes \u00e0 la lutte contre la violence, l\u2019exclusion et les incivilit\u00e9s<\/em><br><em>> R\u00e9fl\u00e9chir \u00e0 la mise en \u0153uvre d\u2019animations tout public (EHPAD par exemple)<\/em><br><em>> Avoir un r\u00f4le d\u2019\u00e9coute et d\u2019accompagnement vis-\u00e0-vis des jeunes et de leurs parents<\/em><br><em>> Se consacrer \u00e0 un aspect sp\u00e9cifique de l\u2019\u00e9ducation des jeunes en accordant un aspect sp\u00e9cifique au respect des valeurs de coh\u00e9sion, de solidarit\u00e9, de vie en groupe.<\/em><\/li><\/ul>\n\n\n\n<ul class=\"is-style-checkbox\"><li><em><strong>Pour rappel, les candidats volontaires devront \u00eatre \u00e2g\u00e9s de 16 \u00e0 25 ans et jusqu\u2019\u00e0 30 ans pour les personnes en situation de handicap<\/strong><\/em><\/li><\/ul>\n\n\n\n<p><strong>Merci de transmettre votre candidature sur gueugnon.fc@lbfc-foot.fr<\/strong><\/p>\n\n\n\n<div class=\"wp-block-buttons is-layout-flex wp-block-buttons-is-layout-flex\">\n<div class=\"wp-block-button is-style-3d\"><a class=\"wp-block-button__link\" href=\"https:\/\/www.fcgueugnon.fr\/wp\/wp-content\/uploads\/2021\/09\/Offres-FC-Gueugnon-Lutte-incivilites.pdf\" target=\"_blank\" rel=\"noreferrer noopener\">T\u00e9l\u00e9charger la Fiche de Poste<\/a><\/div>\n<\/div>\n\n\n\n<hr class=\"wp-block-separator\"\/>\n\n\n\n<div style=\"height:30px\" aria-hidden=\"true\" class=\"wp-block-spacer\"><\/div>\n\n\n\n<p><strong><strong><em><u><strong><em><u>[OFFRE D\u2019EMPLOI]\u00a0: Recrutement d\u2019un(e) volontaire en service civique \u2013 Ambassadeur du football f\u00e9minin<\/u><\/em><\/strong><\/u><\/em><\/strong><\/strong><\/p>\n\n\n\n<ul class=\"is-style-checkbox\"><li><strong>O\u00f9<\/strong>\u00a0: FC Gueugnon (71 \u2013 Sa\u00f4ne-et-Loire \u2013 Bourgogne)<\/li><li><strong>Quel domaine<\/strong>\u00a0: Sport f\u00e9minin<\/li><li><strong>Quand\u00a0<\/strong>: Prise de poste imm\u00e9diate pour une dur\u00e9e de 8 mois \u00e0 raison de 24h \/ semaine<\/li><li><strong>Quoi\u00a0<\/strong>: Le volontaire aura pour mission de\u00a0:<br>> Promotion du football f\u00e9minin<br>> Intervenir dans les \u00e9coles primaires dans le cadre des activit\u00e9s p\u00e9riscolaires en soutien de l\u2019\u00e9ducateur<br>> Participer \u00e0 la mise en place de portes ouvertes et de journ\u00e9es d\u00e9couvertes dans le cadre de la semaine du football f\u00e9minin<br>> Sur les cat\u00e9gories jeunes, aide \u00e0 l\u2019\u00e9ducateur pour l\u2019organisation de matchs et de plateaux<\/li><\/ul>\n\n\n\n<ul class=\"is-style-checkbox\"><li><em><strong>Pour rappel, les candidats volontaires devront \u00eatre \u00e2g\u00e9s de 16 \u00e0 25 ans et jusqu\u2019\u00e0 30 ans pour les personnes en situation de handicap<\/strong><\/em><\/li><\/ul>\n\n\n\n<p><strong>Merci de transmettre votre candidature sur gueugnon.fc@lbfc-foot.fr<\/strong><\/p>\n\n\n\n<div class=\"wp-block-buttons is-layout-flex wp-block-buttons-is-layout-flex\">\n<div class=\"wp-block-button is-style-3d\"><a class=\"wp-block-button__link\" href=\"https:\/\/www.fcgueugnon.fr\/wp\/wp-content\/uploads\/2021\/09\/Offres-FC-Gueugnon-Foot-feminin.pdf\" target=\"_blank\" rel=\"noreferrer noopener\">T\u00e9l\u00e9charger la Fiche de Poste<\/a><\/div>\n<\/div>\n\n\n\n<div style=\"height:30px\" aria-hidden=\"true\" class=\"wp-block-spacer\"><\/div>\n\n\n\n<hr class=\"wp-block-separator\"\/>\n\n\n\n<p><strong><strong><em><u><strong><em><u>[OFFRE D\u2019EMPLOI]\u00a0: 2 SERVEURS (F\/H) EN INTERIM<\/u><\/em><\/strong><\/u><\/em><\/strong><\/strong><\/p>\n\n\n\n<ul class=\"is-style-checkbox\"><li><strong>O\u00f9<\/strong>\u00a0: FC Gueugnon (71 \u2013 Sa\u00f4ne-et-Loire \u2013 Bourgogne)<\/li><li><strong>Quel domaine<\/strong>\u00a0: Serveur (H\/F)<\/li><li><strong>Dur\u00e9e<\/strong>: 6 mois<\/li><li><strong>Quoi\u00a0<\/strong>: En collaboration avec l&rsquo;\u00e9quipe d\u00e9j\u00e0 en place, vos missions seront la mise en place, le service et le nettoyage des tables lors des matchs du club. <br>Vous devez \u00eatre disponibles lors des diff\u00e9rentes manifestations sur toutes la saison 2021\/2022.<\/li><\/ul>\n\n\n\n<p>\u25ba <strong><a href=\"https:\/\/www.randstad.fr\/offre\/001-chc-0002239_01c\/serveur_f_h_\/\" target=\"_blank\" rel=\"noreferrer noopener\">Merci de transmettre votre candidature via l&rsquo;agence Randstad de La Clayette<\/a><\/strong><\/p>\n\n\n\n<div class=\"wp-block-buttons is-layout-flex wp-block-buttons-is-layout-flex\">\n<div class=\"wp-block-button is-style-3d\"><a class=\"wp-block-button__link\" href=\"https:\/\/www.randstad.fr\/offre\/001-chc-0002239_01c\/serveur_f_h_\/\" target=\"_blank\" rel=\"noreferrer noopener\">Postuler \u00e0 l&rsquo;offre sur Randstad<\/a><\/div>\n<\/div>\n\n\n\n<div style=\"height:70px\" aria-hidden=\"true\" class=\"wp-block-spacer\"><\/div>\n\n\n\n<p><\/p>\n","protected":false},"excerpt":{"rendered":"<p>Afin d&rsquo;accompagner le d\u00e9veloppement du club, le FCG recherche diff\u00e9rents postes pour la saison en cours : [OFFRE D\u2019EMPLOI]\u00a0: Recrutement d\u2019un(e) volontaire en service civique \u2013 Lutte contre les incivilit\u00e9s O\u00f9\u00a0: FC Gueugnon (71 \u2013 Sa\u00f4ne-et-Loire \u2013 Bourgogne) Quel domaine\u00a0: Sport et citoyennet\u00e9 Quand\u00a0: Prise de poste imm\u00e9diate pour une dur\u00e9e de 8 mois \u00e0 &#8230; <\/p>\n<p class=\"read-more-container\"><a title=\"[Offre d&#8217;emploi] Recrutement au FC Gueugnon\" class=\"read-more button\" href=\"https:\/\/www.fcgueugnon.fr\/wp\/offre-demploi-recrutement-au-fc-gueugnon\/46245#more-46245\">Lire la suite<span class=\"screen-reader-text\">[Offre d&#8217;emploi] Recrutement au FC Gueugnon<\/span><\/a><\/p>\n","protected":false},"author":1,"featured_media":46246,"comment_status":"closed","ping_status":"closed","sticky":false,"template":"","format":"standard","meta":{"_coblocks_attr":"","_coblocks_dimensions":"","_coblocks_responsive_height":"","_coblocks_accordion_ie_support":"","footnotes":""},"categories":[542,12],"tags":[146],"_links":{"self":[{"href":"https:\/\/www.fcgueugnon.fr\/wp\/wp-json\/wp\/v2\/posts\/46245"}],"collection":[{"href":"https:\/\/www.fcgueugnon.fr\/wp\/wp-json\/wp\/v2\/posts"}],"about":[{"href":"https:\/\/www.fcgueugnon.fr\/wp\/wp-json\/wp\/v2\/types\/post"}],"author":[{"embeddable":true,"href":"https:\/\/www.fcgueugnon.fr\/wp\/wp-json\/wp\/v2\/users\/1"}],"replies":[{"embeddable":true,"href":"https:\/\/www.fcgueugnon.fr\/wp\/wp-json\/wp\/v2\/comments?post=46245"}],"version-history":[{"count":0,"href":"https:\/\/www.fcgueugnon.fr\/wp\/wp-json\/wp\/v2\/posts\/46245\/revisions"}],"wp:featuredmedia":[{"embeddable":true,"href":"https:\/\/www.fcgueugnon.fr\/wp\/wp-json\/wp\/v2\/media\/46246"}],"wp:attachment":[{"href":"https:\/\/www.fcgueugnon.fr\/wp\/wp-json\/wp\/v2\/media?parent=46245"}],"wp:term":[{"taxonomy":"category","embeddable":true,"href":"https:\/\/www.fcgueugnon.fr\/wp\/wp-json\/wp\/v2\/categories?post=46245"},{"taxonomy":"post_tag","embeddable":true,"href":"https:\/\/www.fcgueugnon.fr\/wp\/wp-json\/wp\/v2\/tags?post=46245"}],"curies":[{"name":"wp","href":"https:\/\/api.w.org\/{rel}","templated":true}]}}