{"id":45237,"date":"2021-06-15T17:47:00","date_gmt":"2021-06-15T15:47:00","guid":{"rendered":"https:\/\/www.fcgueugnon.fr\/wp\/?p=45237"},"modified":"2021-06-15T14:38:25","modified_gmt":"2021-06-15T12:38:25","slug":"mercato-jason-luanda-un-attaquant-experimente-a-signe","status":"publish","type":"post","link":"https:\/\/www.fcgueugnon.fr\/wp\/mercato-jason-luanda-un-attaquant-experimente-a-signe\/45237","title":{"rendered":"[Mercato] Jason Luanda, un attaquant exp\u00e9riment\u00e9 a sign\u00e9 !"},"content":{"rendered":"\n<h3 class=\"has-text-align-left wp-block-heading\"><strong>Le directeur sportif Richard Trivino annonce l&rsquo;arriv\u00e9e de Jason Luanda, excentr\u00e9 de 28 ans en provenance du FC Bayeux (National 3).<\/strong><\/h3>\n\n\n\n<iframe loading=\"lazy\" width=\"1200\" height=\"675\" src=\"https:\/\/www.youtube.com\/embed\/k-KVPKDzWuo\" title=\"YouTube video player\" frameborder=\"0\" allow=\"accelerometer; autoplay; clipboard-write; encrypted-media; gyroscope; picture-in-picture\" allowfullscreen><\/iframe>\n\n\n\n<div style=\"height:30px\" aria-hidden=\"true\" class=\"wp-block-spacer\"><\/div>\n\n\n\n<h3 class=\"western wp-block-heading\"><strong>Jason Luanda, Attaquant &#8211; 28 ans (1m83 &#8211; 83kg)<\/strong> <\/h3>\n\n\n\n<p>Jason a \u00e9t\u00e9 form\u00e9 au RC Pacy-M\u00e9nilles jusqu\u2019en U19, club qui \u00e9voluait alors en National 2. Joueur puissant et avec de grandes capacit\u00e9s de percussion, l&rsquo;attaquant Eurois a acquis une solide exp\u00e9rience en R\u00e9gional 1 puis en National 3. <\/p>\n\n\n\n<p>\u00c0 tout juste 20 ans, il int\u00e8gre le SPN Vernon, club dans lequel il restera 5 saisons. Par la suite, il rejoint le Stade Sottevillais puis le FC Dieppe. Ce choix de carri\u00e8re lui permet de remporter 2 Coupes de Normandie, et de d\u00e9couvrir le championnat National 3. La saison derni\u00e8re, Jason \u00e9voluait sous les couleurs du FC Bayeux (National 3). De par ses exp\u00e9riences pass\u00e9es, il va apporter de la maturit\u00e9 au groupe forgeron.<\/p>\n\n\n\n<p>Bienvenue \u00e0 Gueugnon Jason !<\/p>\n\n\n\n<div style=\"height:30px\" aria-hidden=\"true\" class=\"wp-block-spacer\"><\/div>\n\n\n\n<div class=\"wp-block-image\"><figure class=\"aligncenter size-large is-resized\"><img loading=\"lazy\" decoding=\"async\" src=\"https:\/\/www.fcgueugnon.fr\/wp\/wp-content\/uploads\/2021\/06\/JASON-LUANGA-700x394.png\" alt=\"\" class=\"wp-image-45235\" width=\"1200\" height=\"675\"\/><\/figure><\/div>\n\n\n\n<div style=\"height:30px\" aria-hidden=\"true\" class=\"wp-block-spacer\"><\/div>\n\n\n\n<h3 class=\"wp-block-heading\"><strong>La r\u00e9action de Richard TRIVINO, Directeur Sportif<\/strong><\/h3>\n\n\n\n<div class=\"wp-block-image\"><figure class=\"aligncenter\"><a href=\"https:\/\/www.fcgueugnon.fr\/wp\/wp-content\/uploads\/2020\/09\/Richard-Trivino.png\"><img loading=\"lazy\" decoding=\"async\" width=\"242\" height=\"350\" src=\"https:\/\/www.fcgueugnon.fr\/wp\/wp-content\/uploads\/2020\/09\/Richard-Trivino-242x350.png\" alt=\"\" class=\"wp-image-42346\"\/><\/a><\/figure><\/div>\n\n\n\n<p><em>\u00ab Jason est un joueur puissant qui a une grosse capacit\u00e9 de percussion. Il occupe le poste d&rsquo;excentr\u00e9 et va rentrer dans notre concurrence offensive. C&rsquo;est un joueur d&rsquo;exp\u00e9rience et de devoir qui va apporter de la maturit\u00e9 dans notre effectif. \u00bb<\/em><\/p>\n\n\n\n<p class=\"has-text-align-center\">&#8212;<\/p>\n\n\n\n<h3 class=\"wp-block-heading\"><strong><em>R\u00e9capitulatif des transferts (saison 2021-2022) :<\/em><\/strong><\/h3>\n\n\n\n<p>Arriv\u00e9es : <a href=\"https:\/\/www.fcgueugnon.fr\/wp\/mercato-charles-houla-est-la-premiere-recrue-gueugnonnaise\/45004\">Charles HOULA (Bangkok FC)<\/a> ; <a href=\"https:\/\/www.fcgueugnon.fr\/wp\/mercato-marly-rampont\/45019\">Marly RAMPONT (Stade Poitevin FC)<\/a> ; <a href=\"https:\/\/www.fcgueugnon.fr\/wp\/mercato-erwan-mbock-nouvel-attaquant-du-fcg\/45146\">Erwan MBOCK (Stade Briochin)<\/a> ; <a href=\"https:\/\/www.fcgueugnon.fr\/wp\/mercato-hamza-boudjemaa-integre-le-fc-gueugnon\/45224\">Hamza BOUDJEMAA (US Torcy)<\/a> ; <a href=\"https:\/\/www.fcgueugnon.fr\/wp\/mercato-ronaldinho-magalhaes-nouveau-renfort-du-fcg\/45238\">Ronaldinho MAGALHAES (US Orl\u00e9ans)<\/a> ; Jason LUANDA (FC Bayeux)<\/p>\n\n\n\n<p>D\u00e9parts :&nbsp;Ibrahima DIAKIT\u00c9 (Jura Dolois) ; Axel DUDOIT (AS VITR\u00c9)<span class=\"_5yl5\"><br><\/span><\/p>\n\n\n\n<h3 class=\"wp-block-heading\">\u25ba <strong><em><a href=\"https:\/\/www.fcgueugnon.fr\/wp\/tag\/mercato-2021\">Retrouvez toute l&rsquo;actu mercato du FCG sur ce lien<\/a><\/em><\/strong><\/h3>\n","protected":false},"excerpt":{"rendered":"<p>Le directeur sportif Richard Trivino annonce l&rsquo;arriv\u00e9e de Jason Luanda, excentr\u00e9 de 28 ans en provenance du FC Bayeux (National 3). Jason Luanda, Attaquant &#8211; 28 ans (1m83 &#8211; 83kg) Jason a \u00e9t\u00e9 form\u00e9 au RC Pacy-M\u00e9nilles jusqu\u2019en U19, club qui \u00e9voluait alors en National 2. Joueur puissant et avec de grandes capacit\u00e9s de percussion, &#8230; <\/p>\n<p class=\"read-more-container\"><a title=\"[Mercato] Jason Luanda, un attaquant exp\u00e9riment\u00e9 a sign\u00e9 !\" class=\"read-more button\" href=\"https:\/\/www.fcgueugnon.fr\/wp\/mercato-jason-luanda-un-attaquant-experimente-a-signe\/45237#more-45237\">Lire la suite<span class=\"screen-reader-text\">[Mercato] Jason Luanda, un attaquant exp\u00e9riment\u00e9 a sign\u00e9 !<\/span><\/a><\/p>\n","protected":false},"author":14,"featured_media":45235,"comment_status":"closed","ping_status":"closed","sticky":true,"template":"","format":"standard","meta":{"_coblocks_attr":"","_coblocks_dimensions":"","_coblocks_responsive_height":"","_coblocks_accordion_ie_support":"","footnotes":""},"categories":[542,12],"tags":[99,541,107],"_links":{"self":[{"href":"https:\/\/www.fcgueugnon.fr\/wp\/wp-json\/wp\/v2\/posts\/45237"}],"collection":[{"href":"https:\/\/www.fcgueugnon.fr\/wp\/wp-json\/wp\/v2\/posts"}],"about":[{"href":"https:\/\/www.fcgueugnon.fr\/wp\/wp-json\/wp\/v2\/types\/post"}],"author":[{"embeddable":true,"href":"https:\/\/www.fcgueugnon.fr\/wp\/wp-json\/wp\/v2\/users\/14"}],"replies":[{"embeddable":true,"href":"https:\/\/www.fcgueugnon.fr\/wp\/wp-json\/wp\/v2\/comments?post=45237"}],"version-history":[{"count":0,"href":"https:\/\/www.fcgueugnon.fr\/wp\/wp-json\/wp\/v2\/posts\/45237\/revisions"}],"wp:featuredmedia":[{"embeddable":true,"href":"https:\/\/www.fcgueugnon.fr\/wp\/wp-json\/wp\/v2\/media\/45235"}],"wp:attachment":[{"href":"https:\/\/www.fcgueugnon.fr\/wp\/wp-json\/wp\/v2\/media?parent=45237"}],"wp:term":[{"taxonomy":"category","embeddable":true,"href":"https:\/\/www.fcgueugnon.fr\/wp\/wp-json\/wp\/v2\/categories?post=45237"},{"taxonomy":"post_tag","embeddable":true,"href":"https:\/\/www.fcgueugnon.fr\/wp\/wp-json\/wp\/v2\/tags?post=45237"}],"curies":[{"name":"wp","href":"https:\/\/api.w.org\/{rel}","templated":true}]}}