{"id":43577,"date":"2020-12-02T17:53:05","date_gmt":"2020-12-02T16:53:05","guid":{"rendered":"https:\/\/www.fcgueugnon.fr\/wp\/?p=43577"},"modified":"2020-12-02T17:55:08","modified_gmt":"2020-12-02T16:55:08","slug":"academie-le-fc-gueugnon-ouvre-les-portes-de-son-ecole-de-football","status":"publish","type":"post","link":"https:\/\/www.fcgueugnon.fr\/wp\/academie-le-fc-gueugnon-ouvre-les-portes-de-son-ecole-de-football\/43577","title":{"rendered":"[Acad\u00e9mie] Le FC Gueugnon ouvre les portes de son \u00c9cole de Football !"},"content":{"rendered":"<p style=\"text-align: justify;\"><strong>Le FC Gueugnon ouvre ses portes aux gar\u00e7ons n\u00e9s entre 2010 et 2015 et aux filles<span class=\"_5mfr _47e3\"><span class=\"_7oe\">\u00a0n\u00e9es entre 2007 et 2015<\/span><\/span>.\u00a0<\/strong><strong>Allez \u00e0 la rencontre de notre club, nos installations et nos \u00e9ducateurs !<\/strong><\/p>\n<p style=\"text-align: justify;\">D\u00e9couvrez et aimez le football avec le FC Gueugnon. Accompagn\u00e9s d\u2019\u00e9ducateurs dipl\u00f4m\u00e9s, diff\u00e9rents ateliers, jeux et animations seront au programme. Ils permettront \u00e0 votre enfant de s\u2019\u00e9talonner \u00e0 travers une s\u00e9ance consacr\u00e9e au football sur les terrains de la plaine du Vieux-Fresne.<\/p>\n<p>N\u2019h\u00e9sitez pas \u00e0 faire passer le message \u00e0 votre entourage. Les mercredis 9 et 16 D\u00e9cembre, le rendez-vous est fix\u00e9 \u00e0 la plaine du Vieux-Fresne \u00e0 14h00.<\/p>\n<p><a href=\"https:\/\/www.fcgueugnon.fr\/wp\/wp-content\/uploads\/2020\/12\/Portes-ouvertes-9-12.png\"><img loading=\"lazy\" decoding=\"async\" class=\"aligncenter size-large wp-image-43579\" src=\"https:\/\/www.fcgueugnon.fr\/wp\/wp-content\/uploads\/2020\/12\/Portes-ouvertes-9-12-498x700.png\" alt=\"\" width=\"498\" height=\"700\" \/><\/a><\/p>\n<p style=\"text-align: justify;\">Le FC Gueugnon, reconnu pour sa formation, a obtenu le <strong>label Jeunes Excellence <\/strong>ainsi que le<strong> label \u00c9cole F\u00e9minine de Football.<\/strong> Ces distinctions viennent r\u00e9compenser le s\u00e9rieux et le travail fournis par le club depuis plusieurs saisons sur les aspects associatifs, \u00e9ducatifs, sportifs, et sur la comp\u00e9tence de notre encadrement. <br \/>D\u00e9livr\u00e9es par la F\u00e9d\u00e9ration Fran\u00e7aise de Football, elles sont gages de qualit\u00e9 en terme de <strong>formation et d\u2019\u00e9ducation<\/strong>\u00a0des jeunes footballeurs.<\/p>\n<p style=\"text-align: justify;\"><b><\/b><strong>Renseignements et inscriptions : <\/strong><b><br \/><\/b>Geoffray RICHELET &#8211; 06.08.11.03.22<br \/>Patrick FEDRIGO &#8211;\u00a006.75.60.46.81<b><br \/>Email : <a href=\"mailto:gueugnon.fc@lbfc-foot.fr\">gueugnon.fc@lbfc-foot.fr<\/a><\/b><\/p>\n\n\n<p><\/p>\n","protected":false},"excerpt":{"rendered":"<p>Le FC Gueugnon ouvre ses portes aux gar\u00e7ons n\u00e9s entre 2010 et 2015 et aux filles\u00a0n\u00e9es entre 2007 et 2015.\u00a0Allez \u00e0 la rencontre de notre club, nos installations et nos \u00e9ducateurs ! D\u00e9couvrez et aimez le football avec le FC Gueugnon. Accompagn\u00e9s d\u2019\u00e9ducateurs dipl\u00f4m\u00e9s, diff\u00e9rents ateliers, jeux et animations seront au programme. Ils permettront \u00e0 &#8230; <\/p>\n<p class=\"read-more-container\"><a title=\"[Acad\u00e9mie] Le FC Gueugnon ouvre les portes de son \u00c9cole de Football !\" class=\"read-more button\" href=\"https:\/\/www.fcgueugnon.fr\/wp\/academie-le-fc-gueugnon-ouvre-les-portes-de-son-ecole-de-football\/43577#more-43577\">Lire la suite<span class=\"screen-reader-text\">[Acad\u00e9mie] Le FC Gueugnon ouvre les portes de son \u00c9cole de Football !<\/span><\/a><\/p>\n","protected":false},"author":14,"featured_media":43579,"comment_status":"closed","ping_status":"closed","sticky":true,"template":"","format":"standard","meta":{"_coblocks_attr":"","_coblocks_dimensions":"","_coblocks_responsive_height":"","_coblocks_accordion_ie_support":"","footnotes":""},"categories":[515,12],"tags":[166],"_links":{"self":[{"href":"https:\/\/www.fcgueugnon.fr\/wp\/wp-json\/wp\/v2\/posts\/43577"}],"collection":[{"href":"https:\/\/www.fcgueugnon.fr\/wp\/wp-json\/wp\/v2\/posts"}],"about":[{"href":"https:\/\/www.fcgueugnon.fr\/wp\/wp-json\/wp\/v2\/types\/post"}],"author":[{"embeddable":true,"href":"https:\/\/www.fcgueugnon.fr\/wp\/wp-json\/wp\/v2\/users\/14"}],"replies":[{"embeddable":true,"href":"https:\/\/www.fcgueugnon.fr\/wp\/wp-json\/wp\/v2\/comments?post=43577"}],"version-history":[{"count":0,"href":"https:\/\/www.fcgueugnon.fr\/wp\/wp-json\/wp\/v2\/posts\/43577\/revisions"}],"wp:featuredmedia":[{"embeddable":true,"href":"https:\/\/www.fcgueugnon.fr\/wp\/wp-json\/wp\/v2\/media\/43579"}],"wp:attachment":[{"href":"https:\/\/www.fcgueugnon.fr\/wp\/wp-json\/wp\/v2\/media?parent=43577"}],"wp:term":[{"taxonomy":"category","embeddable":true,"href":"https:\/\/www.fcgueugnon.fr\/wp\/wp-json\/wp\/v2\/categories?post=43577"},{"taxonomy":"post_tag","embeddable":true,"href":"https:\/\/www.fcgueugnon.fr\/wp\/wp-json\/wp\/v2\/tags?post=43577"}],"curies":[{"name":"wp","href":"https:\/\/api.w.org\/{rel}","templated":true}]}}