{"id":43436,"date":"2020-11-08T18:00:00","date_gmt":"2020-11-08T17:00:00","guid":{"rendered":"https:\/\/www.fcgueugnon.fr\/wp\/?p=43436"},"modified":"2020-11-08T19:09:43","modified_gmt":"2020-11-08T18:09:43","slug":"benevoles-a-la-rencontre-de-maurice-forest","status":"publish","type":"post","link":"https:\/\/www.fcgueugnon.fr\/wp\/benevoles-a-la-rencontre-de-maurice-forest\/43436","title":{"rendered":"[B\u00e9n\u00e9voles] A la rencontre de Maurice Forest"},"content":{"rendered":"\n<h3 class=\"wp-block-heading\"><em>Nos b\u00e9n\u00e9voles constituent une ressource pr\u00e9cieuse et une force pour notre club et nous les en remercions pour cela ! <\/em><br><em>Ainsi, nous continuons de mettre en avant les forces vives de la #ForgeronFamily en vous proposant cette fois-ci d&rsquo;aller \u00e0 la rencontre de Maurice Forest<\/em><\/h3>\n\n\n\n<div style=\"height:50px\" aria-hidden=\"true\" class=\"wp-block-spacer\"><\/div>\n\n\n\n<p><strong>Piero : Bonjour Maurice, pourrais-tu te pr\u00e9senter \u00e0 nous stp ? <br>Maurice Forest <\/strong>: \u00ab&nbsp;Oui bonjour, je m&rsquo;appelle Maurice Forest, j&rsquo;ai 71 ans et je suis retrait\u00e9 d\u2019Ugine &#8211; Arcelor Mittal o\u00f9 j\u2019ai travaill\u00e9 35 ans. Au pr\u00e9alable j\u2019ai commenc\u00e9 \u00e0 travailler \u00e0 14 ans \u00e0 la boulangerie Charpenet pendant 6\/7 ans dans le m\u00e9tier de boulanger. Ensuite je suis parti \u00e0 l\u2019arm\u00e9e o\u00f9 j\u2019ai fait mes classes \u00e0 Hauteville mais comme j\u2019\u00e9tais soutien de famille, je suis revenu au centre \u00e0 M\u00e2con pendant 1 an. En avril &rsquo;70, je quittais l\u2019arm\u00e9e et le 5 mai je suis rentr\u00e9 aux Forges&#8230; Cela ne trainait pas \u00e0 cette \u00e9poque ! J\u2019y ai fait toute ma fin de carri\u00e8re au service contr\u00f4le o\u00f9 nous contr\u00f4lions les d\u00e9fauts sur les bobines avant l\u2019affectation du m\u00e9tal aux clients \u00bb<\/p>\n\n\n\n<div style=\"height:25px\" aria-hidden=\"true\" class=\"wp-block-spacer\"><\/div>\n\n\n\n<p><strong><strong><strong><strong>Je sais aussi que tu as d\u00e9but\u00e9 jeune au foot&nbsp;<\/strong>?<\/strong><\/strong><br><\/strong>\u00ab Effectivement, j\u2019ai commenc\u00e9 \u00e0 l\u2019\u00e2ge de 8\/9 ans avec comme entraineurs&nbsp;: Henri Boitout, Jean Thevenet. J\u2019ai jou\u00e9 jusqu\u2019\u00e0 la cat\u00e9gorie Cadets mais je ne pouvais pas jouer tout le temps parce que je travaillais en boulangerie et nous travaillions surtout la nuit. A cette \u00e9poque, on jouait le dimanche apr\u00e8s midi donc je pouvais jouer de temps en temps mais apr\u00e8s, j\u2019ai d\u00fb renoncer faute de temps&nbsp;&nbsp;\u00bb<\/p>\n\n\n\n<div style=\"height:25px\" aria-hidden=\"true\" class=\"wp-block-spacer\"><\/div>\n\n\n\n<p><strong>Parles nous de la p\u00e9riode qui a suivi o\u00f9 tu es devenu dirigeant d\u2019\u00e9quipes jeunes&#8230; <\/strong><br>\u00ab&nbsp;Je suis devenu dirigeant dans les ann\u00e9es 80&#8230; Il y a quand m\u00eame 40 ans d\u00e9j\u00e0&nbsp;! Entre temps, je suivais le FCG et notamment dans les ann\u00e9es 68\/69 lorsque j\u2019ai eu mon permis de conduire : je faisais des d\u00e9placements en 2CV avec Kiki Caillard pour voir l\u2019\u00e9quipe premi\u00e8re comme \u00e0 Malakoff par exemple ! Dans les ann\u00e9es 80, je suis devenu dirigeant et mon fils Ludovic a commenc\u00e9 \u00e0 l\u2019\u00e9cole de sport tout d\u2019abord puis apr\u00e8s, dans la section foot. A l\u2019\u00e9cole de sport, on pratiquait plusieurs disciplines au stade et c\u2019\u00e9tait Alain Dessoly qui s\u2019en occupait. Mon mon fils Ludovic a pris la fili\u00e8re foot, il \u00e9tait gardien de but depuis tout petit et il a jou\u00e9 gardien de but jusqu\u2019au centre de formation. Du coup, je suis devenu dirigeant \u00e0 la demande de Christophe Trivino. J\u2019ai accompagn\u00e9 surtout des \u00e9quipes jeunes, au d\u00e9part je crois que c\u2019\u00e9tait \u00e0 l\u2019\u00e9poque des U11, U13 ligue, U15&#8230; Pendant quelques ann\u00e9es les U19 ligue avec Bernard Martin, Philippe Lauvernier, Fabrice Correia et depuis 3 ans, je suis dirigeant avec l\u2019\u00e9quipe r\u00e9serve qu&rsquo;on appelle l\u2019\u00e9quipe s\u00e9niors espoirs d\u00e9sormais.&nbsp;\u00bb<\/p>\n\n\n\n<div style=\"height:25px\" aria-hidden=\"true\" class=\"wp-block-spacer\"><\/div>\n\n\n\n<p><strong><strong>Durant toute cette longue p\u00e9riode, te souviens-tu certainement de joueurs qui ont bien r\u00e9ussi par la suite ?&nbsp;<\/strong><br><\/strong>\u00ab Je peux citer Yannick Chandioux (ndlr: coach f\u00e9minines au DFCO) en U13\/U14 ou encore en U18 avec Manu Coehlo, on a eu Philippe Correia, Fabien Safangeon, mon fils dans les buts et on avait jou\u00e9 la finale ligue de Bourgogne contre Auxerre ! \u00bb<\/p>\n\n\n\n<div style=\"height:25px\" aria-hidden=\"true\" class=\"wp-block-spacer\"><\/div>\n\n\n\n<p><strong><strong><strong>Tu as aussi dans ta longue carri\u00e8re, \u00e9t\u00e9 adjoint au maire de l\u2019\u00e9poque attach\u00e9 aux sports<\/strong><\/strong>&#8230;<br><\/strong>\u00ab Oui, j\u2019ai \u00e9t\u00e9 \u00e9lu avec le maire Alain Bailly. Je suis devenu adjoint aux sports de 2001 \u00e0 2008, j\u2019ai travaill\u00e9 sur la r\u00e9novation du stade et en particulier la nouvelle tribune. En 2008, lorsque l\u2019on a quitt\u00e9 la mairie, les travaux \u00e9taient bien avanc\u00e9s. Presque les 3 quarts des travaux \u00e9taient fait et cela m\u2019a pris beaucoup, beaucoup de temps, des heures et des heures de r\u00e9unions, de travail afin de r\u00e9ussir \u00e0 avoir la r\u00e9novation du stade&#8230; Il avait fallu se bagarrer mais comme je suis tenace et assez t\u00eatu&#8230;&nbsp; \u00bb<\/p>\n\n\n\n<div style=\"height:25px\" aria-hidden=\"true\" class=\"wp-block-spacer\"><\/div>\n\n\n\n<figure class=\"wp-block-pullquote\"><blockquote><p>\u00ab J\u2019ai travaill\u00e9 sur la r\u00e9novation du stade et en particulier la nouvelle tribune [&#8230;] cela m\u2019a pris beaucoup, beaucoup de temps, des heures et des heures de r\u00e9unions, de travail afin de r\u00e9ussir \u00e0 avoir la r\u00e9novation du stade\u2026 Il avait fallu se bagarrer mais comme je suis tenace et assez t\u00eatu\u2026 \u00bb<\/p><\/blockquote><\/figure>\n\n\n\n<p><strong><strong><strong><strong>Tu es rest\u00e9 depuis fid\u00e8le au FCG, parles nous de tes fonctions actuelles&#8230;&nbsp;<\/strong><\/strong><\/strong><br><\/strong>\u00ab Depuis tout petit, mon p\u00e8re m\u2019a souvent emmen\u00e9 au match. Il m\u2019emmenait sur son v\u00e9lo sur le terrain Num\u00e9ro 2, \u00e0 l\u2019emplacement de la salle de gym d\u00e9sormais, avec la vieille tribune en bois&#8230; Mon p\u00e8re a v\u00e9cu aussi l\u2019\u00e9pop\u00e9e des champions de France en 1947 et c\u2019est dire que j\u2019\u00e9tais impr\u00e9gn\u00e9 ! Aujourd\u2019hui, je suis toujours avec l\u2019\u00e9quipe s\u00e9niors espoirs et avec Fabrice Correia. Je m\u2019occupe de l\u2019intendance, maillots, casses-cro\u00fbtes, d\u00e9placements&nbsp;etc&#8230; \u00bb<\/p>\n\n\n\n<div style=\"height:25px\" aria-hidden=\"true\" class=\"wp-block-spacer\"><\/div>\n\n\n\n<p><strong><strong><strong><strong><strong>Parles-nous de l\u2019\u00e9quipe r\u00e9serve que tu suis tout particuli\u00e8rement, comment appr\u00e9hendes-tu cette halte brutale du championnat <\/strong><\/strong><\/strong>?<\/strong><br><\/strong>\u00ab L\u2019objectif des 2 derni\u00e8res ann\u00e9es \u00e9tait de monter. Cette ann\u00e9e, l\u2019objectif est de se maintenir. On a de bons \u00e9l\u00e9ments dans cette \u00e9quipe s\u00e9niors espoirs, un bon petit groupe avec la plupart des joueurs qui sont mont\u00e9s lors de la saison derni\u00e8re qui a d\u00e9j\u00e0 \u00e9t\u00e9 tronqu\u00e9e d\u2019ailleurs. Cela se passe tr\u00e8s bien m\u00eame si on a eu des d\u00e9buts compliqu\u00e9s\u2026 On a d\u00e9marr\u00e9 par une d\u00e9faite \u00e0 Sens sur un score qui ne refl\u00e8te pas la physionomie du match. On a fait un bon nul \u00e0 Garchizy puis un bon match \u00e0 Paray mais on le perd m\u00eame si l\u2019arbitre aurait pu nous siffler un p\u00e9nalty&#8230; Tout cela pour dire qu\u2019on refaisait surface et que notre entraineur avait engag\u00e9 notre \u00e9quipe en coupe des r\u00e9serves InterSport afin de continuer nos matchs de pr\u00e9paration mais bon, avec l\u2019arr\u00eat brutal&#8230; Mais je crois qu\u2019on devrait s\u2019en sortir cette ann\u00e9e encore.&nbsp;\u00bb<\/p>\n\n\n\n<div style=\"height:25px\" aria-hidden=\"true\" class=\"wp-block-spacer\"><\/div>\n\n\n\n<p><strong><strong><strong><strong>Quels sont les moments qui t\u2019ont marqu\u00e9 le plus durant toute cette p\u00e9riode avec le FCG ?<\/strong><\/strong><\/strong><br><\/strong>\u00ab&nbsp;En premier, la mont\u00e9e en Ligue 1 ! Bien s\u00fbr la coupe de la Ligue et toutes les phases de coupe de France, <a href=\"https:\/\/www.fcgueugnon.fr\/wp\/youtube-retrofcg-%e2%80%a2-fc-gueugnon-3-2-asse-coupe-de-france-1979-lexploit-des-forgerons\/43428\" target=\"_blank\" rel=\"noreferrer noopener\">Saint Etienne en 1979<\/a> par exemple&#8230; Puis chez les jeunes, ce qui m\u2019a le plus marqu\u00e9 ce sont les 2 ann\u00e9es de suite les mont\u00e9es avec l\u2019\u00e9quipe espoirs&#8230; Cela a \u00e9t\u00e9 vraiment int\u00e9ressant&nbsp;! De toute fa\u00e7on, je garde de tr\u00e8s bons souvenirs avec les \u00e9quipes jeunes en g\u00e9n\u00e9ral. Je me souviens lorsque nous \u00e9tions en L1, de temps en temps en plus de mon r\u00f4le de dirigeant d\u2019\u00e9quipe, j\u2019allais aux guichets et quand on a re\u00e7u le PSG avec M. Baudin et les fr\u00e8res Renaud nous \u00e9tions dans une estafette pour vendre des billets&nbsp;(rires).<em>&nbsp;<\/em>\u00bb<\/p>\n\n\n\n<div style=\"height:25px\" aria-hidden=\"true\" class=\"wp-block-spacer\"><\/div>\n\n\n\n<p><strong><strong><strong><strong>Si je te demande le plus mauvais moment que tu as v\u00e9cu au FCG&#8230;<\/strong><\/strong><\/strong><\/strong><br>\u00ab Sans conteste, le plus mauvais moment c\u2019est lorsque le club a fait faillite en 2011. Apr\u00e8s tout ce qui avait \u00e9t\u00e9 fait au stade cela m&rsquo;a fait mal au ventre de voir tout se d\u00e9manteler\u2026 J\u2019ai mal v\u00e9cu ces moments l\u00e0. Mais je peux dire aussi que j\u2019avais vu arriver inexorablement ce d\u00e9nouement apr\u00e8s le passage du pr\u00e9sident de l\u2019\u00e9poque \u00e0 la mairie&#8230; \u00bb<\/p>\n\n\n\n<div style=\"height:25px\" aria-hidden=\"true\" class=\"wp-block-spacer\"><\/div>\n\n\n\n<p><strong><strong><strong>Maurice, qu\u2019est que tu pourrais nous rajouter en cette p\u00e9riode de \u00ab&nbsp;reconfinement&nbsp;\u00bb ?<\/strong><\/strong><br><\/strong>\u00ab Je souhaite la sant\u00e9 \u00e0 tout le monde et que chacun prenne bien soin de soi. Que tout le monde soit en forme pour bien red\u00e9marrer le championnat en 2021. Cela veut dire que cela ira mieux avec ce virus. J\u2019esp\u00e8re aussi que le FCG se portera au mieux. J\u2019ai 71 ans et tant que je pourrais, je serais l\u00e0 pour le FCG. \u00bb<\/p>\n\n\n\n<div style=\"height:25px\" aria-hidden=\"true\" class=\"wp-block-spacer\"><\/div>\n\n\n\n<p><em>Merci Piero et Pascal pour cet entretien et n&rsquo;h\u00e9sitez pas \u00e0 vous inscrire pour vivre des moments inoubliables en d\u00e9placement avec les forgerons !  <\/em><\/p>\n\n\n\n<p><\/p>\n","protected":false},"excerpt":{"rendered":"<p>Nos b\u00e9n\u00e9voles constituent une ressource pr\u00e9cieuse et une force pour notre club et nous les en remercions pour cela ! Ainsi, nous continuons de mettre en avant les forces vives de la #ForgeronFamily en vous proposant cette fois-ci d&rsquo;aller \u00e0 la rencontre de Maurice Forest Piero : Bonjour Maurice, pourrais-tu te pr\u00e9senter \u00e0 nous stp &#8230; <\/p>\n<p class=\"read-more-container\"><a title=\"[B\u00e9n\u00e9voles] A la rencontre de Maurice Forest\" class=\"read-more button\" href=\"https:\/\/www.fcgueugnon.fr\/wp\/benevoles-a-la-rencontre-de-maurice-forest\/43436#more-43436\">Lire la suite<span class=\"screen-reader-text\">[B\u00e9n\u00e9voles] A la rencontre de Maurice Forest<\/span><\/a><\/p>\n","protected":false},"author":1,"featured_media":40286,"comment_status":"closed","ping_status":"closed","sticky":false,"template":"","format":"standard","meta":{"_coblocks_attr":"","_coblocks_dimensions":"","_coblocks_responsive_height":"","_coblocks_accordion_ie_support":"","footnotes":""},"categories":[515,12],"tags":[192,97],"_links":{"self":[{"href":"https:\/\/www.fcgueugnon.fr\/wp\/wp-json\/wp\/v2\/posts\/43436"}],"collection":[{"href":"https:\/\/www.fcgueugnon.fr\/wp\/wp-json\/wp\/v2\/posts"}],"about":[{"href":"https:\/\/www.fcgueugnon.fr\/wp\/wp-json\/wp\/v2\/types\/post"}],"author":[{"embeddable":true,"href":"https:\/\/www.fcgueugnon.fr\/wp\/wp-json\/wp\/v2\/users\/1"}],"replies":[{"embeddable":true,"href":"https:\/\/www.fcgueugnon.fr\/wp\/wp-json\/wp\/v2\/comments?post=43436"}],"version-history":[{"count":0,"href":"https:\/\/www.fcgueugnon.fr\/wp\/wp-json\/wp\/v2\/posts\/43436\/revisions"}],"wp:featuredmedia":[{"embeddable":true,"href":"https:\/\/www.fcgueugnon.fr\/wp\/wp-json\/wp\/v2\/media\/40286"}],"wp:attachment":[{"href":"https:\/\/www.fcgueugnon.fr\/wp\/wp-json\/wp\/v2\/media?parent=43436"}],"wp:term":[{"taxonomy":"category","embeddable":true,"href":"https:\/\/www.fcgueugnon.fr\/wp\/wp-json\/wp\/v2\/categories?post=43436"},{"taxonomy":"post_tag","embeddable":true,"href":"https:\/\/www.fcgueugnon.fr\/wp\/wp-json\/wp\/v2\/tags?post=43436"}],"curies":[{"name":"wp","href":"https:\/\/api.w.org\/{rel}","templated":true}]}}