{"id":43359,"date":"2020-10-27T18:05:00","date_gmt":"2020-10-27T16:05:00","guid":{"rendered":"https:\/\/www.fcgueugnon.fr\/wp\/?p=43359"},"modified":"2020-10-26T12:30:21","modified_gmt":"2020-10-26T10:30:21","slug":"youtube-a-la-rencontre-de-ridouane-souiri-%e2%80%a2-nouvelle-recrue-du-fcg","status":"publish","type":"post","link":"https:\/\/www.fcgueugnon.fr\/wp\/youtube-a-la-rencontre-de-ridouane-souiri-%e2%80%a2-nouvelle-recrue-du-fcg\/43359","title":{"rendered":"[YouTube] \u00c0 la rencontre de Ridouane SOUIRI \u2022 Nouvelle recrue du FCG"},"content":{"rendered":"<p style=\"text-align: center;\"><iframe loading=\"lazy\" src=\"https:\/\/www.youtube.com\/embed\/TzqaBFUiWUQ\" width=\"900\" height=\"506\" frameborder=\"0\" allowfullscreen=\"allowfullscreen\"><\/iframe><\/p>\n<h3 style=\"text-align: center;\"><strong>\u00c0 la rencontre de Ridouane SOUIRI \u2022 Nouvelle recrue du FCG<\/strong><\/h3>\n<p style=\"text-align: justify;\">Ridouane Souiri, nouvelle recrue du FCG en provenance de l&rsquo;UGA Lyon-D\u00e9cines, vient \u00e9toffer l&rsquo;effectif Forgeron. Pass\u00e9 par le FC Vaulx-en-Velin et l&rsquo;AS Saint-Priest, le jeune d\u00e9fenseur central s&rsquo;inscrit dans le projet Gueugnonnais. &#x1f536; &#x1f537;<\/p>\n<p>Abonne-toi \u00e0 la cha\u00eene du FC Gueugnon &#x1f449; <a href=\"http:\/\/bit.ly\/YouTubeFCG\" target=\"_blank\" rel=\"noopener noreferrer\">http:\/\/bit.ly\/YouTubeFCG<\/a><\/p>\n<p>Et clique sur la cloche &#x1f514; si tu ne veux rien rater de l&rsquo;univers FCG !<\/p>\n","protected":false},"excerpt":{"rendered":"<p>\u00c0 la rencontre de Ridouane SOUIRI \u2022 Nouvelle recrue du FCG Ridouane Souiri, nouvelle recrue du FCG en provenance de l&rsquo;UGA Lyon-D\u00e9cines, vient \u00e9toffer l&rsquo;effectif Forgeron. Pass\u00e9 par le FC Vaulx-en-Velin et l&rsquo;AS Saint-Priest, le jeune d\u00e9fenseur central s&rsquo;inscrit dans le projet Gueugnonnais. &#x1f536; &#x1f537; Abonne-toi \u00e0 la cha\u00eene du FC Gueugnon &#x1f449; http:\/\/bit.ly\/YouTubeFCG Et &#8230; <\/p>\n<p class=\"read-more-container\"><a title=\"[YouTube] \u00c0 la rencontre de Ridouane SOUIRI \u2022 Nouvelle recrue du FCG\" class=\"read-more button\" href=\"https:\/\/www.fcgueugnon.fr\/wp\/youtube-a-la-rencontre-de-ridouane-souiri-%e2%80%a2-nouvelle-recrue-du-fcg\/43359#more-43359\">Lire la suite<span class=\"screen-reader-text\">[YouTube] \u00c0 la rencontre de Ridouane SOUIRI \u2022 Nouvelle recrue du FCG<\/span><\/a><\/p>\n","protected":false},"author":14,"featured_media":43360,"comment_status":"closed","ping_status":"closed","sticky":true,"template":"","format":"standard","meta":{"_coblocks_attr":"","_coblocks_dimensions":"","_coblocks_responsive_height":"","_coblocks_accordion_ie_support":"","footnotes":""},"categories":[515,12],"tags":[111],"_links":{"self":[{"href":"https:\/\/www.fcgueugnon.fr\/wp\/wp-json\/wp\/v2\/posts\/43359"}],"collection":[{"href":"https:\/\/www.fcgueugnon.fr\/wp\/wp-json\/wp\/v2\/posts"}],"about":[{"href":"https:\/\/www.fcgueugnon.fr\/wp\/wp-json\/wp\/v2\/types\/post"}],"author":[{"embeddable":true,"href":"https:\/\/www.fcgueugnon.fr\/wp\/wp-json\/wp\/v2\/users\/14"}],"replies":[{"embeddable":true,"href":"https:\/\/www.fcgueugnon.fr\/wp\/wp-json\/wp\/v2\/comments?post=43359"}],"version-history":[{"count":0,"href":"https:\/\/www.fcgueugnon.fr\/wp\/wp-json\/wp\/v2\/posts\/43359\/revisions"}],"wp:featuredmedia":[{"embeddable":true,"href":"https:\/\/www.fcgueugnon.fr\/wp\/wp-json\/wp\/v2\/media\/43360"}],"wp:attachment":[{"href":"https:\/\/www.fcgueugnon.fr\/wp\/wp-json\/wp\/v2\/media?parent=43359"}],"wp:term":[{"taxonomy":"category","embeddable":true,"href":"https:\/\/www.fcgueugnon.fr\/wp\/wp-json\/wp\/v2\/categories?post=43359"},{"taxonomy":"post_tag","embeddable":true,"href":"https:\/\/www.fcgueugnon.fr\/wp\/wp-json\/wp\/v2\/tags?post=43359"}],"curies":[{"name":"wp","href":"https:\/\/api.w.org\/{rel}","templated":true}]}}