{"id":41200,"date":"2020-08-04T14:00:00","date_gmt":"2020-08-04T12:00:00","guid":{"rendered":"https:\/\/www.fcgueugnon.fr\/wp\/?p=41200"},"modified":"2020-08-04T11:49:55","modified_gmt":"2020-08-04T09:49:55","slug":"academie-gabriel-rousseau-nouvel-educateur-du-fc-gueugnon","status":"publish","type":"post","link":"https:\/\/www.fcgueugnon.fr\/wp\/academie-gabriel-rousseau-nouvel-educateur-du-fc-gueugnon\/41200","title":{"rendered":"[Acad\u00e9mie] Gabriel Rousseau, nouvel \u00e9ducateur du FC Gueugnon"},"content":{"rendered":"<h3 style=\"text-align: justify;\"><strong>Le FC Gueugnon est heureux de vous annoncer l&rsquo;arriv\u00e9e de Gabriel Rousseau, nouvel \u00e9ducateur et responsable de la cat\u00e9gorie U11 du FC Gueugnon.<\/strong><\/h3>\n<p><a href=\"https:\/\/www.fcgueugnon.fr\/wp\/wp-content\/uploads\/2020\/08\/Gabriel-Rousseau.png\"><img loading=\"lazy\" decoding=\"async\" class=\"size-large wp-image-41201 aligncenter\" src=\"https:\/\/www.fcgueugnon.fr\/wp\/wp-content\/uploads\/2020\/08\/Gabriel-Rousseau-700x525.png\" alt=\"\" width=\"700\" height=\"525\" \/><\/a><\/p>\n<p style=\"text-align: justify;\"><span style=\"color: #000000;\">Gabriel Rousseau rejoint officiellement le FC Gueugnon en tant qu&rsquo;\u00e9ducateur de l&rsquo;Acad\u00e9mie. Il sera responsable de la cat\u00e9gorie U10-U11 et sera accompagn\u00e9 par Olivier Gagnon. Il aura \u00e9galement pour mission le d\u00e9veloppement de l&rsquo;\u00e9cole de foot en relation avec l&rsquo;\u00e9quipe d&rsquo;\u00e9ducateurs d\u00e9j\u00e0 en place. Bienvenue \u00e0 lui.<\/span><\/p>\n<h3><strong>Les r\u00e9actions :<\/strong><\/h3>\n<p><a href=\"https:\/\/www.fcgueugnon.fr\/wp\/wp-content\/uploads\/2019\/07\/David-Vasco-FCG.png\"><img loading=\"lazy\" decoding=\"async\" class=\"size-medium wp-image-34579 aligncenter\" src=\"https:\/\/www.fcgueugnon.fr\/wp\/wp-content\/uploads\/2019\/07\/David-Vasco-FCG-350x233.png\" alt=\"\" width=\"350\" height=\"233\" \/><\/a><\/p>\n<p style=\"text-align: justify;\"><em><span class=\"_5yl5\"><br \/>\n<\/span><\/em><strong><span class=\"_5yl5\">David Vasco :<\/span><\/strong><em><span class=\"_5yl5\"> \u00ab L&rsquo;un des objectif prioritaire de cette inter-saison \u00e9tait de structurer notre \u00e9cole de foot. Et dans ce sens, l&rsquo;arriv\u00e9e de Gabriel est une tr\u00e8s bonne nouvelle pour le club et pour nos jeunes licenci\u00e9s. Nous \u00e9tions en contact depuis plusieurs mois maintenant et je suis ravi que ce soit d\u00e9sormais officiel. C&rsquo;est un jeune \u00e9ducateur dipl\u00f4m\u00e9 qui poss\u00e8de d\u00e9j\u00e0 une solide exp\u00e9rience dans l&rsquo;encadrement des jeunes dans la Ni\u00e8vre.<br \/>\nIl sera responsable de la cat\u00e9gorie U10-U11 et sera accompagn\u00e9 par Olivier GAGNON. Il aura \u00e9galement pour mission le d\u00e9veloppement de l&rsquo;\u00e9cole de foot en relation avec l&rsquo;\u00e9quipe d&rsquo;\u00e9ducateurs d\u00e9j\u00e0 en place. Bienvenue \u00e0 lui. <\/span><span class=\"_5yl5\">\u00bb<\/span><\/em><\/p>\n","protected":false},"excerpt":{"rendered":"<p>Le FC Gueugnon est heureux de vous annoncer l&rsquo;arriv\u00e9e de Gabriel Rousseau, nouvel \u00e9ducateur et responsable de la cat\u00e9gorie U11 du FC Gueugnon. Gabriel Rousseau rejoint officiellement le FC Gueugnon en tant qu&rsquo;\u00e9ducateur de l&rsquo;Acad\u00e9mie. Il sera responsable de la cat\u00e9gorie U10-U11 et sera accompagn\u00e9 par Olivier Gagnon. Il aura \u00e9galement pour mission le d\u00e9veloppement &#8230; <\/p>\n<p class=\"read-more-container\"><a title=\"[Acad\u00e9mie] Gabriel Rousseau, nouvel \u00e9ducateur du FC Gueugnon\" class=\"read-more button\" href=\"https:\/\/www.fcgueugnon.fr\/wp\/academie-gabriel-rousseau-nouvel-educateur-du-fc-gueugnon\/41200#more-41200\">Lire la suite<span class=\"screen-reader-text\">[Acad\u00e9mie] Gabriel Rousseau, nouvel \u00e9ducateur du FC Gueugnon<\/span><\/a><\/p>\n","protected":false},"author":14,"featured_media":41201,"comment_status":"closed","ping_status":"closed","sticky":true,"template":"","format":"standard","meta":{"_coblocks_attr":"","_coblocks_dimensions":"","_coblocks_responsive_height":"","_coblocks_accordion_ie_support":"","footnotes":""},"categories":[515,12],"tags":[166],"_links":{"self":[{"href":"https:\/\/www.fcgueugnon.fr\/wp\/wp-json\/wp\/v2\/posts\/41200"}],"collection":[{"href":"https:\/\/www.fcgueugnon.fr\/wp\/wp-json\/wp\/v2\/posts"}],"about":[{"href":"https:\/\/www.fcgueugnon.fr\/wp\/wp-json\/wp\/v2\/types\/post"}],"author":[{"embeddable":true,"href":"https:\/\/www.fcgueugnon.fr\/wp\/wp-json\/wp\/v2\/users\/14"}],"replies":[{"embeddable":true,"href":"https:\/\/www.fcgueugnon.fr\/wp\/wp-json\/wp\/v2\/comments?post=41200"}],"version-history":[{"count":0,"href":"https:\/\/www.fcgueugnon.fr\/wp\/wp-json\/wp\/v2\/posts\/41200\/revisions"}],"wp:featuredmedia":[{"embeddable":true,"href":"https:\/\/www.fcgueugnon.fr\/wp\/wp-json\/wp\/v2\/media\/41201"}],"wp:attachment":[{"href":"https:\/\/www.fcgueugnon.fr\/wp\/wp-json\/wp\/v2\/media?parent=41200"}],"wp:term":[{"taxonomy":"category","embeddable":true,"href":"https:\/\/www.fcgueugnon.fr\/wp\/wp-json\/wp\/v2\/categories?post=41200"},{"taxonomy":"post_tag","embeddable":true,"href":"https:\/\/www.fcgueugnon.fr\/wp\/wp-json\/wp\/v2\/tags?post=41200"}],"curies":[{"name":"wp","href":"https:\/\/api.w.org\/{rel}","templated":true}]}}