{"id":3994,"date":"2013-08-24T14:13:45","date_gmt":"2013-08-24T13:13:45","guid":{"rendered":"https:\/\/www.fcgueugnon.fr\/wp\/?p=3994"},"modified":"2013-10-25T11:01:57","modified_gmt":"2013-10-25T09:01:57","slug":"le-groupe-pour-clermont","status":"publish","type":"post","link":"https:\/\/www.fcgueugnon.fr\/wp\/le-groupe-pour-clermont\/3994","title":{"rendered":"Le groupe pour Clermont"},"content":{"rendered":"<p>Les joueurs du FC Gueugnon ont quitt\u00e9 la cit\u00e9 des Forges vers 14h15 pour Clermont, destination du premier match de CFA2 de la nouvelle \u00e8re du Club.<\/p>\n<p>Important challenge que cette entr\u00e9e en mati\u00e8re contre une r\u00e9serve professionnelle de Ligue 2, le groupe construit par les coachs \u00e9tait d\u00e9cid\u00e9 \u00e0 d\u00e9fendre cr\u00e2nement ses chances ce soir au stade Gabriel Montpied \u00e0 18h00.<\/p>\n<p>La t\u00e2che sera ardue &#8230; mais le travail accompli pendant la phase de pr\u00e9paration et l&rsquo;exp\u00e9rience et la volont\u00e9 de bien faire de chacun doivent permettre de faire bonne figure.<br \/>\nLes 15 joueurs : Richard Trivino &#8211; Cl\u00e9ment Coronas &#8211; William Perraudin &#8211; Pierre Simon Goncalv\u00e8s &#8211; Denis Stinat &#8211; Terry Ramou &#8211; Donatien Cotinet &#8211; Maxime Lafay &#8211; Moustapha Ndoye &#8211; Hamza Brayac &#8211; J\u00e9r\u00f4me Larteau &#8211; Nacer Benemra &#8211; Cyr Guerekoyazande &#8211; Fabien Soulier &#8211; C\u00e9dric Jacquet<\/p>\n<p><strong>Petite info<\/strong> : Zakaria Benameur, nouvel arrivant au FC Gueugnon se marie aujourd&rsquo;hui samedi 24 ao\u00fbt, son fr\u00e8re Morad qui a \u00e9galement rejoint le Club pour cette nouvelle saison en sera le t\u00e9moin !<br \/>\nL&rsquo;ensemble des joueurs et dirigeants du FCG s&rsquo;unissent pour lui souhaiter &#8230;les Meilleurs v\u0153ux de bonheur pour lui et son \u00e9pouse.<\/p>\n<p>&nbsp;<\/p>\n","protected":false},"excerpt":{"rendered":"<p>Les joueurs du FC Gueugnon ont quitt\u00e9 la cit\u00e9 des Forges vers 14h15 pour Clermont, destination du premier match de CFA2 de la nouvelle \u00e8re du Club. Important challenge que cette entr\u00e9e en mati\u00e8re contre une r\u00e9serve professionnelle de Ligue 2, le groupe construit par les coachs \u00e9tait d\u00e9cid\u00e9 \u00e0 d\u00e9fendre cr\u00e2nement ses chances ce &#8230; <\/p>\n<p class=\"read-more-container\"><a title=\"Le groupe pour Clermont\" class=\"read-more button\" href=\"https:\/\/www.fcgueugnon.fr\/wp\/le-groupe-pour-clermont\/3994#more-3994\">Lire la suite<span class=\"screen-reader-text\">Le groupe pour Clermont<\/span><\/a><\/p>\n","protected":false},"author":7,"featured_media":0,"comment_status":"closed","ping_status":"closed","sticky":false,"template":"","format":"standard","meta":{"_coblocks_attr":"","_coblocks_dimensions":"","_coblocks_responsive_height":"","_coblocks_accordion_ie_support":"","footnotes":""},"categories":[13,12],"tags":[98,150],"_links":{"self":[{"href":"https:\/\/www.fcgueugnon.fr\/wp\/wp-json\/wp\/v2\/posts\/3994"}],"collection":[{"href":"https:\/\/www.fcgueugnon.fr\/wp\/wp-json\/wp\/v2\/posts"}],"about":[{"href":"https:\/\/www.fcgueugnon.fr\/wp\/wp-json\/wp\/v2\/types\/post"}],"author":[{"embeddable":true,"href":"https:\/\/www.fcgueugnon.fr\/wp\/wp-json\/wp\/v2\/users\/7"}],"replies":[{"embeddable":true,"href":"https:\/\/www.fcgueugnon.fr\/wp\/wp-json\/wp\/v2\/comments?post=3994"}],"version-history":[{"count":0,"href":"https:\/\/www.fcgueugnon.fr\/wp\/wp-json\/wp\/v2\/posts\/3994\/revisions"}],"wp:attachment":[{"href":"https:\/\/www.fcgueugnon.fr\/wp\/wp-json\/wp\/v2\/media?parent=3994"}],"wp:term":[{"taxonomy":"category","embeddable":true,"href":"https:\/\/www.fcgueugnon.fr\/wp\/wp-json\/wp\/v2\/categories?post=3994"},{"taxonomy":"post_tag","embeddable":true,"href":"https:\/\/www.fcgueugnon.fr\/wp\/wp-json\/wp\/v2\/tags?post=3994"}],"curies":[{"name":"wp","href":"https:\/\/api.w.org\/{rel}","templated":true}]}}