{"id":39567,"date":"2020-03-04T11:37:30","date_gmt":"2020-03-04T10:37:30","guid":{"rendered":"https:\/\/www.fcgueugnon.fr\/wp\/?p=39567"},"modified":"2020-03-04T11:37:30","modified_gmt":"2020-03-04T10:37:30","slug":"partenaire-le-fc-gueugnon-collecte-20kg-de-bouchons-pour-la-bonne-cause","status":"publish","type":"post","link":"https:\/\/www.fcgueugnon.fr\/wp\/partenaire-le-fc-gueugnon-collecte-20kg-de-bouchons-pour-la-bonne-cause\/39567","title":{"rendered":"[Partenaire] Le FC Gueugnon collecte 20kg de bouchons pour la bonne cause"},"content":{"rendered":"<p style=\"text-align: justify;\"><strong>D\u00e9but Octobre, le FC Gueugnon<span class=\"st\"> s&rsquo;associait \u00e0 l&rsquo;association \u00ab <em>1 bouchon collect\u00e9<\/em> = <em>1 geste utile<\/em> \u00bb. Quelques semaines apr\u00e8s, les jeunes licenci\u00e9s ont collect\u00e9 plus d&rsquo;une vingtaine de kilos de bouchons.<\/span><\/strong><\/p>\n<p style=\"text-align: justify;\">Le mercredi 19 F\u00e9vrier, les jeunes de l&rsquo;\u00e9quipe U13 du FC Gueugnon, accompagn\u00e9s de Patrick F\u00e9drigo se sont rendus dans les locaux de l&rsquo;association \u00ab\u00a0Un bouchon collect\u00e9 = un geste utile\u00a0\u00bb, rue de la Plaine \u00e0 Digoin. En l&rsquo;espace de 3 mois, une cinquantaine de licenci\u00e9s ont collect\u00e9 les bouchons de bouteilles en plastique.<\/p>\n<p style=\"text-align: justify;\">Cette action semble plaire aux jeunes, au regard de l&rsquo;int\u00e9r\u00eat qu&rsquo;ils ont port\u00e9 \u00e0 la visite de ces locaux et de la m\u00e9thode de tri. \u00ab\u00a0On s&rsquo;aper\u00e7oit qu&rsquo;il y a une multitude de bouchons qui peuvent \u00eatre collect\u00e9s dont certains dont on ne se doutait pas\u00a0\u00bb confie l&rsquo;\u00e9ducateur. L&rsquo;action entre dans le cadre du Programme \u00c9ducatif F\u00e9d\u00e9ral. L&rsquo;argent d\u00e9gag\u00e9 de cette collecte permet de financer des fauteuils pour les personnes dans le besoin.<\/p>\n<p style=\"text-align: justify;\"><em>Article complet: Le Journal de Sa\u00f4ne-et-Loire &#8211; <a href=\"https:\/\/www.lejsl.com\/edition-charolais-brionnais\/2020\/02\/19\/les-jeunes-du-football-club-gueugnon-collectent-20-kg-de-bouchons-pour-la-bonne-cause\" target=\"_blank\" rel=\"noopener noreferrer\">Les jeunes du Football club Gueugnon collectent 20 kg de bouchons pour la bonne cause<\/a><\/em><\/p>\n<div id='gallery-1' class='gallery galleryid-39567 gallery-columns-3 gallery-size-medium'><figure class='gallery-item'>\n\t\t\t<div class='gallery-icon landscape'>\n\t\t\t\t<a href='https:\/\/www.fcgueugnon.fr\/wp\/wp-content\/uploads\/2020\/03\/collecte-bouchons-fc-gueugnon-2-scaled.jpg'><img loading=\"lazy\" decoding=\"async\" width=\"350\" height=\"263\" src=\"https:\/\/www.fcgueugnon.fr\/wp\/wp-content\/uploads\/2020\/03\/collecte-bouchons-fc-gueugnon-2-scaled-350x263.jpg\" class=\"attachment-medium size-medium\" alt=\"\" \/><\/a>\n\t\t\t<\/div><\/figure><figure class='gallery-item'>\n\t\t\t<div class='gallery-icon landscape'>\n\t\t\t\t<a href='https:\/\/www.fcgueugnon.fr\/wp\/wp-content\/uploads\/2020\/03\/collecte-bouchons-fc-gueugnon-3-scaled.jpg'><img loading=\"lazy\" decoding=\"async\" width=\"350\" height=\"263\" src=\"https:\/\/www.fcgueugnon.fr\/wp\/wp-content\/uploads\/2020\/03\/collecte-bouchons-fc-gueugnon-3-scaled-350x263.jpg\" class=\"attachment-medium size-medium\" alt=\"\" \/><\/a>\n\t\t\t<\/div><\/figure><figure class='gallery-item'>\n\t\t\t<div class='gallery-icon landscape'>\n\t\t\t\t<a href='https:\/\/www.fcgueugnon.fr\/wp\/wp-content\/uploads\/2020\/03\/collecte-bouchons-fc-gueugnon-5-scaled.jpg'><img loading=\"lazy\" decoding=\"async\" width=\"350\" height=\"263\" src=\"https:\/\/www.fcgueugnon.fr\/wp\/wp-content\/uploads\/2020\/03\/collecte-bouchons-fc-gueugnon-5-scaled-350x263.jpg\" class=\"attachment-medium size-medium\" alt=\"\" \/><\/a>\n\t\t\t<\/div><\/figure><figure class='gallery-item'>\n\t\t\t<div class='gallery-icon landscape'>\n\t\t\t\t<a href='https:\/\/www.fcgueugnon.fr\/wp\/wp-content\/uploads\/2020\/03\/collecte-bouchons-fc-gueugnon-1-scaled.jpg'><img loading=\"lazy\" decoding=\"async\" width=\"350\" height=\"263\" src=\"https:\/\/www.fcgueugnon.fr\/wp\/wp-content\/uploads\/2020\/03\/collecte-bouchons-fc-gueugnon-1-scaled-350x263.jpg\" class=\"attachment-medium size-medium\" alt=\"\" \/><\/a>\n\t\t\t<\/div><\/figure><figure class='gallery-item'>\n\t\t\t<div class='gallery-icon landscape'>\n\t\t\t\t<a href='https:\/\/www.fcgueugnon.fr\/wp\/wp-content\/uploads\/2020\/03\/collecte-bouchons-fc-gueugnon-4-scaled.jpg'><img loading=\"lazy\" decoding=\"async\" width=\"350\" height=\"263\" src=\"https:\/\/www.fcgueugnon.fr\/wp\/wp-content\/uploads\/2020\/03\/collecte-bouchons-fc-gueugnon-4-scaled-350x263.jpg\" class=\"attachment-medium size-medium\" alt=\"\" \/><\/a>\n\t\t\t<\/div><\/figure>\n\t\t<\/div>\n\n<p style=\"text-align: justify;\">Au vu du succ\u00e8s de l&rsquo;op\u00e9ration, celle-ci est \u00e9videmment reconduite. 4 points de r\u00e9colte sont pr\u00e9vus :<\/p>\n<ul style=\"text-align: justify;\">\n<li>Plaine du Vieux Fresne : Vestiaires et Bar<\/li>\n<li>Stade Jean Laville : Bureau et Buvettes<\/li>\n<\/ul>\n<p style=\"text-align: justify;\">L&rsquo;association <strong>\u00ab\u00a01 Bouchon collect\u00e9 = 1 Geste utile\u00a0\u00bb<\/strong>,\u00a0<span class=\"\">collecte et commercialise les bouchons en plas<\/span><span class=\"ox-fb40190a72-text_exposed_show\">tique et en li\u00e8ge. Le b\u00e9n\u00e9fice vient en aide aux familles de Sa\u00f4ne et Loire touch\u00e9es par le handicap. C&rsquo;est \u00e9galement l&rsquo;occasion de participer au renouvellement durable, au respect de la nature et de l\u2019environnement. D&rsquo;o\u00f9 : 1 Geste utile.<\/span><\/p>\n<p>&nbsp;<\/p>\n<p><a href=\"https:\/\/www.fcgueugnon.fr\/wp\/wp-content\/uploads\/2019\/09\/Collecte-de-Bouchons.png\"><img loading=\"lazy\" decoding=\"async\" class=\"aligncenter wp-image-36415 size-medium\" src=\"https:\/\/www.fcgueugnon.fr\/wp\/wp-content\/uploads\/2019\/09\/Collecte-de-Bouchons-247x350.png\" alt=\"\" width=\"247\" height=\"350\" \/><\/a><\/p>\n","protected":false},"excerpt":{"rendered":"<p>D\u00e9but Octobre, le FC Gueugnon s&rsquo;associait \u00e0 l&rsquo;association \u00ab 1 bouchon collect\u00e9 = 1 geste utile \u00bb. Quelques semaines apr\u00e8s, les jeunes licenci\u00e9s ont collect\u00e9 plus d&rsquo;une vingtaine de kilos de bouchons. Le mercredi 19 F\u00e9vrier, les jeunes de l&rsquo;\u00e9quipe U13 du FC Gueugnon, accompagn\u00e9s de Patrick F\u00e9drigo se sont rendus dans les locaux de &#8230; <\/p>\n<p class=\"read-more-container\"><a title=\"[Partenaire] Le FC Gueugnon collecte 20kg de bouchons pour la bonne cause\" class=\"read-more button\" href=\"https:\/\/www.fcgueugnon.fr\/wp\/partenaire-le-fc-gueugnon-collecte-20kg-de-bouchons-pour-la-bonne-cause\/39567#more-39567\">Lire la suite<span class=\"screen-reader-text\">[Partenaire] Le FC Gueugnon collecte 20kg de bouchons pour la bonne cause<\/span><\/a><\/p>\n","protected":false},"author":14,"featured_media":39569,"comment_status":"closed","ping_status":"closed","sticky":true,"template":"","format":"standard","meta":{"_coblocks_attr":"","_coblocks_dimensions":"","_coblocks_responsive_height":"","_coblocks_accordion_ie_support":"","footnotes":""},"categories":[272,12],"tags":[108],"_links":{"self":[{"href":"https:\/\/www.fcgueugnon.fr\/wp\/wp-json\/wp\/v2\/posts\/39567"}],"collection":[{"href":"https:\/\/www.fcgueugnon.fr\/wp\/wp-json\/wp\/v2\/posts"}],"about":[{"href":"https:\/\/www.fcgueugnon.fr\/wp\/wp-json\/wp\/v2\/types\/post"}],"author":[{"embeddable":true,"href":"https:\/\/www.fcgueugnon.fr\/wp\/wp-json\/wp\/v2\/users\/14"}],"replies":[{"embeddable":true,"href":"https:\/\/www.fcgueugnon.fr\/wp\/wp-json\/wp\/v2\/comments?post=39567"}],"version-history":[{"count":0,"href":"https:\/\/www.fcgueugnon.fr\/wp\/wp-json\/wp\/v2\/posts\/39567\/revisions"}],"wp:featuredmedia":[{"embeddable":true,"href":"https:\/\/www.fcgueugnon.fr\/wp\/wp-json\/wp\/v2\/media\/39569"}],"wp:attachment":[{"href":"https:\/\/www.fcgueugnon.fr\/wp\/wp-json\/wp\/v2\/media?parent=39567"}],"wp:term":[{"taxonomy":"category","embeddable":true,"href":"https:\/\/www.fcgueugnon.fr\/wp\/wp-json\/wp\/v2\/categories?post=39567"},{"taxonomy":"post_tag","embeddable":true,"href":"https:\/\/www.fcgueugnon.fr\/wp\/wp-json\/wp\/v2\/tags?post=39567"}],"curies":[{"name":"wp","href":"https:\/\/api.w.org\/{rel}","templated":true}]}}