{"id":38579,"date":"2020-01-14T17:15:48","date_gmt":"2020-01-14T16:15:48","guid":{"rendered":"https:\/\/www.fcgueugnon.fr\/wp\/?p=38579"},"modified":"2020-01-14T21:51:44","modified_gmt":"2020-01-14T20:51:44","slug":"n3-j13-fc-gueugnon-racing-besancon-reactions","status":"publish","type":"post","link":"https:\/\/www.fcgueugnon.fr\/wp\/n3-j13-fc-gueugnon-racing-besancon-reactions\/38579","title":{"rendered":"[N3 J13] FC Gueugnon \u2013 Racing Besan\u00e7on : R\u00e9actions"},"content":{"rendered":"<h3><strong>Retrouvez les r\u00e9actions capt\u00e9es par Piero \u00e0 l&rsquo;issue de la victoire face au Racing Besan\u00e7on lors de la 13\u00e8me journ\u00e9e de National 3 (2-0).<br \/>\n<\/strong><\/h3>\n<p>&nbsp;<\/p>\n<p><a href=\"https:\/\/www.fcgueugnon.fr\/wp\/wp-content\/uploads\/2014\/08\/micro.png\"><img loading=\"lazy\" decoding=\"async\" class=\" wp-image-12065 aligncenter\" src=\"https:\/\/www.fcgueugnon.fr\/wp\/wp-content\/uploads\/2014\/08\/micro.png\" alt=\"micro interview\" width=\"100\" height=\"100\" \/><\/a><\/p>\n<p>&nbsp;<\/p>\n<h3><strong>Philippe CORREIA : Entraineur<br \/>\n<\/strong><\/h3>\n<p><img loading=\"lazy\" decoding=\"async\" class=\"aligncenter wp-image-36101 size-medium\" src=\"https:\/\/www.fcgueugnon.fr\/wp\/wp-content\/uploads\/2019\/09\/A22R7843-e1568565133392-233x350.jpg\" alt=\"\" width=\"233\" height=\"350\" \/><\/p>\n<p><strong>Piero :\u00a0<\/strong><strong>Philippe, c\u2019est une victoire mais une victoire difficile \u00e0 obtenir, quelle est ta r\u00e9action\u00a0? :<br \/>\n<\/strong>\u00ab<strong>\u00a0<\/strong>Oui on va retenir les deux points positifs sur ce match, c\u2019est d\u2019abord le r\u00e9sultat car on prend trois points et la deuxi\u00e8me satisfaction c\u2019est qu\u2019on a \u00e9t\u00e9 solidaires, on a fait corps dans la difficult\u00e9. Ce sont les 2 points positifs. Apr\u00e8s si on veut bien figurer dans ce championnat, \u00a0\u00a0\u00a0\u00a0il va falloir montrer autre chose sur le plan du jeu mais on est tomb\u00e9 il faut le reconnaitre sur une belle \u00e9quipe du Racing Besan\u00e7on. Donc aujourd\u2019hui la victoire est peut-\u00eatre un hold up mais on va pouvoir travailler plus sereinement comme \u00e7a.\u00a0\u00bb<\/p>\n<p><strong>J\u2019ai not\u00e9 que dans l\u2019\u00e9quipe il nous manquait \u00e0 mon sens deux \u00e9l\u00e9ments importants. En attaque Hugo Nseke et au milieu Rafael Calonge, deux gar\u00e7ons \u00e0 classer parmi les piliers\u00a0de l\u2019\u00e9quipe. \u00a0Est-ce que cela peut jouer\u00a0? :<br \/>\n<\/strong>\u00ab\u00a0Oui \u00e7a peut jouer m\u00eame si les joueurs qui les remplacent ont fait leur travail. Mais sur l\u2019influence qu\u2019ils ont sur le jeu, leur absence nous a fait d\u00e9faut. Hugo nous apporte beaucoup cette profondeur ce qui nous permet d\u2019\u00e9tirer le bloc adverse. Rafael lui, influe surtout au niveau de l\u2019\u00e9quilibre. Ce sont deux \u00e9l\u00e9ments qui nous ont fait un peu d\u00e9faut oui.\u00a0\u00bb<\/p>\n<p><strong>Ce vendredi il y aura un match de pr\u00e9paration contre Yzeure, le leader de N2. Cela compte aussi dans l\u2019approche des futures joutes du championnat\u00a0? :<br \/>\n<\/strong>\u00ab\u00a0Oui c\u2019est surtout pour r\u00e9\u00e9quilibrer les temps de jeu. Comme justement Hugo Nseke n\u2019a pas jou\u00e9 depuis tr\u00e8s longtemps 90 minutes, ce sera l\u2019occasion pour rattraper du temps de jeu et le manque de rythme.\u00a0\u00bb<\/p>\n<p><strong>Omar Wade notre buteur est toujours en r\u00e9flexion pour son d\u00e9part en N1 \u00e0 Concarneau\u00a0? :<br \/>\n<\/strong>\u00ab\u00a0Oui il r\u00e9fl\u00e9chit cette semaine pour se prononcer. Il faut avouer que c\u2019est vraiment une pi\u00e8ce maitresse du club.\u00a0\u00bb<\/p>\n<p>&nbsp;<\/p>\n<p>&nbsp;<\/p>\n<h3><strong>Fabrice REVUELTA : Milieu de terrain<br \/>\n<\/strong><\/h3>\n<h3><img loading=\"lazy\" decoding=\"async\" class=\"aligncenter wp-image-36117 size-medium\" src=\"https:\/\/www.fcgueugnon.fr\/wp\/wp-content\/uploads\/2019\/09\/IMG_5917-233x350.jpg\" alt=\"\" width=\"233\" height=\"350\" \/><\/h3>\n<p><strong>Piero : <\/strong><strong>Fabrice, c\u2019est une belle reprise avec cette victoire mais elle fut difficile \u00e0 concr\u00e9tiser :<br \/>\n<\/strong>\u00ab Effectivement, on est tomb\u00e9 sur une bonne \u00e9quipe. Cela s\u2019est jou\u00e9 au mental et d\u2019ailleurs cette ann\u00e9e on est plus forts qu\u2019eux mentalement. Dans le jeu ils ont \u00e9t\u00e9 meilleurs que nous mais je trouve qu\u2019on est plus solides et plus efficaces. N\u2019oublions pas aussi que c\u2019est un match de reprise.\u00a0\u00bb<\/p>\n<p><strong>Personnellement, comment t\u2019es-tu senti dans ce match\u00a0? :<br \/>\n<\/strong>\u00ab Personnellement dans le jeu je pense que je peux encore mieux faire. Je me suis bien attach\u00e9 \u00e0 mon travail.\u00a0\u00bb<\/p>\n<p><strong>Le prochain match, ce sera contre la r\u00e9serve de Sochaux qui a \u00e9t\u00e9 battue par le dernier Roche-Novillars, comment vois-tu cette rencontre\u00a0? \u00a0:<br \/>\n<\/strong>\u00ab Avec les r\u00e9serves, on ne sait jamais quelle \u00e9quipe ils vont mettre. Nous on joue peu, importe l\u2019\u00e9quipe en face. Si on est \u00e0 notre niveau, on ira jouer pour gagner.\u00a0\u00bb<\/p>\n<p>&nbsp;<\/p>\n<p>&nbsp;<\/p>\n<h3><strong>Axel DROUHIN : D\u00e9fenseur<br \/>\n<\/strong><\/h3>\n<p><img loading=\"lazy\" decoding=\"async\" class=\"aligncenter wp-image-36120 size-medium\" src=\"https:\/\/www.fcgueugnon.fr\/wp\/wp-content\/uploads\/2019\/09\/IMG_5926-233x350.jpg\" alt=\"\" width=\"233\" height=\"350\" \/><\/p>\n<p><strong>Piero : <\/strong><strong>Comment r\u00e9sumerais-tu votre victoire contre le Racing ce soir pour votre match de reprise\u00a0? :<br \/>\n<\/strong>\u00ab\u00a0En premi\u00e8re mi-temps on a manqu\u00e9 d\u2019engagement, cela a \u00e9t\u00e9 une mi-temps \u00ab\u00a0ennuyeuse \u00bb. Pour la 2<sup>e,<\/sup> on s\u2019est dit qu\u2019il fallait augmenter notre engagement et on a fini par prendre le dessus au moment o\u00f9 Omar Wade a marqu\u00e9. On a cherch\u00e9 ensuite \u00e0 faire le break en marquant le 2<sup>e<\/sup> but, c\u2019est ce qui s\u2019est pass\u00e9 dans le temps additionnel.\u00a0\u00bb<\/p>\n<p><strong>Dans ce contexte, qu\u2019est-ce qui vous a fait remporter ce match\u00a0? :<br \/>\n<\/strong>\u00ab\u00a0Cela a \u00e9t\u00e9 un match intense, on a gagn\u00e9 gr\u00e2ce \u00e0 notre mental. J\u2019ai trouv\u00e9 cette \u00e9quipe bien meilleure que celle qui nous avait battu en coupe de France. Notre victoire n\u2019est que plus belle.\u00a0\u00bb<\/p>\n<p><strong>Maintenant il va falloir penser au d\u00e9placement contre la r\u00e9serve de Sochaux dans deux semaines\u00a0:<br \/>\n<\/strong>\u00ab\u00a0Ce match contre Sochaux sera s\u00fbrement un match compliqu\u00e9 mais on a deux semaines pour bien le pr\u00e9parer.\u00a0\u00bb<\/p>\n<p>&nbsp;<\/p>\n<p>&nbsp;<\/p>\n<h3><strong>Omar WADE : Attaquant<br \/>\n<\/strong><\/h3>\n<h3><img loading=\"lazy\" decoding=\"async\" class=\"aligncenter wp-image-36124 size-medium\" src=\"https:\/\/www.fcgueugnon.fr\/wp\/wp-content\/uploads\/2019\/09\/IMG_5948-233x350.jpg\" alt=\"\" width=\"233\" height=\"350\" \/><\/h3>\n<p><strong>Piero : <\/strong><strong>Omar, une victoire pour commencer 2020, acquise au mental et en fin de match contre une bonne \u00e9quipe en face :<br \/>\n<\/strong>\u00ab Oui une belle victoire, on voulait bien reprendre cette 2<sup>e<\/sup> partie de la saison avec une victoire. C\u2019\u00e9tait un match sp\u00e9cial, il avait \u00e9t\u00e9 dit qu\u2019on n\u2019\u00e9tait pas \u00e0 notre place lorsqu\u2019on \u00e9tait en t\u00eate du classement, on voulait montrer que ce n\u2019\u00e9tait pas un hasard. Le match a \u00e9t\u00e9 difficile comme on pouvait s\u2019y attendre. On a su bien g\u00e9rer et au final on a gagn\u00e9.\u00a0\u00bb<\/p>\n<p><strong>Au moment de tirer le penalty, as-tu senti la responsabilit\u00e9 qui t\u2019incombait\u00a0\u00e0 ce moment du match\u00a0? :<br \/>\n<\/strong>\u00ab\u00a0Pour le p\u00e9nalty je ne me suis pas pos\u00e9 de question. Je me suis seulement dit si je marque, cela va nous ouvrir la porte pour la victoire.\u00a0\u00bb<\/p>\n<p><strong>En marquant ces 2 buts tu offres la victoire \u00e0 ton \u00e9quipe et tu redeviens le meilleur buteur du groupe (13 buts), tu dois appr\u00e9cier\u00a0? \u00a0:<br \/>\n<\/strong>\u00ab Bien s\u00fbr on est toujours content de marquer pour son \u00e9quipe et pour obtenir la victoire.\u00a0\u00bb<\/p>\n<p><strong>Reverra-t-on Omar Wade pour la suite de la saison\u00a0? Tu sais que tout le peuple gueugnonnais compte sur toi\u00a0! :<br \/>\n<\/strong>\u00ab Comme je l\u2019ai dit, mon choix n\u2019est pas encore fait m\u00eame si j\u2019aimerais bien finir le travail avec mes \u00e9quipiers\u00a0qui sont un peu comme ma famille. \u00bb<\/p>\n<p>&nbsp;<\/p>\n<p>&nbsp;<\/p>\n<p style=\"text-align: center;\"><em>Merci \u00e0 tous pour ces r\u00e9actions.<\/em><\/p>\n<p style=\"text-align: center;\">&#8212;<\/p>\n<p>&nbsp;<\/p>\n<blockquote><p>\u25ba <a href=\"https:\/\/www.fcgueugnon.fr\/wp\/n3-j13-fc-gueugnon-2-0-racing-besancon-resultat\/38415#.Xh28pWpCfmg\" target=\"_blank\" rel=\"noopener noreferrer\">Article d\u2019apr\u00e8s match<\/a><\/p><\/blockquote>\n<p><a href=\"https:\/\/www.fcgueugnon.fr\/wp\/n3-j13-fc-gueugnon-2-0-racing-besancon-resultat\/38415\"><img loading=\"lazy\" decoding=\"async\" class=\"aligncenter wp-image-38416 size-medium\" src=\"https:\/\/www.fcgueugnon.fr\/wp\/wp-content\/uploads\/2020\/01\/fcg-gueugnon-racing-besancon-resultat-350x350.png\" alt=\"\" width=\"350\" height=\"350\" \/><\/a><\/p>\n","protected":false},"excerpt":{"rendered":"<p>Retrouvez les r\u00e9actions capt\u00e9es par Piero \u00e0 l&rsquo;issue de la victoire face au Racing Besan\u00e7on lors de la 13\u00e8me journ\u00e9e de National 3 (2-0). &nbsp; &nbsp; Philippe CORREIA : Entraineur Piero :\u00a0Philippe, c\u2019est une victoire mais une victoire difficile \u00e0 obtenir, quelle est ta r\u00e9action\u00a0? : \u00ab\u00a0Oui on va retenir les deux points positifs sur &#8230; <\/p>\n<p class=\"read-more-container\"><a title=\"[N3 J13] FC Gueugnon \u2013 Racing Besan\u00e7on : R\u00e9actions\" class=\"read-more button\" href=\"https:\/\/www.fcgueugnon.fr\/wp\/n3-j13-fc-gueugnon-racing-besancon-reactions\/38579#more-38579\">Lire la suite<span class=\"screen-reader-text\">[N3 J13] FC Gueugnon \u2013 Racing Besan\u00e7on : R\u00e9actions<\/span><\/a><\/p>\n","protected":false},"author":15,"featured_media":38402,"comment_status":"closed","ping_status":"closed","sticky":true,"template":"","format":"standard","meta":{"_coblocks_attr":"","_coblocks_dimensions":"","_coblocks_responsive_height":"","_coblocks_accordion_ie_support":"","footnotes":""},"categories":[272,12],"tags":[97],"_links":{"self":[{"href":"https:\/\/www.fcgueugnon.fr\/wp\/wp-json\/wp\/v2\/posts\/38579"}],"collection":[{"href":"https:\/\/www.fcgueugnon.fr\/wp\/wp-json\/wp\/v2\/posts"}],"about":[{"href":"https:\/\/www.fcgueugnon.fr\/wp\/wp-json\/wp\/v2\/types\/post"}],"author":[{"embeddable":true,"href":"https:\/\/www.fcgueugnon.fr\/wp\/wp-json\/wp\/v2\/users\/15"}],"replies":[{"embeddable":true,"href":"https:\/\/www.fcgueugnon.fr\/wp\/wp-json\/wp\/v2\/comments?post=38579"}],"version-history":[{"count":0,"href":"https:\/\/www.fcgueugnon.fr\/wp\/wp-json\/wp\/v2\/posts\/38579\/revisions"}],"wp:featuredmedia":[{"embeddable":true,"href":"https:\/\/www.fcgueugnon.fr\/wp\/wp-json\/wp\/v2\/media\/38402"}],"wp:attachment":[{"href":"https:\/\/www.fcgueugnon.fr\/wp\/wp-json\/wp\/v2\/media?parent=38579"}],"wp:term":[{"taxonomy":"category","embeddable":true,"href":"https:\/\/www.fcgueugnon.fr\/wp\/wp-json\/wp\/v2\/categories?post=38579"},{"taxonomy":"post_tag","embeddable":true,"href":"https:\/\/www.fcgueugnon.fr\/wp\/wp-json\/wp\/v2\/tags?post=38579"}],"curies":[{"name":"wp","href":"https:\/\/api.w.org\/{rel}","templated":true}]}}