{"id":38399,"date":"2020-01-10T12:11:26","date_gmt":"2020-01-10T11:11:26","guid":{"rendered":"https:\/\/www.fcgueugnon.fr\/wp\/?p=38399"},"modified":"2020-01-12T08:17:36","modified_gmt":"2020-01-12T07:17:36","slug":"n3-j13-fc-gueugnon-racing-besancon-avant-match","status":"publish","type":"post","link":"https:\/\/www.fcgueugnon.fr\/wp\/n3-j13-fc-gueugnon-racing-besancon-avant-match\/38399","title":{"rendered":"[N3 J13] FC Gueugnon \u2013 Racing Besan\u00e7on : Avant-Match"},"content":{"rendered":"<h3 style=\"text-align: left;\"><strong>Les forgerons reprennent la comp\u00e9tition ce samedi 11 janvier 2020 \u00e0 18h en accueillant le RACING BESAN\u00c7ON dans le cadre de la 13\u00e8me journ\u00e9e de National 3.<br \/>\n<\/strong><\/h3>\n<p>&nbsp;<\/p>\n<p><img loading=\"lazy\" decoding=\"async\" class=\"aligncenter wp-image-38401 size-large\" src=\"https:\/\/www.fcgueugnon.fr\/wp\/wp-content\/uploads\/2020\/01\/Diapositive3-700x700.png\" alt=\"\" width=\"700\" height=\"700\" \/><\/p>\n<p>&nbsp;<\/p>\n<p>Apr\u00e8s une tr\u00eave bien m\u00e9rit\u00e9e, il est l&rsquo;heure de retrouver la comp\u00e9tition et le championnat. Pour la derni\u00e8re rencontre de la phase aller, il faudra affronter une \u00e9quipe bien connue, le Racing Besan\u00e7on.<\/p>\n<p>Le<strong> RACING BESAN\u00c7ON <\/strong>a plut\u00f4t mal termin\u00e9 l&rsquo;ann\u00e9e 2019 avec deux d\u00e9faites de rang dont la derni\u00e8re sur le terrain de Sochaux B en match en retard (4-3). Les Doubistes ont disput\u00e9 une rencontre amicale le weekend dernier \u00e0 Jura Sud (N2) qu&rsquo;ils ont perdue sur le score de 2-0. Mais n&rsquo;oublions pas que les joueurs du Racing ont \u00e9limin\u00e9 le FC Gueugnon cette saison en Coupe de France lors du 6\u00e8me tour (0-1). Avec l&rsquo;\u00e9ternel <strong>Gr\u00e9gory Thil<\/strong> dans ses rangs (39 ans) qui a d\u00e9j\u00e0 inscrit six buts cette saison, le Racing va vendre ch\u00e8rement sa peau sur la pelouse de Jean Laville.<\/p>\n<p><em>&gt; Site internet du Racing Besan\u00e7on : <a href=\"http:\/\/www.racingbesancon.fr\/\" target=\"_blank\" rel=\"noopener noreferrer\">http:\/\/www.racingbesancon.fr\/<\/a><\/em><\/p>\n<blockquote><p>Guy CLOPIN : \u00ab <em>Ce match contre le Racing Besan\u00e7on se jouera avec l\u2019objectif de terminer la phase aller du championnat sur une victoire et repartir en 2020 sur les m\u00eames bases qu\u2019en d\u00e9but de saison. Pour vite faire oublier les derni\u00e8res contre-performances \u00e0 savoir le nul contre Sens et la d\u00e9faite contre Jura Dolois.\u00a0<\/em> \u00bb<\/p><\/blockquote>\n<p>Le<strong> FC GUEUGNON<\/strong> n&rsquo;a pris qu&rsquo;un seul point lors des deux derni\u00e8res rencontres de l&rsquo;ann\u00e9e 2019 apr\u00e8s avoir effectu\u00e9 un d\u00e9but de saison tonitruant. D\u00e8s lors, la tr\u00eave \u00e9tait la bienvenue pour recharger les batteries, que ce soit physiquement ou mentalement. Toujours nettement deuxi\u00e8mes au classement, les Gueugnonnais comptent quatre points de retard sur l&rsquo;AJ Auxerre B avant cette derni\u00e8re rencontre de la phase aller. Les joueurs ont repris l\u2019entrainement le 2 janvier et ont disput\u00e9 une rencontre amicale samedi dernier afin de retrouver le rythme. Ils l&rsquo;ont emport\u00e9 1-2 sur la pelouse de l&rsquo;\u00e9quipe r\u00e9serve de Bourg en Bresse P\u00e9ronnas (voir <a href=\"https:\/\/www.fcgueugnon.fr\/wp\/prepafcg-fbbp01-b-1-2-fc-gueugnon\/38279\" target=\"_blank\" rel=\"noopener noreferrer\">article d&rsquo;apr\u00e8s match<\/a>), leader de R\u00e9gional 1. De bon augure pour la confiance avant d\u2019affronter cet adversaire qui fait partie chaque saison des favoris.<\/p>\n<p>&gt; <strong>Hugo NSEKE<\/strong> et <strong>Rafael CALONGE<\/strong> sont suspendus. <strong>Fabrice REVUELTA<\/strong>, absent en amical (torticolis) est apte ainsi que <strong>Steeven HARRISON<\/strong> et <strong>Tr\u00e9sor NYAMWISI<\/strong>, tous les deux de retour de blessure.<\/p>\n<p>&nbsp;<\/p>\n<h3 style=\"text-align: center;\"><em><strong><br \/>\nRendez-vous au stade Jean Laville o\u00f9 nous vous attendons nombreux pour encourager les jaunes et bleus !<\/strong><\/em><\/h3>\n<h6 style=\"text-align: center;\"><\/h6>\n<p style=\"text-align: center;\">&#8212;<\/p>\n<blockquote>\n<h3 style=\"text-align: center;\">\u25ba <a href=\"https:\/\/www.fcgueugnon.fr\/wp\/n3-j13-fc-gueugnon-racing-besancon-ballon-du-match-offert-par-les-ets-basset-parizot\/38321#.Xhdbos5Cfmg\" target=\"_blank\" rel=\"noopener noreferrer\">Ballon du match offert par les ETS Basset-Parizot<\/a><\/h3>\n<h3><img loading=\"lazy\" decoding=\"async\" class=\"aligncenter wp-image-38379 size-medium\" src=\"https:\/\/www.fcgueugnon.fr\/wp\/wp-content\/uploads\/2020\/01\/Diapositive1-350x350.png\" alt=\"\" width=\"350\" height=\"350\" \/><\/h3>\n<\/blockquote>\n<h3><\/h3>\n<p style=\"text-align: center;\">&#8212;<\/p>\n<h3><\/h3>\n<h3><strong>&gt; Les infos pratiques<\/strong><\/h3>\n<p><strong>Prix d\u2019entr\u00e9e\u00a0: <\/strong>Plein tarif 7 \u20ac &#8211; Tarif r\u00e9duit 4 \u20ac (Ch\u00f4meurs, \u00c9tudiants) &#8211; Gratuit pour les -16 ans.<\/p>\n<blockquote><p>Acc\u00e8s au stade, billetterie, restauration \u25ba <a href=\"https:\/\/www.fcgueugnon.fr\/wp\/club\/infos-pratiques#.Xd7Z_tVCeM8\" target=\"_blank\" rel=\"noopener noreferrer\">Toutes les infos !<\/a><\/p><\/blockquote>\n<p style=\"text-align: center;\">&#8212;<\/p>\n<p><strong>NIVEAU NATIONAL : FEDERATION FRAN\u00c7AISE DE FOOTBALL<br \/>\nNATIONAL 3 BFC &#8211; J13<\/strong><br \/>\nSAMEDI 11 JANVIER 2020 &#8211; 18:00<br \/>\nFC GUEUGNON \/ RACING BESAN\u00c7ON<\/p>\n<p><strong>STADE JEAN LAVILLE<\/strong><br \/>\nRUE ROGER COUDERC<br \/>\n71130 GUEUGNON<\/p>\n<p><strong>SURFACE DE JEU<br \/>\n<\/strong>Pelouse naturelle<\/p>\n<p><strong>OFFICIELS<br \/>\n<\/strong>Arbitre centre : POURCHOT QUENTIN<br \/>\nArbitre assistant 1 : ETTOUMI MOHAMED<br \/>\nArbitre assistant 2 : GONCALVES ANTHONY<br \/>\nD\u00e9l\u00e9gu\u00e9 principal : BARROS DA SILVA ALCIDES<br \/>\nObservateur principal : SIMON CHRISTOPHE<\/p>\n<h3><strong>Groupe<\/strong><\/h3>\n<p><em><a href=\"https:\/\/www.fcgueugnon.fr\/wp\/wp-content\/uploads\/2020\/01\/groupe-fc-gueugnon-racing-besancon.jpg\"><img loading=\"lazy\" decoding=\"async\" class=\"aligncenter size-large wp-image-38410\" src=\"https:\/\/www.fcgueugnon.fr\/wp\/wp-content\/uploads\/2020\/01\/groupe-fc-gueugnon-racing-besancon-700x700.jpg\" alt=\"\" width=\"700\" height=\"700\" \/><\/a><\/em><\/p>\n<p>&nbsp;<\/p>\n<h3><strong>La 13\u00e8me journ\u00e9e de N3 BFC<\/strong><\/h3>\n<p>Samedi 11 janvier 2020<br \/>\n18:00 Gueugnon &#8211; Racing Besan\u00e7on<br \/>\n18:00 Auxerre B &#8211; Jura Dolois<br \/>\n18:00 Pontarlier &#8211; Sens<br \/>\n18:00 Dijon B &#8211; Morteau Montlebon<br \/>\n18:00 Besan\u00e7on Foot -Montceau-les-Mines<br \/>\nDimanche 12 janvier 2020<br \/>\n14:30 Valdahon Vercel &#8211; Selongey<br \/>\n14:30 Roche Novillars &#8211; Sochaux B<\/p>\n<blockquote>\n<h3><strong>&gt;&gt; <a href=\"https:\/\/www.fcgueugnon.fr\/wp\/seniors\/seniors-a\/calendrier-seniors-a-national-3-bourgogne-franche-comte#.W3Qr9ugzaM8\" target=\"_blank\" rel=\"noopener noreferrer\">Le calendrier<\/a><\/strong><\/h3>\n<h3><strong>&gt;&gt; <a href=\"https:\/\/www.fcgueugnon.fr\/wp\/seniors\/seniors-a\/classement-seniors-a-national-3-bourgogne-franche-comte#.W3QsK-gzaM8\" target=\"_blank\" rel=\"noopener noreferrer\">Le classement<\/a><\/strong><\/h3>\n<\/blockquote>\n","protected":false},"excerpt":{"rendered":"<p>Les forgerons reprennent la comp\u00e9tition ce samedi 11 janvier 2020 \u00e0 18h en accueillant le RACING BESAN\u00c7ON dans le cadre de la 13\u00e8me journ\u00e9e de National 3. &nbsp; &nbsp; Apr\u00e8s une tr\u00eave bien m\u00e9rit\u00e9e, il est l&rsquo;heure de retrouver la comp\u00e9tition et le championnat. Pour la derni\u00e8re rencontre de la phase aller, il faudra affronter &#8230; <\/p>\n<p class=\"read-more-container\"><a title=\"[N3 J13] FC Gueugnon \u2013 Racing Besan\u00e7on : Avant-Match\" class=\"read-more button\" href=\"https:\/\/www.fcgueugnon.fr\/wp\/n3-j13-fc-gueugnon-racing-besancon-avant-match\/38399#more-38399\">Lire la suite<span class=\"screen-reader-text\">[N3 J13] FC Gueugnon \u2013 Racing Besan\u00e7on : Avant-Match<\/span><\/a><\/p>\n","protected":false},"author":15,"featured_media":38401,"comment_status":"closed","ping_status":"closed","sticky":false,"template":"","format":"standard","meta":{"_coblocks_attr":"","_coblocks_dimensions":"","_coblocks_responsive_height":"","_coblocks_accordion_ie_support":"","footnotes":""},"categories":[272,12],"tags":[150],"_links":{"self":[{"href":"https:\/\/www.fcgueugnon.fr\/wp\/wp-json\/wp\/v2\/posts\/38399"}],"collection":[{"href":"https:\/\/www.fcgueugnon.fr\/wp\/wp-json\/wp\/v2\/posts"}],"about":[{"href":"https:\/\/www.fcgueugnon.fr\/wp\/wp-json\/wp\/v2\/types\/post"}],"author":[{"embeddable":true,"href":"https:\/\/www.fcgueugnon.fr\/wp\/wp-json\/wp\/v2\/users\/15"}],"replies":[{"embeddable":true,"href":"https:\/\/www.fcgueugnon.fr\/wp\/wp-json\/wp\/v2\/comments?post=38399"}],"version-history":[{"count":0,"href":"https:\/\/www.fcgueugnon.fr\/wp\/wp-json\/wp\/v2\/posts\/38399\/revisions"}],"wp:featuredmedia":[{"embeddable":true,"href":"https:\/\/www.fcgueugnon.fr\/wp\/wp-json\/wp\/v2\/media\/38401"}],"wp:attachment":[{"href":"https:\/\/www.fcgueugnon.fr\/wp\/wp-json\/wp\/v2\/media?parent=38399"}],"wp:term":[{"taxonomy":"category","embeddable":true,"href":"https:\/\/www.fcgueugnon.fr\/wp\/wp-json\/wp\/v2\/categories?post=38399"},{"taxonomy":"post_tag","embeddable":true,"href":"https:\/\/www.fcgueugnon.fr\/wp\/wp-json\/wp\/v2\/tags?post=38399"}],"curies":[{"name":"wp","href":"https:\/\/api.w.org\/{rel}","templated":true}]}}