{"id":37370,"date":"2019-11-06T10:24:38","date_gmt":"2019-11-06T09:24:38","guid":{"rendered":"https:\/\/www.fcgueugnon.fr\/wp\/?p=37370"},"modified":"2019-11-06T10:24:38","modified_gmt":"2019-11-06T09:24:38","slug":"n3-j09-fc-gueugnon-aj-auxerre-b-infos-pratiques","status":"publish","type":"post","link":"https:\/\/www.fcgueugnon.fr\/wp\/n3-j09-fc-gueugnon-aj-auxerre-b-infos-pratiques\/37370","title":{"rendered":"[N3 J09] FC Gueugnon \u2013 AJ Auxerre B : Infos pratiques"},"content":{"rendered":"<div class=\"\" data-block=\"true\" data-editor=\"2vjvk\" data-offset-key=\"8biib-0-0\">\n<div class=\"_1mf _1mj\" data-offset-key=\"8biib-0-0\">\n<h3 style=\"text-align: justify;\"><strong>Ce samedi 09 Novembre \u00e0 18h00, le FC Gueugnon est de retour \u00e0 Jean Laville en leader et y re\u00e7oit son dauphin : l&rsquo;AJ Auxerre B pour le CHOC de la 9e journ\u00e9e ! <\/strong><\/h3>\n<p style=\"text-align: justify;\"><strong>D\u00e9couvrez ci-dessous toutes les informations pratiques relatives \u00e0 cette rencontre \u00e0 ne pas rater !<br \/>\n<\/strong><\/p>\n<\/div>\n<\/div>\n<div data-offset-key=\"8biib-0-0\"><a href=\"https:\/\/www.fcgueugnon.fr\/wp\/wp-content\/uploads\/2019\/11\/affiche-match-fc-gueugnon-aj-auxerre-B.jpg\"><img loading=\"lazy\" decoding=\"async\" class=\"aligncenter size-large wp-image-37372\" src=\"https:\/\/www.fcgueugnon.fr\/wp\/wp-content\/uploads\/2019\/11\/affiche-match-fc-gueugnon-aj-auxerre-B-484x700.jpg\" alt=\"\" width=\"484\" height=\"700\" \/><\/a><\/div>\n<h2>Tarifs<\/h2>\n<ul>\n<li style=\"text-align: justify;\">Plein-tarif : 7\u20ac<\/li>\n<li style=\"text-align: justify;\">Tarif r\u00e9duit : 4\u20ac &#8211; \u00c9tudiants, Demandeurs d&#8217;emploi (sur pr\u00e9sentation d&rsquo;un justificatif ou carte)<\/li>\n<li style=\"text-align: justify;\">Gratuits : licenci\u00e9s FC Gueugnon, -16ans (sur pr\u00e9sentation d&rsquo;un justificatif ou carte)<\/li>\n<\/ul>\n<p>&nbsp;<\/p>\n<h2>Ouverture Billetterie<\/h2>\n<ul>\n<li style=\"text-align: justify;\">Le guichet billetterie et le stade Jean Laville ouvriront \u00e0 partir 17h00 le jour du match.\u00a0La vente des billets se fera au guichet de la Tribune NORD (c\u00f4t\u00e9 piscine).<\/li>\n<\/ul>\n<p style=\"text-align: justify;\"><span style=\"color: #ff0000;\"><strong>En cas de forte affluence ce samedi \u00e0 Jean Laville et afin d\u2019\u00e9viter l\u2019affluence des derni\u00e8res minutes, pensez \u00e0\u00a0anticipez votre venue au stade.<\/strong><\/span><\/p>\n<p style=\"text-align: justify;\">Afin de garantir un meilleur acc\u00e8s au stade, des travaux ont \u00e9t\u00e9 effectu\u00e9s et les guichets de la Tribune Nord ont \u00e9t\u00e9 agrandis avec d\u00e9sormais 7 points de vente.<\/p>\n<div id='gallery-1' class='gallery galleryid-37370 gallery-columns-2 gallery-size-medium'><figure class='gallery-item'>\n\t\t\t<div class='gallery-icon landscape'>\n\t\t\t\t<img loading=\"lazy\" decoding=\"async\" width=\"350\" height=\"263\" src=\"https:\/\/www.fcgueugnon.fr\/wp\/wp-content\/uploads\/2019\/01\/Guichet-Billetterie-FCG-1-350x263.jpg\" class=\"attachment-medium size-medium\" alt=\"\" \/>\n\t\t\t<\/div><\/figure><figure class='gallery-item'>\n\t\t\t<div class='gallery-icon landscape'>\n\t\t\t\t<img loading=\"lazy\" decoding=\"async\" width=\"350\" height=\"263\" src=\"https:\/\/www.fcgueugnon.fr\/wp\/wp-content\/uploads\/2019\/01\/Guichet-Billetterie-FCG-2-350x263.jpg\" class=\"attachment-medium size-medium\" alt=\"\" \/>\n\t\t\t<\/div><\/figure><figure class='gallery-item'>\n\t\t\t<div class='gallery-icon landscape'>\n\t\t\t\t<img loading=\"lazy\" decoding=\"async\" width=\"350\" height=\"263\" src=\"https:\/\/www.fcgueugnon.fr\/wp\/wp-content\/uploads\/2019\/01\/Guichet-Billetterie-FCG-3-350x263.jpg\" class=\"attachment-medium size-medium\" alt=\"\" \/>\n\t\t\t<\/div><\/figure><figure class='gallery-item'>\n\t\t\t<div class='gallery-icon landscape'>\n\t\t\t\t<img loading=\"lazy\" decoding=\"async\" width=\"350\" height=\"263\" src=\"https:\/\/www.fcgueugnon.fr\/wp\/wp-content\/uploads\/2019\/01\/Guichet-Billetterie-FCG-4-350x263.jpg\" class=\"attachment-medium size-medium\" alt=\"\" \/>\n\t\t\t<\/div><\/figure>\n\t\t<\/div>\n\n<p style=\"text-align: center;\"><em>Merci \u00e0 nos b\u00e9n\u00e9voles qui ont r\u00e9alis\u00e9 les travaux.<\/em><\/p>\n<p>&nbsp;<\/p>\n<h2><a href=\"https:\/\/www.fcgueugnon.fr\/wp\/club\/infos-pratiques\">\u25ba Acc\u00e8s au stade, Parking et Buvette<\/a><\/h2>\n<p><a href=\"https:\/\/www.fcgueugnon.fr\/wp\/club\/infos-pratiques\"><img loading=\"lazy\" decoding=\"async\" class=\"aligncenter wp-image-4707 size-medium\" src=\"https:\/\/www.fcgueugnon.fr\/wp\/wp-content\/uploads\/2013\/08\/CarteStade-350x207.jpeg\" alt=\"\" width=\"350\" height=\"207\" \/><\/a><\/p>\n","protected":false},"excerpt":{"rendered":"<p>Ce samedi 09 Novembre \u00e0 18h00, le FC Gueugnon est de retour \u00e0 Jean Laville en leader et y re\u00e7oit son dauphin : l&rsquo;AJ Auxerre B pour le CHOC de la 9e journ\u00e9e ! D\u00e9couvrez ci-dessous toutes les informations pratiques relatives \u00e0 cette rencontre \u00e0 ne pas rater ! Tarifs Plein-tarif : 7\u20ac Tarif r\u00e9duit &#8230; <\/p>\n<p class=\"read-more-container\"><a title=\"[N3 J09] FC Gueugnon \u2013 AJ Auxerre B : Infos pratiques\" class=\"read-more button\" href=\"https:\/\/www.fcgueugnon.fr\/wp\/n3-j09-fc-gueugnon-aj-auxerre-b-infos-pratiques\/37370#more-37370\">Lire la suite<span class=\"screen-reader-text\">[N3 J09] FC Gueugnon \u2013 AJ Auxerre B : Infos pratiques<\/span><\/a><\/p>\n","protected":false},"author":1,"featured_media":37373,"comment_status":"closed","ping_status":"closed","sticky":false,"template":"","format":"standard","meta":{"_coblocks_attr":"","_coblocks_dimensions":"","_coblocks_responsive_height":"","_coblocks_accordion_ie_support":"","footnotes":""},"categories":[272,12],"tags":[147,199],"_links":{"self":[{"href":"https:\/\/www.fcgueugnon.fr\/wp\/wp-json\/wp\/v2\/posts\/37370"}],"collection":[{"href":"https:\/\/www.fcgueugnon.fr\/wp\/wp-json\/wp\/v2\/posts"}],"about":[{"href":"https:\/\/www.fcgueugnon.fr\/wp\/wp-json\/wp\/v2\/types\/post"}],"author":[{"embeddable":true,"href":"https:\/\/www.fcgueugnon.fr\/wp\/wp-json\/wp\/v2\/users\/1"}],"replies":[{"embeddable":true,"href":"https:\/\/www.fcgueugnon.fr\/wp\/wp-json\/wp\/v2\/comments?post=37370"}],"version-history":[{"count":0,"href":"https:\/\/www.fcgueugnon.fr\/wp\/wp-json\/wp\/v2\/posts\/37370\/revisions"}],"wp:featuredmedia":[{"embeddable":true,"href":"https:\/\/www.fcgueugnon.fr\/wp\/wp-json\/wp\/v2\/media\/37373"}],"wp:attachment":[{"href":"https:\/\/www.fcgueugnon.fr\/wp\/wp-json\/wp\/v2\/media?parent=37370"}],"wp:term":[{"taxonomy":"category","embeddable":true,"href":"https:\/\/www.fcgueugnon.fr\/wp\/wp-json\/wp\/v2\/categories?post=37370"},{"taxonomy":"post_tag","embeddable":true,"href":"https:\/\/www.fcgueugnon.fr\/wp\/wp-json\/wp\/v2\/tags?post=37370"}],"curies":[{"name":"wp","href":"https:\/\/api.w.org\/{rel}","templated":true}]}}