{"id":37016,"date":"2019-10-22T11:08:45","date_gmt":"2019-10-22T09:08:45","guid":{"rendered":"https:\/\/www.fcgueugnon.fr\/wp\/?p=37016"},"modified":"2019-10-22T11:08:45","modified_gmt":"2019-10-22T09:08:45","slug":"coupe-de-france-direction-saint-denis-pour-le-6eme-tour","status":"publish","type":"post","link":"https:\/\/www.fcgueugnon.fr\/wp\/coupe-de-france-direction-saint-denis-pour-le-6eme-tour\/37016","title":{"rendered":"[Coupe de France] Direction Saint-Denis pour le 6\u00e8me tour !"},"content":{"rendered":"<p style=\"text-align: justify;\"><strong>A l&rsquo;occasion du 6\u00e8me tour de Coupe de France, les forgerons d\u00e9fieront le Racing Besan\u00e7on, actuellement 8\u00e8me au classement de National 3. La date, l&rsquo;horaire et le lieu du match sont connus !<\/strong><\/p>\n<p style=\"text-align: justify;\">Apr\u00e8s un cinqui\u00e8me tour sur le terrain de Digoin pour raison de travaux \u00e0 Jean Laville, le staff gueugnonnais a du trouver une nouvelle solution de repli pour accueillir le Racing Besan\u00e7on. Le choix s&rsquo;est port\u00e9 sur Saint-Denis.<\/p>\n<p style=\"text-align: justify;\">Non, les Jaunes &amp; Bleus ne d\u00e9couvriront pas le Stade de France avant l&rsquo;heure&#8230; C&rsquo;est bien \u00e0 Bourbon-Lancy que la rencontre aura lieu, ce samedi 26 Octobre \u00e0 15h00 !\u00a0 Le FC Gueugnon tient \u00e0 remercier la Ville de Bourbon-Lancy et le club de l&rsquo;US Bourbon-Lancy FPT Football pour leur accueil.<\/p>\n<p style=\"text-align: justify;\">L&rsquo;\u00e9quipe de Philippe Correia devrait vraisemblablement retrouver le Stade Jean Laville lors de la prochaine journ\u00e9e de championnat \u00e0 domicile, soit le samedi 09 Novembre face \u00e0 l&rsquo;AJ Auxerre B.<\/p>\n<p><a href=\"https:\/\/www.fcgueugnon.fr\/wp\/wp-content\/uploads\/2019\/10\/CDF-Racing-Besan\u00e7on.png\"><img loading=\"lazy\" decoding=\"async\" class=\"size-large wp-image-37034 aligncenter\" src=\"https:\/\/www.fcgueugnon.fr\/wp\/wp-content\/uploads\/2019\/10\/CDF-Racing-Besan\u00e7on-700x700.png\" alt=\"\" width=\"700\" height=\"700\" \/><\/a><\/p>\n<p><a href=\"https:\/\/www.fcgueugnon.fr\/wp\/wp-content\/uploads\/2019\/10\/Pelouse-Stade-Jean-Laville-Travaux.jpg\"><img loading=\"lazy\" decoding=\"async\" class=\"size-large wp-image-36481 aligncenter\" src=\"https:\/\/www.fcgueugnon.fr\/wp\/wp-content\/uploads\/2019\/10\/Pelouse-Stade-Jean-Laville-Travaux-700x525.jpg\" alt=\"\" width=\"700\" height=\"525\" \/><\/a><\/p>\n","protected":false},"excerpt":{"rendered":"<p>A l&rsquo;occasion du 6\u00e8me tour de Coupe de France, les forgerons d\u00e9fieront le Racing Besan\u00e7on, actuellement 8\u00e8me au classement de National 3. La date, l&rsquo;horaire et le lieu du match sont connus ! Apr\u00e8s un cinqui\u00e8me tour sur le terrain de Digoin pour raison de travaux \u00e0 Jean Laville, le staff gueugnonnais a du trouver &#8230; <\/p>\n<p class=\"read-more-container\"><a title=\"[Coupe de France] Direction Saint-Denis pour le 6\u00e8me tour !\" class=\"read-more button\" href=\"https:\/\/www.fcgueugnon.fr\/wp\/coupe-de-france-direction-saint-denis-pour-le-6eme-tour\/37016#more-37016\">Lire la suite<span class=\"screen-reader-text\">[Coupe de France] Direction Saint-Denis pour le 6\u00e8me tour !<\/span><\/a><\/p>\n","protected":false},"author":14,"featured_media":36481,"comment_status":"closed","ping_status":"closed","sticky":false,"template":"","format":"standard","meta":{"_coblocks_attr":"","_coblocks_dimensions":"","_coblocks_responsive_height":"","_coblocks_accordion_ie_support":"","footnotes":""},"categories":[272,12],"tags":[147],"_links":{"self":[{"href":"https:\/\/www.fcgueugnon.fr\/wp\/wp-json\/wp\/v2\/posts\/37016"}],"collection":[{"href":"https:\/\/www.fcgueugnon.fr\/wp\/wp-json\/wp\/v2\/posts"}],"about":[{"href":"https:\/\/www.fcgueugnon.fr\/wp\/wp-json\/wp\/v2\/types\/post"}],"author":[{"embeddable":true,"href":"https:\/\/www.fcgueugnon.fr\/wp\/wp-json\/wp\/v2\/users\/14"}],"replies":[{"embeddable":true,"href":"https:\/\/www.fcgueugnon.fr\/wp\/wp-json\/wp\/v2\/comments?post=37016"}],"version-history":[{"count":0,"href":"https:\/\/www.fcgueugnon.fr\/wp\/wp-json\/wp\/v2\/posts\/37016\/revisions"}],"wp:featuredmedia":[{"embeddable":true,"href":"https:\/\/www.fcgueugnon.fr\/wp\/wp-json\/wp\/v2\/media\/36481"}],"wp:attachment":[{"href":"https:\/\/www.fcgueugnon.fr\/wp\/wp-json\/wp\/v2\/media?parent=37016"}],"wp:term":[{"taxonomy":"category","embeddable":true,"href":"https:\/\/www.fcgueugnon.fr\/wp\/wp-json\/wp\/v2\/categories?post=37016"},{"taxonomy":"post_tag","embeddable":true,"href":"https:\/\/www.fcgueugnon.fr\/wp\/wp-json\/wp\/v2\/tags?post=37016"}],"curies":[{"name":"wp","href":"https:\/\/api.w.org\/{rel}","templated":true}]}}