{"id":35124,"date":"2019-08-01T17:34:52","date_gmt":"2019-08-01T15:34:52","guid":{"rendered":"https:\/\/www.fcgueugnon.fr\/wp\/?p=35124"},"modified":"2020-01-12T22:19:40","modified_gmt":"2020-01-12T21:19:40","slug":"emploi-le-groupe-canard-recherche-un-mecanicien-industriel-confirme","status":"publish","type":"post","link":"https:\/\/www.fcgueugnon.fr\/wp\/emploi-le-groupe-canard-recherche-un-mecanicien-industriel-confirme\/35124","title":{"rendered":"[Emploi] Le Groupe CANARD recherche un MECANICIEN INDUSTRIEL confirm\u00e9"},"content":{"rendered":"<p>Depuis de nombreuses ann\u00e9es, le FC Gueugnon s&rsquo;engage en faveur de l&rsquo;<strong><span class=\"il\">Emploi<\/span> et de la Formation<\/strong>. Preuve en est le <a href=\"https:\/\/www.fcgueugnon.fr\/wp\/fema-2019-4e-edition-du-forum-de-lemploi-le-05-avril-a-jean-laville\/31525\" target=\"_blank\" rel=\"noopener noreferrer\">Forum de l&rsquo;<span class=\"il\">Emploi<\/span>, des M\u00e9tiers et de l&rsquo;Apprentissage<\/a> organis\u00e9 chaque ann\u00e9e au Stade Jean Laville ainsi que <a href=\"https:\/\/www.fcgueugnon.fr\/wp\/jeunes\/sections-sportives\/gueugnon-sport-formation\" target=\"_blank\" rel=\"noopener noreferrer\">Gueugnon Sport Formation<\/a>, l&rsquo;unit\u00e9 de formation du FCG annexe au CFA du Sport de Bourgogne Franche Comt\u00e9.<\/p>\n<p><a href=\"https:\/\/www.fcgueugnon.fr\/wp\/wp-content\/uploads\/2019\/01\/emploi-.jpg\"><img loading=\"lazy\" decoding=\"async\" class=\"aligncenter wp-image-30339 size-medium\" src=\"https:\/\/www.fcgueugnon.fr\/wp\/wp-content\/uploads\/2019\/01\/emploi--350x263.jpg\" alt=\"\" width=\"350\" height=\"263\" \/><\/a><\/p>\n<p class=\"m_-8191882608539435126ox-39d88dd748-ox-046ed8db1a-default-style\">Pour continuer cette d\u00e9marche, nous vous proposons de r\u00e9guli\u00e8rement des offres d&#8217;emploi de nos partenaires<\/p>\n<p>&nbsp;<\/p>\n<p style=\"text-align: center;\"><span style=\"color: #ffcc00;\">***** ***** ***** ***** *****<br \/>\n<\/span><\/p>\n<p><a href=\"https:\/\/www.fcgueugnon.fr\/wp\/wp-content\/uploads\/2018\/12\/logo-etablissements-ets-Canard-Molinet-Gueugnon.png\"><img loading=\"lazy\" decoding=\"async\" class=\"aligncenter wp-image-30145 size-medium\" src=\"https:\/\/www.fcgueugnon.fr\/wp\/wp-content\/uploads\/2018\/12\/logo-etablissements-ets-Canard-Molinet-Gueugnon-350x130.png\" alt=\"\" width=\"350\" height=\"130\" \/><\/a><\/p>\n<h3>Le Groupe CANARD recherche un MECANICIEN INDUSTRIEL confirm\u00e9<\/h3>\n<p><strong>Description<\/strong> : Le Groupe CANARD recherche un m\u00e9canicien industriel confirm\u00e9 Recherche MECANICIEN INDUSTRIEL confirm\u00e9 pour un contrat en CDI de 35 heures par semaine. Possibilit\u00e9 de logement gratuit (loyer, chauffage, \u00e9lectricit\u00e9&#8230;), travail sur site aucun d\u00e9placement, salaire propos\u00e9 se situe en 2000 \u20ac et 2500 \u20ac brut mensuel sur 12 mois en fonction de l&rsquo;exp\u00e9rience.<br \/>\n<strong>Vos responsabilit\u00e9s : <\/strong>Afin de r\u00e9pondre aux besoins de ses clients, les ETS CANARD compte sur le bon fonctionnement de son parc machines compos\u00e9 de : Panneauteuse, Raboteuses 4 faces, Plaqueuse, Fa\u00e7onneuse, Pyrograveuse, Pon\u00e7euses, D\u00e9fon\u00e7euse \u00e0 laser, MBM, Robots Kawasaki de pon\u00e7age et d&rsquo;\u00e9grenage, Robot de vernissage CBM, Cha\u00eene de vernissage compos\u00e9e de 4 cabines de vernis et de tunnels de s\u00e9chage ainsi que de mat\u00e9riels \u00e0 mains comme visseuses, pon\u00e7euses \u00e0 bandes, per\u00e7euses, pistolets \u00e0 agrafes, etc..<br \/>\nVous travaillerez en parfaite autonomie mais vous pourrez vous appuyez sur notre m\u00e9canicien industriel d\u00e9j\u00e0 pr\u00e9sent depuis plus de 15 ans sur notre deuxi\u00e8me site de production (SEFIC) situ\u00e9 \u00e0 5 kms et notre \u00c9lectricien industriel pr\u00e9sent sur le site Ets CANARD en place depuis 5 ans \u00e0 son poste.<br \/>\n<strong>Vos missions : <\/strong><\/p>\n<ul>\n<li>Assurer les r\u00e9glages m\u00e9caniques des mat\u00e9riels ;<\/li>\n<li>Assurer la maintenance pr\u00e9ventive des \u00e9quipements de production afin d&rsquo;assurer leur conformit\u00e9 et leur bon \u00e9tat de fonctionnement ;<\/li>\n<li>R\u00e9aliser des fiches d&rsquo;intervention permettant l&rsquo;analyse des besoins pr\u00e9ventifs ou des \u00e9ventuels investissements ;<\/li>\n<li>G\u00e9rer les stocks de fournitures et de pi\u00e8ces d\u00e9tach\u00e9es du parc machine.<\/li>\n<\/ul>\n<p>\u25ba <a href=\"https:\/\/www.fcgueugnon.fr\/wp\/wp-content\/uploads\/2019\/08\/Offre-emploi-ets-Canard-ME\u0301CANICIEN-INDUSTRIEL-HF.pdf\" target=\"_blank\" rel=\"noopener noreferrer\">Voir Offre (format PDF)<\/a><\/p>\n<p><strong>Type de contrat : <\/strong>CDI<strong><br \/>\nNom de l\u2019employeur<\/strong> : Groupe CANARD<br \/>\n<strong>Comment postuler<\/strong> : envoyer CV et lettre de motivation \u00e0 l&rsquo;adresse mail geoffroy.canard@etscanard.fr ou par courrier \u00e0 ETS CANARD SAS &#8211; 27 grande rue &#8211; 03510 MOLINET<\/p>\n<p>&nbsp;<\/p>\n<p>&nbsp;<\/p>\n<p style=\"text-align: center;\"><span style=\"color: #ff9900;\">***** ***** ***** ***** *****<\/span><\/p>\n<p>&nbsp;<\/p>\n<h3 style=\"text-align: center;\"><em>Vous souhaitez diffuser vos annonces ? Contacter Christophe Noluveau par mail \u00e0 c.noluveau@fcgueugnon.fr<\/em><\/h3>\n<blockquote>\n<h3 style=\"text-align: center;\"><a href=\"https:\/\/www.fcgueugnon.fr\/wp\/fema-2019-photos-video-retour-sur-le-forum-de-lemploi\/32457\"><em>\u25ba Retour le FEMA 2019 en photo &amp; video<\/em><\/a><\/h3>\n<\/blockquote>\n<p>&nbsp;<\/p>\n","protected":false},"excerpt":{"rendered":"<p>Depuis de nombreuses ann\u00e9es, le FC Gueugnon s&rsquo;engage en faveur de l&rsquo;Emploi et de la Formation. Preuve en est le Forum de l&rsquo;Emploi, des M\u00e9tiers et de l&rsquo;Apprentissage organis\u00e9 chaque ann\u00e9e au Stade Jean Laville ainsi que Gueugnon Sport Formation, l&rsquo;unit\u00e9 de formation du FCG annexe au CFA du Sport de Bourgogne Franche Comt\u00e9. Pour &#8230; <\/p>\n<p class=\"read-more-container\"><a title=\"[Emploi] Le Groupe CANARD recherche un MECANICIEN INDUSTRIEL confirm\u00e9\" class=\"read-more button\" href=\"https:\/\/www.fcgueugnon.fr\/wp\/emploi-le-groupe-canard-recherche-un-mecanicien-industriel-confirme\/35124#more-35124\">Lire la suite<span class=\"screen-reader-text\">[Emploi] Le Groupe CANARD recherche un MECANICIEN INDUSTRIEL confirm\u00e9<\/span><\/a><\/p>\n","protected":false},"author":1,"featured_media":30339,"comment_status":"closed","ping_status":"closed","sticky":false,"template":"","format":"standard","meta":{"_coblocks_attr":"","_coblocks_dimensions":"","_coblocks_responsive_height":"","_coblocks_accordion_ie_support":"","footnotes":""},"categories":[246,12],"tags":[108],"_links":{"self":[{"href":"https:\/\/www.fcgueugnon.fr\/wp\/wp-json\/wp\/v2\/posts\/35124"}],"collection":[{"href":"https:\/\/www.fcgueugnon.fr\/wp\/wp-json\/wp\/v2\/posts"}],"about":[{"href":"https:\/\/www.fcgueugnon.fr\/wp\/wp-json\/wp\/v2\/types\/post"}],"author":[{"embeddable":true,"href":"https:\/\/www.fcgueugnon.fr\/wp\/wp-json\/wp\/v2\/users\/1"}],"replies":[{"embeddable":true,"href":"https:\/\/www.fcgueugnon.fr\/wp\/wp-json\/wp\/v2\/comments?post=35124"}],"version-history":[{"count":0,"href":"https:\/\/www.fcgueugnon.fr\/wp\/wp-json\/wp\/v2\/posts\/35124\/revisions"}],"wp:featuredmedia":[{"embeddable":true,"href":"https:\/\/www.fcgueugnon.fr\/wp\/wp-json\/wp\/v2\/media\/30339"}],"wp:attachment":[{"href":"https:\/\/www.fcgueugnon.fr\/wp\/wp-json\/wp\/v2\/media?parent=35124"}],"wp:term":[{"taxonomy":"category","embeddable":true,"href":"https:\/\/www.fcgueugnon.fr\/wp\/wp-json\/wp\/v2\/categories?post=35124"},{"taxonomy":"post_tag","embeddable":true,"href":"https:\/\/www.fcgueugnon.fr\/wp\/wp-json\/wp\/v2\/tags?post=35124"}],"curies":[{"name":"wp","href":"https:\/\/api.w.org\/{rel}","templated":true}]}}