{"id":35070,"date":"2019-08-01T14:07:11","date_gmt":"2019-08-01T12:07:11","guid":{"rendered":"https:\/\/www.fcgueugnon.fr\/wp\/?p=35070"},"modified":"2019-08-01T14:07:11","modified_gmt":"2019-08-01T12:07:11","slug":"prepafcg-photos-le-fc-gueugnon-et-las-saint-priest-se-neutralisent","status":"publish","type":"post","link":"https:\/\/www.fcgueugnon.fr\/wp\/prepafcg-photos-le-fc-gueugnon-et-las-saint-priest-se-neutralisent\/35070","title":{"rendered":"#PrepaFCG &#8211; Photos : Le FC Gueugnon et l&rsquo;AS Saint Priest se neutralisent"},"content":{"rendered":"<p style=\"text-align: justify;\"><strong>Le FC Gueugnon et l&rsquo;AS Saint Priest (N2) s&rsquo;affrontaient dans le cadre d&rsquo;une rencontre de pr\u00e9paration. Au terme d&rsquo;un beau match de football, les deux \u00e9quipes se sont quitt\u00e9es sur un score de parit\u00e9 (1-1).<\/strong><\/p>\n<p style=\"text-align: justify;\">Photos: US Villerest<\/p>\n<div id='gallery-1' class='gallery galleryid-35070 gallery-columns-3 gallery-size-medium'><figure class='gallery-item'>\n\t\t\t<div class='gallery-icon landscape'>\n\t\t\t\t<a href='https:\/\/www.fcgueugnon.fr\/wp\/wp-content\/uploads\/2019\/08\/Amical-FCG-AS-Saint-Priest-31.jpg'><img loading=\"lazy\" decoding=\"async\" width=\"350\" height=\"263\" src=\"https:\/\/www.fcgueugnon.fr\/wp\/wp-content\/uploads\/2019\/08\/Amical-FCG-AS-Saint-Priest-31-350x263.jpg\" class=\"attachment-medium size-medium\" alt=\"\" \/><\/a>\n\t\t\t<\/div><\/figure><figure class='gallery-item'>\n\t\t\t<div class='gallery-icon landscape'>\n\t\t\t\t<a href='https:\/\/www.fcgueugnon.fr\/wp\/wp-content\/uploads\/2019\/08\/Amical-FCG-AS-Saint-Priest-30.jpg'><img loading=\"lazy\" decoding=\"async\" width=\"350\" height=\"263\" src=\"https:\/\/www.fcgueugnon.fr\/wp\/wp-content\/uploads\/2019\/08\/Amical-FCG-AS-Saint-Priest-30-350x263.jpg\" class=\"attachment-medium size-medium\" alt=\"\" \/><\/a>\n\t\t\t<\/div><\/figure><figure class='gallery-item'>\n\t\t\t<div class='gallery-icon landscape'>\n\t\t\t\t<a href='https:\/\/www.fcgueugnon.fr\/wp\/wp-content\/uploads\/2019\/08\/Amical-FCG-AS-Saint-Priest-29.jpg'><img loading=\"lazy\" decoding=\"async\" width=\"350\" height=\"263\" src=\"https:\/\/www.fcgueugnon.fr\/wp\/wp-content\/uploads\/2019\/08\/Amical-FCG-AS-Saint-Priest-29-350x263.jpg\" class=\"attachment-medium size-medium\" alt=\"\" \/><\/a>\n\t\t\t<\/div><\/figure><figure class='gallery-item'>\n\t\t\t<div class='gallery-icon landscape'>\n\t\t\t\t<a href='https:\/\/www.fcgueugnon.fr\/wp\/wp-content\/uploads\/2019\/08\/Amical-FCG-AS-Saint-Priest-28.jpg'><img loading=\"lazy\" decoding=\"async\" width=\"350\" height=\"263\" src=\"https:\/\/www.fcgueugnon.fr\/wp\/wp-content\/uploads\/2019\/08\/Amical-FCG-AS-Saint-Priest-28-350x263.jpg\" class=\"attachment-medium size-medium\" alt=\"\" \/><\/a>\n\t\t\t<\/div><\/figure><figure class='gallery-item'>\n\t\t\t<div class='gallery-icon landscape'>\n\t\t\t\t<a href='https:\/\/www.fcgueugnon.fr\/wp\/wp-content\/uploads\/2019\/08\/Amical-FCG-AS-Saint-Priest-27.jpg'><img loading=\"lazy\" decoding=\"async\" width=\"350\" height=\"263\" src=\"https:\/\/www.fcgueugnon.fr\/wp\/wp-content\/uploads\/2019\/08\/Amical-FCG-AS-Saint-Priest-27-350x263.jpg\" class=\"attachment-medium size-medium\" alt=\"\" \/><\/a>\n\t\t\t<\/div><\/figure><figure class='gallery-item'>\n\t\t\t<div class='gallery-icon landscape'>\n\t\t\t\t<a href='https:\/\/www.fcgueugnon.fr\/wp\/wp-content\/uploads\/2019\/08\/Amical-FCG-AS-Saint-Priest-26.jpg'><img loading=\"lazy\" decoding=\"async\" width=\"350\" height=\"263\" src=\"https:\/\/www.fcgueugnon.fr\/wp\/wp-content\/uploads\/2019\/08\/Amical-FCG-AS-Saint-Priest-26-350x263.jpg\" class=\"attachment-medium size-medium\" alt=\"\" \/><\/a>\n\t\t\t<\/div><\/figure><figure class='gallery-item'>\n\t\t\t<div class='gallery-icon landscape'>\n\t\t\t\t<a href='https:\/\/www.fcgueugnon.fr\/wp\/wp-content\/uploads\/2019\/08\/Amical-FCG-AS-Saint-Priest-25.jpg'><img loading=\"lazy\" decoding=\"async\" width=\"350\" height=\"263\" src=\"https:\/\/www.fcgueugnon.fr\/wp\/wp-content\/uploads\/2019\/08\/Amical-FCG-AS-Saint-Priest-25-350x263.jpg\" class=\"attachment-medium size-medium\" alt=\"\" \/><\/a>\n\t\t\t<\/div><\/figure><figure class='gallery-item'>\n\t\t\t<div class='gallery-icon landscape'>\n\t\t\t\t<a href='https:\/\/www.fcgueugnon.fr\/wp\/wp-content\/uploads\/2019\/08\/Amical-FCG-AS-Saint-Priest-24.jpg'><img loading=\"lazy\" decoding=\"async\" width=\"350\" height=\"263\" src=\"https:\/\/www.fcgueugnon.fr\/wp\/wp-content\/uploads\/2019\/08\/Amical-FCG-AS-Saint-Priest-24-350x263.jpg\" class=\"attachment-medium size-medium\" alt=\"\" \/><\/a>\n\t\t\t<\/div><\/figure><figure class='gallery-item'>\n\t\t\t<div class='gallery-icon landscape'>\n\t\t\t\t<a href='https:\/\/www.fcgueugnon.fr\/wp\/wp-content\/uploads\/2019\/08\/Amical-FCG-AS-Saint-Priest-23.jpg'><img loading=\"lazy\" decoding=\"async\" width=\"350\" height=\"263\" src=\"https:\/\/www.fcgueugnon.fr\/wp\/wp-content\/uploads\/2019\/08\/Amical-FCG-AS-Saint-Priest-23-350x263.jpg\" class=\"attachment-medium size-medium\" alt=\"\" \/><\/a>\n\t\t\t<\/div><\/figure><figure class='gallery-item'>\n\t\t\t<div class='gallery-icon landscape'>\n\t\t\t\t<a href='https:\/\/www.fcgueugnon.fr\/wp\/wp-content\/uploads\/2019\/08\/Amical-FCG-AS-Saint-Priest-22.jpg'><img loading=\"lazy\" decoding=\"async\" width=\"350\" height=\"263\" src=\"https:\/\/www.fcgueugnon.fr\/wp\/wp-content\/uploads\/2019\/08\/Amical-FCG-AS-Saint-Priest-22-350x263.jpg\" class=\"attachment-medium size-medium\" alt=\"\" \/><\/a>\n\t\t\t<\/div><\/figure><figure class='gallery-item'>\n\t\t\t<div class='gallery-icon landscape'>\n\t\t\t\t<a href='https:\/\/www.fcgueugnon.fr\/wp\/wp-content\/uploads\/2019\/08\/Amical-FCG-AS-Saint-Priest-21.jpg'><img loading=\"lazy\" decoding=\"async\" width=\"350\" height=\"263\" src=\"https:\/\/www.fcgueugnon.fr\/wp\/wp-content\/uploads\/2019\/08\/Amical-FCG-AS-Saint-Priest-21-350x263.jpg\" class=\"attachment-medium size-medium\" alt=\"\" \/><\/a>\n\t\t\t<\/div><\/figure><figure class='gallery-item'>\n\t\t\t<div class='gallery-icon landscape'>\n\t\t\t\t<a href='https:\/\/www.fcgueugnon.fr\/wp\/wp-content\/uploads\/2019\/08\/Amical-FCG-AS-Saint-Priest-20.jpg'><img loading=\"lazy\" decoding=\"async\" width=\"350\" height=\"263\" src=\"https:\/\/www.fcgueugnon.fr\/wp\/wp-content\/uploads\/2019\/08\/Amical-FCG-AS-Saint-Priest-20-350x263.jpg\" class=\"attachment-medium size-medium\" alt=\"\" \/><\/a>\n\t\t\t<\/div><\/figure><figure class='gallery-item'>\n\t\t\t<div class='gallery-icon landscape'>\n\t\t\t\t<a href='https:\/\/www.fcgueugnon.fr\/wp\/wp-content\/uploads\/2019\/08\/Amical-FCG-AS-Saint-Priest-19.jpg'><img loading=\"lazy\" decoding=\"async\" width=\"350\" height=\"263\" src=\"https:\/\/www.fcgueugnon.fr\/wp\/wp-content\/uploads\/2019\/08\/Amical-FCG-AS-Saint-Priest-19-350x263.jpg\" class=\"attachment-medium size-medium\" alt=\"\" \/><\/a>\n\t\t\t<\/div><\/figure><figure class='gallery-item'>\n\t\t\t<div class='gallery-icon landscape'>\n\t\t\t\t<a href='https:\/\/www.fcgueugnon.fr\/wp\/wp-content\/uploads\/2019\/08\/Amical-FCG-AS-Saint-Priest-18.jpg'><img loading=\"lazy\" decoding=\"async\" width=\"350\" height=\"263\" src=\"https:\/\/www.fcgueugnon.fr\/wp\/wp-content\/uploads\/2019\/08\/Amical-FCG-AS-Saint-Priest-18-350x263.jpg\" class=\"attachment-medium size-medium\" alt=\"\" \/><\/a>\n\t\t\t<\/div><\/figure><figure class='gallery-item'>\n\t\t\t<div class='gallery-icon landscape'>\n\t\t\t\t<a href='https:\/\/www.fcgueugnon.fr\/wp\/wp-content\/uploads\/2019\/08\/Amical-FCG-AS-Saint-Priest-17.jpg'><img loading=\"lazy\" decoding=\"async\" width=\"350\" height=\"263\" src=\"https:\/\/www.fcgueugnon.fr\/wp\/wp-content\/uploads\/2019\/08\/Amical-FCG-AS-Saint-Priest-17-350x263.jpg\" class=\"attachment-medium size-medium\" alt=\"\" \/><\/a>\n\t\t\t<\/div><\/figure><figure class='gallery-item'>\n\t\t\t<div class='gallery-icon landscape'>\n\t\t\t\t<a href='https:\/\/www.fcgueugnon.fr\/wp\/wp-content\/uploads\/2019\/08\/Amical-FCG-AS-Saint-Priest-16.jpg'><img loading=\"lazy\" decoding=\"async\" width=\"350\" height=\"263\" src=\"https:\/\/www.fcgueugnon.fr\/wp\/wp-content\/uploads\/2019\/08\/Amical-FCG-AS-Saint-Priest-16-350x263.jpg\" class=\"attachment-medium size-medium\" alt=\"\" \/><\/a>\n\t\t\t<\/div><\/figure><figure class='gallery-item'>\n\t\t\t<div class='gallery-icon landscape'>\n\t\t\t\t<a href='https:\/\/www.fcgueugnon.fr\/wp\/wp-content\/uploads\/2019\/08\/Amical-FCG-AS-Saint-Priest-15.jpg'><img loading=\"lazy\" decoding=\"async\" width=\"350\" height=\"263\" src=\"https:\/\/www.fcgueugnon.fr\/wp\/wp-content\/uploads\/2019\/08\/Amical-FCG-AS-Saint-Priest-15-350x263.jpg\" class=\"attachment-medium size-medium\" alt=\"\" \/><\/a>\n\t\t\t<\/div><\/figure><figure class='gallery-item'>\n\t\t\t<div class='gallery-icon landscape'>\n\t\t\t\t<a href='https:\/\/www.fcgueugnon.fr\/wp\/wp-content\/uploads\/2019\/08\/Amical-FCG-AS-Saint-Priest-14.jpg'><img loading=\"lazy\" decoding=\"async\" width=\"350\" height=\"263\" src=\"https:\/\/www.fcgueugnon.fr\/wp\/wp-content\/uploads\/2019\/08\/Amical-FCG-AS-Saint-Priest-14-350x263.jpg\" class=\"attachment-medium size-medium\" alt=\"\" \/><\/a>\n\t\t\t<\/div><\/figure><figure class='gallery-item'>\n\t\t\t<div class='gallery-icon landscape'>\n\t\t\t\t<a href='https:\/\/www.fcgueugnon.fr\/wp\/wp-content\/uploads\/2019\/08\/Amical-FCG-AS-Saint-Priest-13.jpg'><img loading=\"lazy\" decoding=\"async\" width=\"350\" height=\"263\" src=\"https:\/\/www.fcgueugnon.fr\/wp\/wp-content\/uploads\/2019\/08\/Amical-FCG-AS-Saint-Priest-13-350x263.jpg\" class=\"attachment-medium size-medium\" alt=\"\" \/><\/a>\n\t\t\t<\/div><\/figure><figure class='gallery-item'>\n\t\t\t<div class='gallery-icon landscape'>\n\t\t\t\t<a href='https:\/\/www.fcgueugnon.fr\/wp\/wp-content\/uploads\/2019\/08\/Amical-FCG-AS-Saint-Priest-12.jpg'><img loading=\"lazy\" decoding=\"async\" width=\"350\" height=\"263\" src=\"https:\/\/www.fcgueugnon.fr\/wp\/wp-content\/uploads\/2019\/08\/Amical-FCG-AS-Saint-Priest-12-350x263.jpg\" class=\"attachment-medium size-medium\" alt=\"\" \/><\/a>\n\t\t\t<\/div><\/figure><figure class='gallery-item'>\n\t\t\t<div class='gallery-icon landscape'>\n\t\t\t\t<a href='https:\/\/www.fcgueugnon.fr\/wp\/wp-content\/uploads\/2019\/08\/Amical-FCG-AS-Saint-Priest-11.jpg'><img loading=\"lazy\" decoding=\"async\" width=\"350\" height=\"263\" src=\"https:\/\/www.fcgueugnon.fr\/wp\/wp-content\/uploads\/2019\/08\/Amical-FCG-AS-Saint-Priest-11-350x263.jpg\" class=\"attachment-medium size-medium\" alt=\"\" \/><\/a>\n\t\t\t<\/div><\/figure><figure class='gallery-item'>\n\t\t\t<div class='gallery-icon landscape'>\n\t\t\t\t<a href='https:\/\/www.fcgueugnon.fr\/wp\/wp-content\/uploads\/2019\/08\/Amical-FCG-AS-Saint-Priest-10.jpg'><img loading=\"lazy\" decoding=\"async\" width=\"350\" height=\"263\" src=\"https:\/\/www.fcgueugnon.fr\/wp\/wp-content\/uploads\/2019\/08\/Amical-FCG-AS-Saint-Priest-10-350x263.jpg\" class=\"attachment-medium size-medium\" alt=\"\" \/><\/a>\n\t\t\t<\/div><\/figure><figure class='gallery-item'>\n\t\t\t<div class='gallery-icon landscape'>\n\t\t\t\t<a href='https:\/\/www.fcgueugnon.fr\/wp\/wp-content\/uploads\/2019\/08\/Amical-FCG-AS-Saint-Priest-9.jpg'><img loading=\"lazy\" decoding=\"async\" width=\"350\" height=\"263\" src=\"https:\/\/www.fcgueugnon.fr\/wp\/wp-content\/uploads\/2019\/08\/Amical-FCG-AS-Saint-Priest-9-350x263.jpg\" class=\"attachment-medium size-medium\" alt=\"\" \/><\/a>\n\t\t\t<\/div><\/figure><figure class='gallery-item'>\n\t\t\t<div class='gallery-icon landscape'>\n\t\t\t\t<a href='https:\/\/www.fcgueugnon.fr\/wp\/wp-content\/uploads\/2019\/08\/Amical-FCG-AS-Saint-Priest-8.jpg'><img loading=\"lazy\" decoding=\"async\" width=\"350\" height=\"263\" src=\"https:\/\/www.fcgueugnon.fr\/wp\/wp-content\/uploads\/2019\/08\/Amical-FCG-AS-Saint-Priest-8-350x263.jpg\" class=\"attachment-medium size-medium\" alt=\"\" \/><\/a>\n\t\t\t<\/div><\/figure><figure class='gallery-item'>\n\t\t\t<div class='gallery-icon landscape'>\n\t\t\t\t<a href='https:\/\/www.fcgueugnon.fr\/wp\/wp-content\/uploads\/2019\/08\/Amical-FCG-AS-Saint-Priest-7.jpg'><img loading=\"lazy\" decoding=\"async\" width=\"350\" height=\"263\" src=\"https:\/\/www.fcgueugnon.fr\/wp\/wp-content\/uploads\/2019\/08\/Amical-FCG-AS-Saint-Priest-7-350x263.jpg\" class=\"attachment-medium size-medium\" alt=\"\" \/><\/a>\n\t\t\t<\/div><\/figure><figure class='gallery-item'>\n\t\t\t<div class='gallery-icon landscape'>\n\t\t\t\t<a href='https:\/\/www.fcgueugnon.fr\/wp\/wp-content\/uploads\/2019\/08\/Amical-FCG-AS-Saint-Priest-6.jpg'><img loading=\"lazy\" decoding=\"async\" width=\"350\" height=\"263\" src=\"https:\/\/www.fcgueugnon.fr\/wp\/wp-content\/uploads\/2019\/08\/Amical-FCG-AS-Saint-Priest-6-350x263.jpg\" class=\"attachment-medium size-medium\" alt=\"\" \/><\/a>\n\t\t\t<\/div><\/figure><figure class='gallery-item'>\n\t\t\t<div class='gallery-icon landscape'>\n\t\t\t\t<a href='https:\/\/www.fcgueugnon.fr\/wp\/wp-content\/uploads\/2019\/08\/Amical-FCG-AS-Saint-Priest-5.jpg'><img loading=\"lazy\" decoding=\"async\" width=\"350\" height=\"263\" src=\"https:\/\/www.fcgueugnon.fr\/wp\/wp-content\/uploads\/2019\/08\/Amical-FCG-AS-Saint-Priest-5-350x263.jpg\" class=\"attachment-medium size-medium\" alt=\"\" \/><\/a>\n\t\t\t<\/div><\/figure><figure class='gallery-item'>\n\t\t\t<div class='gallery-icon landscape'>\n\t\t\t\t<a href='https:\/\/www.fcgueugnon.fr\/wp\/wp-content\/uploads\/2019\/08\/Amical-FCG-AS-Saint-Priest-4.jpg'><img loading=\"lazy\" decoding=\"async\" width=\"350\" height=\"263\" src=\"https:\/\/www.fcgueugnon.fr\/wp\/wp-content\/uploads\/2019\/08\/Amical-FCG-AS-Saint-Priest-4-350x263.jpg\" class=\"attachment-medium size-medium\" alt=\"\" \/><\/a>\n\t\t\t<\/div><\/figure><figure class='gallery-item'>\n\t\t\t<div class='gallery-icon landscape'>\n\t\t\t\t<a href='https:\/\/www.fcgueugnon.fr\/wp\/wp-content\/uploads\/2019\/08\/Amical-FCG-AS-Saint-Priest-3.jpg'><img loading=\"lazy\" decoding=\"async\" width=\"350\" height=\"263\" src=\"https:\/\/www.fcgueugnon.fr\/wp\/wp-content\/uploads\/2019\/08\/Amical-FCG-AS-Saint-Priest-3-350x263.jpg\" class=\"attachment-medium size-medium\" alt=\"\" \/><\/a>\n\t\t\t<\/div><\/figure><figure class='gallery-item'>\n\t\t\t<div class='gallery-icon landscape'>\n\t\t\t\t<a href='https:\/\/www.fcgueugnon.fr\/wp\/wp-content\/uploads\/2019\/08\/Amical-FCG-AS-Saint-Priest-1.jpg'><img loading=\"lazy\" decoding=\"async\" width=\"350\" height=\"263\" src=\"https:\/\/www.fcgueugnon.fr\/wp\/wp-content\/uploads\/2019\/08\/Amical-FCG-AS-Saint-Priest-1-350x263.jpg\" class=\"attachment-medium size-medium\" alt=\"\" \/><\/a>\n\t\t\t<\/div><\/figure>\n\t\t<\/div>\n\n<h3>\u25ba La fiche<\/h3>\n<p><strong>FC Gueugnon \/ AS Saint Priest : 1-1<br \/>\n<\/strong>\u00c0 Villerest &#8211; Stade Roger Rondard<br \/>\nBut : Wade (essai) &#8211; 11e<\/p>\n<h3>\u25ba <a href=\"https:\/\/www.fcgueugnon.fr\/wp\/prepafcg-match-2-fc-gueugnon-1-1-as-saint-priest\/35071#.XUKwsegzaM-\" rel=\"noopener\">Article d&rsquo;apr\u00e8s match<\/a><\/h3>\n","protected":false},"excerpt":{"rendered":"<p>Le FC Gueugnon et l&rsquo;AS Saint Priest (N2) s&rsquo;affrontaient dans le cadre d&rsquo;une rencontre de pr\u00e9paration. Au terme d&rsquo;un beau match de football, les deux \u00e9quipes se sont quitt\u00e9es sur un score de parit\u00e9 (1-1). Photos: US Villerest \u25ba La fiche FC Gueugnon \/ AS Saint Priest : 1-1 \u00c0 Villerest &#8211; Stade Roger Rondard &#8230; <\/p>\n<p class=\"read-more-container\"><a title=\"#PrepaFCG &#8211; Photos : Le FC Gueugnon et l&rsquo;AS Saint Priest se neutralisent\" class=\"read-more button\" href=\"https:\/\/www.fcgueugnon.fr\/wp\/prepafcg-photos-le-fc-gueugnon-et-las-saint-priest-se-neutralisent\/35070#more-35070\">Lire la suite<span class=\"screen-reader-text\">#PrepaFCG &#8211; Photos : Le FC Gueugnon et l&rsquo;AS Saint Priest se neutralisent<\/span><\/a><\/p>\n","protected":false},"author":14,"featured_media":35089,"comment_status":"closed","ping_status":"closed","sticky":true,"template":"","format":"standard","meta":{"_coblocks_attr":"","_coblocks_dimensions":"","_coblocks_responsive_height":"","_coblocks_accordion_ie_support":"","footnotes":""},"categories":[272,12],"tags":[168],"_links":{"self":[{"href":"https:\/\/www.fcgueugnon.fr\/wp\/wp-json\/wp\/v2\/posts\/35070"}],"collection":[{"href":"https:\/\/www.fcgueugnon.fr\/wp\/wp-json\/wp\/v2\/posts"}],"about":[{"href":"https:\/\/www.fcgueugnon.fr\/wp\/wp-json\/wp\/v2\/types\/post"}],"author":[{"embeddable":true,"href":"https:\/\/www.fcgueugnon.fr\/wp\/wp-json\/wp\/v2\/users\/14"}],"replies":[{"embeddable":true,"href":"https:\/\/www.fcgueugnon.fr\/wp\/wp-json\/wp\/v2\/comments?post=35070"}],"version-history":[{"count":0,"href":"https:\/\/www.fcgueugnon.fr\/wp\/wp-json\/wp\/v2\/posts\/35070\/revisions"}],"wp:featuredmedia":[{"embeddable":true,"href":"https:\/\/www.fcgueugnon.fr\/wp\/wp-json\/wp\/v2\/media\/35089"}],"wp:attachment":[{"href":"https:\/\/www.fcgueugnon.fr\/wp\/wp-json\/wp\/v2\/media?parent=35070"}],"wp:term":[{"taxonomy":"category","embeddable":true,"href":"https:\/\/www.fcgueugnon.fr\/wp\/wp-json\/wp\/v2\/categories?post=35070"},{"taxonomy":"post_tag","embeddable":true,"href":"https:\/\/www.fcgueugnon.fr\/wp\/wp-json\/wp\/v2\/tags?post=35070"}],"curies":[{"name":"wp","href":"https:\/\/api.w.org\/{rel}","templated":true}]}}