{"id":34467,"date":"2019-06-27T15:20:33","date_gmt":"2019-06-27T13:20:33","guid":{"rendered":"https:\/\/www.fcgueugnon.fr\/wp\/?p=34467"},"modified":"2019-06-27T15:20:33","modified_gmt":"2019-06-27T13:20:33","slug":"crcc-feu-vert-pour-le-fc-gueugnon","status":"publish","type":"post","link":"https:\/\/www.fcgueugnon.fr\/wp\/crcc-feu-vert-pour-le-fc-gueugnon\/34467","title":{"rendered":"[CRCC] Feu vert pour le FC Gueugnon"},"content":{"rendered":"<h3>Feu vert pour le FC Gueugnon auditionn\u00e9 ce lundi 24 Juin par la Commission R\u00e9gionale du Contr\u00f4le des Clubs (ndlr: la\u00a0 CRCC est l\u2019\u00e9quivalent de la DNCG au niveau Ligue BFC). Une d\u00e9cision\u00a0qui prouve la bonne gestion du club tant d&rsquo;un point de vue financier que structurel.<\/h3>\n<p><a href=\"https:\/\/www.fcgueugnon.fr\/wp\/wp-content\/uploads\/2019\/02\/logo-ligue-de-bourgogne-franche-comte-de-football.jpg\"><img loading=\"lazy\" decoding=\"async\" class=\"aligncenter size-full wp-image-30740\" src=\"https:\/\/www.fcgueugnon.fr\/wp\/wp-content\/uploads\/2019\/02\/logo-ligue-de-bourgogne-franche-comte-de-football.jpg\" alt=\"\" width=\"225\" height=\"225\" \/><\/a><\/p>\n","protected":false},"excerpt":{"rendered":"<p>Feu vert pour le FC Gueugnon auditionn\u00e9 ce lundi 24 Juin par la Commission R\u00e9gionale du Contr\u00f4le des Clubs (ndlr: la\u00a0 CRCC est l\u2019\u00e9quivalent de la DNCG au niveau Ligue BFC). Une d\u00e9cision\u00a0qui prouve la bonne gestion du club tant d&rsquo;un point de vue financier que structurel.<\/p>\n","protected":false},"author":1,"featured_media":30740,"comment_status":"closed","ping_status":"closed","sticky":false,"template":"","format":"standard","meta":{"_coblocks_attr":"","_coblocks_dimensions":"","_coblocks_responsive_height":"","_coblocks_accordion_ie_support":"","footnotes":""},"categories":[272,12],"tags":[146],"_links":{"self":[{"href":"https:\/\/www.fcgueugnon.fr\/wp\/wp-json\/wp\/v2\/posts\/34467"}],"collection":[{"href":"https:\/\/www.fcgueugnon.fr\/wp\/wp-json\/wp\/v2\/posts"}],"about":[{"href":"https:\/\/www.fcgueugnon.fr\/wp\/wp-json\/wp\/v2\/types\/post"}],"author":[{"embeddable":true,"href":"https:\/\/www.fcgueugnon.fr\/wp\/wp-json\/wp\/v2\/users\/1"}],"replies":[{"embeddable":true,"href":"https:\/\/www.fcgueugnon.fr\/wp\/wp-json\/wp\/v2\/comments?post=34467"}],"version-history":[{"count":0,"href":"https:\/\/www.fcgueugnon.fr\/wp\/wp-json\/wp\/v2\/posts\/34467\/revisions"}],"wp:featuredmedia":[{"embeddable":true,"href":"https:\/\/www.fcgueugnon.fr\/wp\/wp-json\/wp\/v2\/media\/30740"}],"wp:attachment":[{"href":"https:\/\/www.fcgueugnon.fr\/wp\/wp-json\/wp\/v2\/media?parent=34467"}],"wp:term":[{"taxonomy":"category","embeddable":true,"href":"https:\/\/www.fcgueugnon.fr\/wp\/wp-json\/wp\/v2\/categories?post=34467"},{"taxonomy":"post_tag","embeddable":true,"href":"https:\/\/www.fcgueugnon.fr\/wp\/wp-json\/wp\/v2\/tags?post=34467"}],"curies":[{"name":"wp","href":"https:\/\/api.w.org\/{rel}","templated":true}]}}