{"id":34444,"date":"2019-06-26T17:44:57","date_gmt":"2019-06-26T15:44:57","guid":{"rendered":"https:\/\/www.fcgueugnon.fr\/wp\/?p=34444"},"modified":"2019-06-26T20:05:16","modified_gmt":"2019-06-26T18:05:16","slug":"ol-genoa-juninho-et-sylvinho-seront-presents-a-gueugnon","status":"publish","type":"post","link":"https:\/\/www.fcgueugnon.fr\/wp\/ol-genoa-juninho-et-sylvinho-seront-presents-a-gueugnon\/34444","title":{"rendered":"[OL-Genoa] Juninho et Sylvinho seront pr\u00e9sents \u00e0 Gueugnon !"},"content":{"rendered":"<p style=\"text-align: justify;\"><strong>L&rsquo;information nous a \u00e9t\u00e9 confirm\u00e9e par les membres de l&rsquo;Olympique Lyonnais lors de leur venue \u00e0 Jean Laville ce mardi. Juninho, nouveau directeur sportif et l\u00e9gende de l&rsquo;OL sera pr\u00e9sent \u00e0 Gueugnon !<\/strong><\/p>\n<p style=\"text-align: justify;\">La l\u00e9gende br\u00e9silienne qui a pass\u00e9 huit saisons sous les couleurs lyonnaises et qui a glan\u00e9 les sept titres de Champion de France et une Coupe de France a d\u00e9cid\u00e9 d&rsquo;\u00e9crire une autre page avec son club de c\u0153ur. Cette fois-ci dans le costume de directeur sportif et avec son compatriote br\u00e9silien,\u00a0<strong>Sylvinho<\/strong>, nouveau coach de l&rsquo;\u00e9quipe professionnelle, pour l&rsquo;accompagner.<\/p>\n<p style=\"text-align: justify;\">Une nouvelle histoire peut d\u00e9buter ! Et celle-ci d\u00e9butera du c\u00f4t\u00e9 de Gueugnon puisque ce sera seulement la deuxi\u00e8me apparition du duo apr\u00e8s le match face au Servette Gen\u00e8ve.<\/p>\n<figure id=\"attachment_34445\" aria-describedby=\"caption-attachment-34445\" style=\"width: 340px\" class=\"wp-caption aligncenter\"><a href=\"https:\/\/www.billetweb.fr\/olympique-lyonnais-genoa-cfc\" target=\"_blank\" rel=\"noopener\"><img loading=\"lazy\" decoding=\"async\" class=\"wp-image-34445 size-medium\" src=\"https:\/\/www.fcgueugnon.fr\/wp\/wp-content\/uploads\/2019\/06\/Juninho-et-Sylvinho-seront-pr\u00e9sents-\u00e0-Gueugnon-350x233.jpg\" alt=\"\" width=\"350\" height=\"233\" \/><\/a><figcaption id=\"caption-attachment-34445\" class=\"wp-caption-text\">Cr\u00e9dit photo: ol.fr<\/figcaption><\/figure>\n<p>&nbsp;<\/p>\n<p style=\"text-align: center;\"><strong>&#x1f447; <a href=\"https:\/\/www.billetweb.fr\/olympique-lyonnais-genoa-cfc\" target=\"_blank\" rel=\"noopener\">R\u00e9servez vos billets d\u00e8s maintenant, juste ici !<\/a>\u00a0&#x1f447;<\/strong><\/p>\n<p>&nbsp;<\/p>\n<p><a href=\"https:\/\/www.fcgueugnon.fr\/wp\/wp-content\/uploads\/2019\/06\/Affiche-OL-Genoa-version-d\u00e9finitive-r\u00e9duite-1.png\"><img loading=\"lazy\" decoding=\"async\" class=\"alignnone size-full wp-image-34372\" src=\"https:\/\/www.fcgueugnon.fr\/wp\/wp-content\/uploads\/2019\/06\/Affiche-OL-Genoa-version-d\u00e9finitive-r\u00e9duite-1.png\" alt=\"\" width=\"1191\" height=\"1684\" \/><\/a><\/p>\n<p><a class=\"shop_frame\" title=\"Vente de billets en ligne\" href=\"https:\/\/www.billetweb.fr\/shop.php?event=olympique-lyonnais-genoa-cfc\" target=\"_blank\" rel=\"noopener\" data-src=\"https:\/\/www.billetweb.fr\/shop.php?event=olympique-lyonnais-genoa-cfc\" data-max-width=\"100%\" data-initial-height=\"600\" data-scrolling=\"no\" data-id=\"olympique-lyonnais-genoa-cfc\" data-resize=\"1\">Vente de billets en ligne<\/a><script type=\"text\/javascript\" src=\"https:\/\/www.billetweb.fr\/js\/export.js\"><\/script><\/p>\n<ul>\n<li>Lien direct vers la billetterie en ligne :\u00a0<a href=\"https:\/\/www.billetweb.fr\/olympique-lyonnais-genoa-cfc\" target=\"_blank\" rel=\"noopener\">www.billetweb.fr\/olympique-lyonnais-genoa-cfc<\/a><\/li>\n<\/ul>\n<figure id=\"attachment_34150\" aria-describedby=\"caption-attachment-34150\" style=\"width: 340px\" class=\"wp-caption aligncenter\"><a href=\"https:\/\/www.fcgueugnon.fr\/wp\/club\/jean-laville\"><img loading=\"lazy\" decoding=\"async\" class=\"wp-image-34150 size-medium\" src=\"https:\/\/www.fcgueugnon.fr\/wp\/wp-content\/uploads\/2019\/06\/Jean-Laville-vue-du-ciel-5-350x263.jpg\" alt=\"\" width=\"350\" height=\"263\" \/><\/a><figcaption id=\"caption-attachment-34150\" class=\"wp-caption-text\">D\u00e9tails du stade Jean Laville<\/figcaption><\/figure>\n","protected":false},"excerpt":{"rendered":"<p>L&rsquo;information nous a \u00e9t\u00e9 confirm\u00e9e par les membres de l&rsquo;Olympique Lyonnais lors de leur venue \u00e0 Jean Laville ce mardi. Juninho, nouveau directeur sportif et l\u00e9gende de l&rsquo;OL sera pr\u00e9sent \u00e0 Gueugnon ! La l\u00e9gende br\u00e9silienne qui a pass\u00e9 huit saisons sous les couleurs lyonnaises et qui a glan\u00e9 les sept titres de Champion de &#8230; <\/p>\n<p class=\"read-more-container\"><a title=\"[OL-Genoa] Juninho et Sylvinho seront pr\u00e9sents \u00e0 Gueugnon !\" class=\"read-more button\" href=\"https:\/\/www.fcgueugnon.fr\/wp\/ol-genoa-juninho-et-sylvinho-seront-presents-a-gueugnon\/34444#more-34444\">Lire la suite<span class=\"screen-reader-text\">[OL-Genoa] Juninho et Sylvinho seront pr\u00e9sents \u00e0 Gueugnon !<\/span><\/a><\/p>\n","protected":false},"author":14,"featured_media":34445,"comment_status":"closed","ping_status":"closed","sticky":false,"template":"","format":"standard","meta":{"_coblocks_attr":"","_coblocks_dimensions":"","_coblocks_responsive_height":"","_coblocks_accordion_ie_support":"","footnotes":""},"categories":[272,12],"tags":[199,273],"_links":{"self":[{"href":"https:\/\/www.fcgueugnon.fr\/wp\/wp-json\/wp\/v2\/posts\/34444"}],"collection":[{"href":"https:\/\/www.fcgueugnon.fr\/wp\/wp-json\/wp\/v2\/posts"}],"about":[{"href":"https:\/\/www.fcgueugnon.fr\/wp\/wp-json\/wp\/v2\/types\/post"}],"author":[{"embeddable":true,"href":"https:\/\/www.fcgueugnon.fr\/wp\/wp-json\/wp\/v2\/users\/14"}],"replies":[{"embeddable":true,"href":"https:\/\/www.fcgueugnon.fr\/wp\/wp-json\/wp\/v2\/comments?post=34444"}],"version-history":[{"count":0,"href":"https:\/\/www.fcgueugnon.fr\/wp\/wp-json\/wp\/v2\/posts\/34444\/revisions"}],"wp:featuredmedia":[{"embeddable":true,"href":"https:\/\/www.fcgueugnon.fr\/wp\/wp-json\/wp\/v2\/media\/34445"}],"wp:attachment":[{"href":"https:\/\/www.fcgueugnon.fr\/wp\/wp-json\/wp\/v2\/media?parent=34444"}],"wp:term":[{"taxonomy":"category","embeddable":true,"href":"https:\/\/www.fcgueugnon.fr\/wp\/wp-json\/wp\/v2\/categories?post=34444"},{"taxonomy":"post_tag","embeddable":true,"href":"https:\/\/www.fcgueugnon.fr\/wp\/wp-json\/wp\/v2\/tags?post=34444"}],"curies":[{"name":"wp","href":"https:\/\/api.w.org\/{rel}","templated":true}]}}