{"id":33913,"date":"2019-05-31T22:35:27","date_gmt":"2019-05-31T20:35:27","guid":{"rendered":"https:\/\/www.fcgueugnon.fr\/wp\/?p=33913"},"modified":"2019-05-31T22:35:27","modified_gmt":"2019-05-31T20:35:27","slug":"media-interview-dalbert-baning-sur-footmercato-net","status":"publish","type":"post","link":"https:\/\/www.fcgueugnon.fr\/wp\/media-interview-dalbert-baning-sur-footmercato-net\/33913","title":{"rendered":"[Media] Interview d&rsquo;Albert BANING sur FootMercato.net"},"content":{"rendered":"<h3 class=\"line h3-like\"><em>Il a connu la Chine \u00e0 16 ans, le PSG jouant sa survie en Ligue 1, Sedan au niveau professionnel ou encore la Bulgarie et commence une reconversion d&rsquo;arbitre. Aujourd&rsquo;hui \u00e0 Gueugnon en National 3, Albert Baning (34 ans) n&rsquo;en a pas tout \u00e0 fait termin\u00e9 avec le football mais il a bien voulu jeter un petit coup d\u2019\u0153il dans le r\u00e9troviseur d&rsquo;une carri\u00e8re peu commune.<\/em><\/h3>\n<p>&nbsp;<\/p>\n<figure id=\"attachment_27040\" aria-describedby=\"caption-attachment-27040\" style=\"width: 404px\" class=\"wp-caption aligncenter\"><a href=\"http:\/\/www.footmercato.net\/autre-championnat\/albert-baning-je-ne-considere-pas-mon-passage-au-psg-comme-un-echec_254588?fbclid=IwAR32L3_ox_jALwGv7K9l1FzACSCBB88tBp13duaNPzsoHkKOUGGS5TNpUpM\" target=\"_blank\" rel=\"noopener\"><img loading=\"lazy\" decoding=\"async\" class=\"size-large wp-image-27040\" src=\"https:\/\/www.fcgueugnon.fr\/wp\/wp-content\/uploads\/2018\/05\/Albert-BANING-4-414x700.jpg\" alt=\"\" width=\"414\" height=\"700\" \/><\/a><figcaption id=\"caption-attachment-27040\" class=\"wp-caption-text\">Albert BANING, Milieu<\/figcaption><\/figure>\n<p>&nbsp;<\/p>\n<h3>Sa carri\u00e8re, le FCG, sa vision tr\u00e8s int\u00e9ressante de l&rsquo;arbitrage&#8230; <a href=\"http:\/\/www.footmercato.net\/autre-championnat\/albert-baning-je-ne-considere-pas-mon-passage-au-psg-comme-un-echec_254588?fbclid=IwAR32L3_ox_jALwGv7K9l1FzACSCBB88tBp13duaNPzsoHkKOUGGS5TNpUpM\" target=\"_blank\" rel=\"noopener\">Retrouvez l&rsquo;interview du grand Albert BANING sur FootMercato : http:\/\/www.footmercato.net\/autre-championnat\/albert-baning-je-ne-considere-pas-mon-passage-au-psg-comme-un-echec_254588<\/a><\/h3>\n","protected":false},"excerpt":{"rendered":"<p>Il a connu la Chine \u00e0 16 ans, le PSG jouant sa survie en Ligue 1, Sedan au niveau professionnel ou encore la Bulgarie et commence une reconversion d&rsquo;arbitre. Aujourd&rsquo;hui \u00e0 Gueugnon en National 3, Albert Baning (34 ans) n&rsquo;en a pas tout \u00e0 fait termin\u00e9 avec le football mais il a bien voulu jeter &#8230; <\/p>\n<p class=\"read-more-container\"><a title=\"[Media] Interview d&rsquo;Albert BANING sur FootMercato.net\" class=\"read-more button\" href=\"https:\/\/www.fcgueugnon.fr\/wp\/media-interview-dalbert-baning-sur-footmercato-net\/33913#more-33913\">Lire la suite<span class=\"screen-reader-text\">[Media] Interview d&rsquo;Albert BANING sur FootMercato.net<\/span><\/a><\/p>\n","protected":false},"author":1,"featured_media":27040,"comment_status":"closed","ping_status":"closed","sticky":false,"template":"","format":"standard","meta":{"_coblocks_attr":"","_coblocks_dimensions":"","_coblocks_responsive_height":"","_coblocks_accordion_ie_support":"","footnotes":""},"categories":[60,246,12],"tags":[97,200],"_links":{"self":[{"href":"https:\/\/www.fcgueugnon.fr\/wp\/wp-json\/wp\/v2\/posts\/33913"}],"collection":[{"href":"https:\/\/www.fcgueugnon.fr\/wp\/wp-json\/wp\/v2\/posts"}],"about":[{"href":"https:\/\/www.fcgueugnon.fr\/wp\/wp-json\/wp\/v2\/types\/post"}],"author":[{"embeddable":true,"href":"https:\/\/www.fcgueugnon.fr\/wp\/wp-json\/wp\/v2\/users\/1"}],"replies":[{"embeddable":true,"href":"https:\/\/www.fcgueugnon.fr\/wp\/wp-json\/wp\/v2\/comments?post=33913"}],"version-history":[{"count":0,"href":"https:\/\/www.fcgueugnon.fr\/wp\/wp-json\/wp\/v2\/posts\/33913\/revisions"}],"wp:featuredmedia":[{"embeddable":true,"href":"https:\/\/www.fcgueugnon.fr\/wp\/wp-json\/wp\/v2\/media\/27040"}],"wp:attachment":[{"href":"https:\/\/www.fcgueugnon.fr\/wp\/wp-json\/wp\/v2\/media?parent=33913"}],"wp:term":[{"taxonomy":"category","embeddable":true,"href":"https:\/\/www.fcgueugnon.fr\/wp\/wp-json\/wp\/v2\/categories?post=33913"},{"taxonomy":"post_tag","embeddable":true,"href":"https:\/\/www.fcgueugnon.fr\/wp\/wp-json\/wp\/v2\/tags?post=33913"}],"curies":[{"name":"wp","href":"https:\/\/api.w.org\/{rel}","templated":true}]}}