{"id":33718,"date":"2019-05-27T17:30:11","date_gmt":"2019-05-27T15:30:11","guid":{"rendered":"https:\/\/www.fcgueugnon.fr\/wp\/?p=33718"},"modified":"2019-05-27T13:21:30","modified_gmt":"2019-05-27T11:21:30","slug":"n3-j26-fc-gueugnon-4-0-fc-grandvillars-reactions","status":"publish","type":"post","link":"https:\/\/www.fcgueugnon.fr\/wp\/n3-j26-fc-gueugnon-4-0-fc-grandvillars-reactions\/33718","title":{"rendered":"[N3 J26] FC Gueugnon 4 \u2013 0 FC Grandvillars : R\u00e9actions"},"content":{"rendered":"<p>Retrouvez les r\u00e9actions de<strong> Bernard CANARD, Philippe CORREIA,<\/strong> <strong>Franck REVUELTA <\/strong>et<strong> Lamine SOUMAH<\/strong> capt\u00e9es par Piero \u00e0 l&rsquo;issue de la victoire face au FC Grandvillars (4-0).<\/p>\n<p>&nbsp;<\/p>\n<p><a href=\"https:\/\/www.fcgueugnon.fr\/wp\/wp-content\/uploads\/2014\/08\/micro.png\"><img loading=\"lazy\" decoding=\"async\" class=\" wp-image-12065 aligncenter\" src=\"https:\/\/www.fcgueugnon.fr\/wp\/wp-content\/uploads\/2014\/08\/micro.png\" alt=\"micro interview\" width=\"100\" height=\"100\" \/><\/a><\/p>\n<p>&nbsp;<\/p>\n<h3><strong>Bernard CANARD : Pr\u00e9sident<br \/>\n<\/strong><\/h3>\n<p><img loading=\"lazy\" decoding=\"async\" class=\"wp-image-33489 size-medium aligncenter\" src=\"https:\/\/www.fcgueugnon.fr\/wp\/wp-content\/uploads\/2019\/05\/Pr\u00e9sident-Bernard-Canard-350x209.png\" alt=\"\" width=\"350\" height=\"209\" \/><\/p>\n<p>&nbsp;<\/p>\n<p><strong>Piero\u00a0:<\/strong>\u00a0<strong>Pr\u00e9sident, ce soir votre \u00e9quipe vous a apport\u00e9 un peu de baume au c\u0153ur quand m\u00eame avec cette victoire\u00a0?\u00a0:<br \/>\n<\/strong>Bernard CANARD : \u00ab<strong>\u00a0<\/strong>C\u2019\u00e9tait un imp\u00e9ratif devant notre public de se racheter du match \u00e0 Montceau. On a bien vu quand m\u00eame que c\u2019est un match de fin de saison. On a fait les choses comme on devait le faire, on gagne le match largement 4-0 et on a marqu\u00e9 les buts qu\u2019on n\u2019avait pas marqu\u00e9 lors des autres matchs. Donc bravo au groupe. On a encore j\u2019esp\u00e8re deux matchs \u00e0 jouer et deux matchs \u00e0 gagner. Le championnat est termin\u00e9 mais pas la fin de saison. Maintenant on va aller conqu\u00e9rir cette coupe de Bourgogne Franche-Comt\u00e9\u00a0! \u00bb<\/p>\n<p>&nbsp;<\/p>\n<h3><strong>Philippe CORREIA : Entraineur<br \/>\n<\/strong><\/h3>\n<p><img loading=\"lazy\" decoding=\"async\" class=\"wp-image-28555 size-medium aligncenter\" src=\"https:\/\/www.fcgueugnon.fr\/wp\/wp-content\/uploads\/2018\/09\/D56I0217-e1537119560802-233x350.jpg\" alt=\"\" width=\"233\" height=\"350\" \/><\/p>\n<p>&nbsp;<\/p>\n<p><strong>Piero\u00a0:\u00a0<\/strong><strong>Philipe, c\u2019est une victoire devant notre public qui doit vous r\u00e9conforter de cette triste soir\u00e9e aux Alouettes\u00a0?\u00a0:<br \/>\n<\/strong>Philippe CORREIA : \u00ab\u00a0Je ne\u00a0vais retenir que la seconde p\u00e9riode. Ce qui fait du bien, c\u2019est d\u2019avoir marqu\u00e9 4 buts. \u00bb<\/p>\n<p><strong>Tu avais \u00e9mis le souhait de faire rentrer des jeunes. La rentr\u00e9e de Matthieu Chaumet a d\u00fb \u00eatre une satisfaction\u00a0? :<br \/>\n<\/strong>\u00ab\u00a0Oui il nous apporte de la fraicheur, de la profondeur, de la vitesse, choses qui nous ont manqu\u00e9es cette saison. Quand on voit un jeune joueur prendre des initiatives comme il le fait, c\u2019est plut\u00f4t int\u00e9ressant pour la suite.\u00a0\u00bb<\/p>\n<p><strong>Justement, un mot avant d\u2019aborder la demi-finale contre Pont de Roide\u00a0? :<br \/>\n<\/strong>\u00ab\u00a0L\u2019objectif c\u2019est de remporter cette coupe\u00a0! On a la chance et l\u2019opportunit\u00e9 de jouer \u00e0 la maison donc on doit prendre ce match avec beaucoup de s\u00e9rieux. Il ne faudra surtout pas l\u2019aborder comme en premi\u00e8re mi-temps sinon on aura de dr\u00f4les de surprises.\u00a0\u00bb<\/p>\n<p>&nbsp;<\/p>\n<h3><strong>Franck REVUELTA : Attaquant<br \/>\n<\/strong><\/h3>\n<p><img loading=\"lazy\" decoding=\"async\" class=\"wp-image-28532 size-medium aligncenter\" src=\"https:\/\/www.fcgueugnon.fr\/wp\/wp-content\/uploads\/2018\/09\/D56I0188-e1537117566156-233x350.jpg\" alt=\"\" width=\"233\" height=\"350\" \/><\/p>\n<p>&nbsp;<\/p>\n<p><strong>Piero\u00a0:\u00a0<\/strong><strong>Franck, c\u2019est une victoire qui vous r\u00e9conforte un peu\u00a0? :<br \/>\n<\/strong>Franck REVUELTA : \u00ab\u00a0Oui on avait \u00e0 c\u0153ur de se racheter de la d\u00e9convenue de Montceau m\u00eame si \u00e7a n\u2019efface pas tout. On voulait finir ce championnat sur une bonne note pour essayer de pr\u00e9parer au mieux la saison prochaine.\u00a0\u00bb<\/p>\n<p><strong>Tu as inscrit un doubl\u00e9, cela doit aussi te rassurer et te faire plaisir\u00a0? :<br \/>\n<\/strong>\u00ab\u00a0Je sors d\u2019une saison compliqu\u00e9e lors de laquelle j\u2019ai eu pas mal de petits \u00ab\u00a0p\u00e9pins\u00a0\u00bb physiques, je n\u2019ai jamais pu \u00eatre \u00e0 100 %. Je me sentais un peu mieux sur la fin de saison et j\u2018esp\u00e8re commencer la prochaine comme j\u2019ai fini celle-ci.\u00a0\u00bb<\/p>\n<p><strong>Il reste la coupe de Bourgogne Franche-Comt\u00e9, c\u2019est un troph\u00e9e qui int\u00e9resse le club :<br \/>\n<\/strong>\u00ab\u00a0Oui c\u2019est toujours gratifiant de pouvoir gagner cette coupe. On va tout faire pour essayer de la gagner et ramener un troph\u00e9e cette ann\u00e9e, m\u00eame si ce n\u2019\u00e9tait pas l\u2019objectif initial.\u00a0\u00bb<\/p>\n<p>&nbsp;<\/p>\n<h3><strong>Lamine SOUMAH : Attaquant<br \/>\n<\/strong><\/h3>\n<p><img loading=\"lazy\" decoding=\"async\" class=\"wp-image-28548 size-medium aligncenter\" src=\"https:\/\/www.fcgueugnon.fr\/wp\/wp-content\/uploads\/2018\/09\/D56I0210-e1537119413534-233x350.jpg\" alt=\"\" width=\"233\" height=\"350\" \/><\/p>\n<h6 style=\"text-align: center;\"><em>\u00a0<\/em><\/h6>\n<p><strong>Piero\u00a0:\u00a0<\/strong><strong>Lamine, c\u2019est une victoire qui fait du bien au moral\u00a0?\u00a0:<br \/>\n<\/strong>Lamine SOUMAH : \u00ab\u00a0Oui on termine sur une bonne note et \u00e7a fait toujours plaisir. En deuxi\u00e8me mi-temps on a tout donn\u00e9, puis on a \u00e9t\u00e9 r\u00e9compens\u00e9s.\u00a0\u00bb<strong>\u00a0<\/strong><\/p>\n<p><strong>Tu dois aussi \u00eatre satisfait par ton doubl\u00e9\u00a0? :<br \/>\n<\/strong>\u00ab\u00a0Oui je suis content mais c\u2019est une satisfaction collective\u00a0! Je pense qu\u2019on avait aussi \u00e0 c\u0153ur de bien finir le championnat devant notre public, c\u2019est chose faite.\u00a0\u00bb<\/p>\n<p><strong>Avant de partir en vacances il y a une demi-finale, cela doit donner du capital confiance pour l\u2019aborder\u00a0? :<br \/>\n<\/strong>\u00ab<strong>\u00a0<\/strong>Bien s\u00fbr la coupe pour moi c\u2019est quelque chose qu\u2019on doit imp\u00e9rativement gagner m\u00eame si je n\u2019aime pas annoncer une victoire avant. Mais on se doit de garder en t\u00eate qu\u2019on doit finir sur une belle note.\u00a0\u00bb<\/p>\n<p>&nbsp;<\/p>\n<p>Merci \u00e0 tous pour ces r\u00e9actions.<\/p>\n<p style=\"text-align: center;\">&#8212;<\/p>\n<p>&nbsp;<\/p>\n<blockquote><p>\u25ba <a href=\"https:\/\/www.fcgueugnon.fr\/wp\/n3-j26-fc-gueugnon-4-0-fc-grandvillars-resultat\/33590#.XOu7C4_gqM8\" target=\"_blank\" rel=\"noopener\">Article d\u2019apr\u00e8s match<\/a><\/p><\/blockquote>\n<p><img loading=\"lazy\" decoding=\"async\" class=\"wp-image-33600 size-medium aligncenter\" src=\"https:\/\/www.fcgueugnon.fr\/wp\/wp-content\/uploads\/2019\/05\/61547343_10157499283902859_7432490598499614720_n-350x350.jpg\" alt=\"\" width=\"350\" height=\"350\" \/><\/p>\n","protected":false},"excerpt":{"rendered":"<p>Retrouvez les r\u00e9actions de Bernard CANARD, Philippe CORREIA, Franck REVUELTA et Lamine SOUMAH capt\u00e9es par Piero \u00e0 l&rsquo;issue de la victoire face au FC Grandvillars (4-0). &nbsp; &nbsp; Bernard CANARD : Pr\u00e9sident &nbsp; Piero\u00a0:\u00a0Pr\u00e9sident, ce soir votre \u00e9quipe vous a apport\u00e9 un peu de baume au c\u0153ur quand m\u00eame avec cette victoire\u00a0?\u00a0: Bernard CANARD : &#8230; <\/p>\n<p class=\"read-more-container\"><a title=\"[N3 J26] FC Gueugnon 4 \u2013 0 FC Grandvillars : R\u00e9actions\" class=\"read-more button\" href=\"https:\/\/www.fcgueugnon.fr\/wp\/n3-j26-fc-gueugnon-4-0-fc-grandvillars-reactions\/33718#more-33718\">Lire la suite<span class=\"screen-reader-text\">[N3 J26] FC Gueugnon 4 \u2013 0 FC Grandvillars : R\u00e9actions<\/span><\/a><\/p>\n","protected":false},"author":15,"featured_media":33561,"comment_status":"closed","ping_status":"closed","sticky":true,"template":"","format":"standard","meta":{"_coblocks_attr":"","_coblocks_dimensions":"","_coblocks_responsive_height":"","_coblocks_accordion_ie_support":"","footnotes":""},"categories":[246,12],"tags":[97],"_links":{"self":[{"href":"https:\/\/www.fcgueugnon.fr\/wp\/wp-json\/wp\/v2\/posts\/33718"}],"collection":[{"href":"https:\/\/www.fcgueugnon.fr\/wp\/wp-json\/wp\/v2\/posts"}],"about":[{"href":"https:\/\/www.fcgueugnon.fr\/wp\/wp-json\/wp\/v2\/types\/post"}],"author":[{"embeddable":true,"href":"https:\/\/www.fcgueugnon.fr\/wp\/wp-json\/wp\/v2\/users\/15"}],"replies":[{"embeddable":true,"href":"https:\/\/www.fcgueugnon.fr\/wp\/wp-json\/wp\/v2\/comments?post=33718"}],"version-history":[{"count":0,"href":"https:\/\/www.fcgueugnon.fr\/wp\/wp-json\/wp\/v2\/posts\/33718\/revisions"}],"wp:featuredmedia":[{"embeddable":true,"href":"https:\/\/www.fcgueugnon.fr\/wp\/wp-json\/wp\/v2\/media\/33561"}],"wp:attachment":[{"href":"https:\/\/www.fcgueugnon.fr\/wp\/wp-json\/wp\/v2\/media?parent=33718"}],"wp:term":[{"taxonomy":"category","embeddable":true,"href":"https:\/\/www.fcgueugnon.fr\/wp\/wp-json\/wp\/v2\/categories?post=33718"},{"taxonomy":"post_tag","embeddable":true,"href":"https:\/\/www.fcgueugnon.fr\/wp\/wp-json\/wp\/v2\/tags?post=33718"}],"curies":[{"name":"wp","href":"https:\/\/api.w.org\/{rel}","templated":true}]}}