{"id":33610,"date":"2019-05-26T10:51:31","date_gmt":"2019-05-26T08:51:31","guid":{"rendered":"https:\/\/www.fcgueugnon.fr\/wp\/?p=33610"},"modified":"2019-05-26T10:51:31","modified_gmt":"2019-05-26T08:51:31","slug":"seniors-lives-pour-la-finale-pour-les-feminines-et-lavant-derniere-journee-de-r3","status":"publish","type":"post","link":"https:\/\/www.fcgueugnon.fr\/wp\/seniors-lives-pour-la-finale-pour-les-feminines-et-lavant-derniere-journee-de-r3\/33610","title":{"rendered":"[S\u00e9niors] Lives pour la finale pour les f\u00e9minines et l&rsquo;avant-derni\u00e8re journ\u00e9e de R3"},"content":{"rendered":"<h3>Rendez-vous :<\/h3>\n<h3>&#8211; \u00e0 15h00 pour la finale de Coupe 71 \u00e0 Ouroux entre les s\u00e9niors f\u00e9minines et Tramayes<br \/>\n&#8211; \u00e0 15h00 au stade de la bruy\u00e8re \u00e0 La Guiche pour l&rsquo;avant-dernier journ\u00e9e de R3 o\u00f9 les s\u00e9niors B, actuel leader, continuerons de jouer la mont\u00e9e !<\/h3>\n<p>&nbsp;<\/p>\n<p><a href=\"https:\/\/www.fcgueugnon.fr\/wp\/wp-content\/uploads\/2019\/05\/seniors-feminines-fc-gueugnon-finale-tramayes.jpg\"><img loading=\"lazy\" decoding=\"async\" class=\"aligncenter wp-image-33571 size-large\" src=\"https:\/\/www.fcgueugnon.fr\/wp\/wp-content\/uploads\/2019\/05\/seniors-feminines-fc-gueugnon-finale-tramayes-700x700.jpg\" alt=\"\" width=\"700\" height=\"700\" \/><\/a><\/p>\n<p><a href=\"https:\/\/www.fcgueugnon.fr\/wp\/wp-content\/uploads\/2019\/05\/seniors-B-st-bonnet-la-guiche.jpg\"><img loading=\"lazy\" decoding=\"async\" class=\"aligncenter wp-image-33572 size-large\" src=\"https:\/\/www.fcgueugnon.fr\/wp\/wp-content\/uploads\/2019\/05\/seniors-B-st-bonnet-la-guiche-700x700.jpg\" alt=\"\" width=\"700\" height=\"700\" \/><\/a><\/p>\n<p>2 matchs \u00e0 suivre en live au stade et sur notre page Facebook : <a href=\"http:\/\/www.facebook.com\/FCGueugnon\" target=\"_blank\" rel=\"noopener\">www.facebook.com\/FCGueugnon<\/a> et notre compte Twitter : <a href=\"http:\/\/www.twitter.com\/FCGueugnon_off\" target=\"_blank\" rel=\"noopener\">www.twitter.com\/FCGueugnon_off<\/a><\/p>\n<p>&nbsp;<\/p>\n<p>\u25ba <a href=\"https:\/\/www.fcgueugnon.fr\/wp\/agenda-semaine-du-20-au-26-mai-2019\/33513\">[Agenda] Semaine du 20 au 26 Mai 2019<\/a><\/p>\n","protected":false},"excerpt":{"rendered":"<p>Rendez-vous : &#8211; \u00e0 15h00 pour la finale de Coupe 71 \u00e0 Ouroux entre les s\u00e9niors f\u00e9minines et Tramayes &#8211; \u00e0 15h00 au stade de la bruy\u00e8re \u00e0 La Guiche pour l&rsquo;avant-dernier journ\u00e9e de R3 o\u00f9 les s\u00e9niors B, actuel leader, continuerons de jouer la mont\u00e9e ! &nbsp; 2 matchs \u00e0 suivre en live au &#8230; <\/p>\n<p class=\"read-more-container\"><a title=\"[S\u00e9niors] Lives pour la finale pour les f\u00e9minines et l&rsquo;avant-derni\u00e8re journ\u00e9e de R3\" class=\"read-more button\" href=\"https:\/\/www.fcgueugnon.fr\/wp\/seniors-lives-pour-la-finale-pour-les-feminines-et-lavant-derniere-journee-de-r3\/33610#more-33610\">Lire la suite<span class=\"screen-reader-text\">[S\u00e9niors] Lives pour la finale pour les f\u00e9minines et l&rsquo;avant-derni\u00e8re journ\u00e9e de R3<\/span><\/a><\/p>\n","protected":false},"author":1,"featured_media":33571,"comment_status":"closed","ping_status":"closed","sticky":false,"template":"","format":"standard","meta":{"_coblocks_attr":"","_coblocks_dimensions":"","_coblocks_responsive_height":"","_coblocks_accordion_ie_support":"","footnotes":""},"categories":[246,12],"tags":[],"_links":{"self":[{"href":"https:\/\/www.fcgueugnon.fr\/wp\/wp-json\/wp\/v2\/posts\/33610"}],"collection":[{"href":"https:\/\/www.fcgueugnon.fr\/wp\/wp-json\/wp\/v2\/posts"}],"about":[{"href":"https:\/\/www.fcgueugnon.fr\/wp\/wp-json\/wp\/v2\/types\/post"}],"author":[{"embeddable":true,"href":"https:\/\/www.fcgueugnon.fr\/wp\/wp-json\/wp\/v2\/users\/1"}],"replies":[{"embeddable":true,"href":"https:\/\/www.fcgueugnon.fr\/wp\/wp-json\/wp\/v2\/comments?post=33610"}],"version-history":[{"count":0,"href":"https:\/\/www.fcgueugnon.fr\/wp\/wp-json\/wp\/v2\/posts\/33610\/revisions"}],"wp:featuredmedia":[{"embeddable":true,"href":"https:\/\/www.fcgueugnon.fr\/wp\/wp-json\/wp\/v2\/media\/33571"}],"wp:attachment":[{"href":"https:\/\/www.fcgueugnon.fr\/wp\/wp-json\/wp\/v2\/media?parent=33610"}],"wp:term":[{"taxonomy":"category","embeddable":true,"href":"https:\/\/www.fcgueugnon.fr\/wp\/wp-json\/wp\/v2\/categories?post=33610"},{"taxonomy":"post_tag","embeddable":true,"href":"https:\/\/www.fcgueugnon.fr\/wp\/wp-json\/wp\/v2\/tags?post=33610"}],"curies":[{"name":"wp","href":"https:\/\/api.w.org\/{rel}","templated":true}]}}