{"id":33500,"date":"2019-05-24T11:45:39","date_gmt":"2019-05-24T09:45:39","guid":{"rendered":"https:\/\/www.fcgueugnon.fr\/wp\/?p=33500"},"modified":"2019-10-08T22:53:28","modified_gmt":"2019-10-08T20:53:28","slug":"n3-j26-fc-gueugnon-fc-grandvillars-avant-match","status":"publish","type":"post","link":"https:\/\/www.fcgueugnon.fr\/wp\/n3-j26-fc-gueugnon-fc-grandvillars-avant-match\/33500","title":{"rendered":"[N3 J26] FC Gueugnon \u2013 FC Grandvillars : Avant-Match"},"content":{"rendered":"<h3 style=\"text-align: justify;\">Les forgerons disputent leur dernier match de championnat ce <strong>samedi 25 mai \u00e0 18h<\/strong> et accueillent le <strong>FC GRANDVILLARS<\/strong>, d\u00e9j\u00e0 condamn\u00e9 \u00e0 la descente en R1.<strong><br \/>\n<\/strong><\/h3>\n<p>&nbsp;<\/p>\n<p><img loading=\"lazy\" decoding=\"async\" class=\"aligncenter wp-image-33560 size-large\" src=\"https:\/\/www.fcgueugnon.fr\/wp\/wp-content\/uploads\/2019\/05\/Diapositive1-4-700x369.png\" alt=\"\" width=\"700\" height=\"369\" \/><\/p>\n<p>&nbsp;<\/p>\n<p>En devenant champion de R1, le <strong>FC GRANDVILLARS<\/strong> a assur\u00e9 sa mont\u00e9e historique en N3 en devan\u00e7ant l\u2019autre promu Morteau-Montlebon. Les Grandvellais, issus de ce gros village de plus de 3 000 habitants avec ses 330 licenci\u00e9s seront les derniers adversaires des gueugnonnais en championnat. En d\u00e9but de saison, l\u2019entraineur <strong>G\u00e9rald Pisani<\/strong> confiait \u00e0 l\u2019Est R\u00e9publicain\u00a0: \u00ab\u00a0<em>Le FC Grandvillars ne cassera pas sa tirelire pour assurer son avenir. En effet, priorit\u00e9 au groupe en place a \u00e9t\u00e9 donn\u00e9e<\/em>\u00a0\u00bb.\u00a0 La m\u00eame ossature a \u00e9t\u00e9 renforc\u00e9e par trois ou quatre joueurs suppl\u00e9mentaires. Pour le Pr\u00e9sident S\u00e9bastien Rayot, l\u2019ambition du club \u00e9tait le maintien. D\u00e9but f\u00e9vrier, le FC Grandvillars, seulement fort de 5 petits nuls sur 14 rencontres, voulait encore croire au maintien et a voulu se donner les moyens de son ambition en se renfor\u00e7ant par pas moins de 5 recrues lors du mercato hivernal. La mayonnaise semblait prendre et apr\u00e8s le nul arrach\u00e9 \u00e0 Sochaux, le coach affirmait dans l\u2019Est R\u00e9publicain\u00a0: \u00ab\u00a0<em>Contre Sochaux, on a livr\u00e9 notre meilleur match de la saison dans tous les compartiments de jeu<\/em>\u00a0\u00bb. Apr\u00e8s une victoire contre le Racing Besan\u00e7on, suivaient ensuite 6 d\u00e9faites contre une seule victoire. La derni\u00e8re d\u00e9faite \u00e0 domicile a fait mal face au leader Louhans-Cuiseaux (2-7). L\u2019\u00e9quipe d\u00e9cim\u00e9e par des suspensions et beaucoup de blessures montre combien le club vit une saison compliqu\u00e9e. Contre Gueugnon de toute fa\u00e7on, il livrera surement son dernier baroud d\u2019honneur.<\/p>\n<p>Le<strong> FC GUEUGNON <\/strong>vient de recevoir \u00ab\u00a0une gifle\u00a0\u00bb lors du derby \u00e0 Montceau et ce devant de nombreux supporters (5-0). Il faut aussi relativiser, Montceau a bien subi une s\u00e9v\u00e8re d\u00e9faite \u00e0 Louhans-Cuiseaux (7-2), preuve que sans rien excuser, cela peut arriver. Pourtant les forgerons l\u2019avaient emport\u00e9 dix jours plus t\u00f4t devant ce m\u00eame adversaire en Coupe de Bourgogne Franche-Comt\u00e9 (2-0). Suivait alors une nouvelle victoire en championnat face \u00e0 Morteau sur le m\u00eame score. Avec quatre buts marqu\u00e9s en deux matchs, le FCG \u00e9tait reparti pour une s\u00e9rie. Que s\u2019est-il r\u00e9ellement pass\u00e9 aux Alouettes\u00a0? Le FCG n\u2019est jamais rentr\u00e9 dans le match et l\u2019une des meilleures d\u00e9fenses du championnat encaissait 5 buts d\u2019un coup. Maintenant il faut rebondir de cette humiliation. D\u2019abord en battant la lanterne rouge \u00e0 domicile pour mieux pr\u00e9parer l\u2019objectif d\u00e9clar\u00e9, la coupe de Bourgogne Franche-Comt\u00e9. Histoire de bien finir la saison et avec au moins un troph\u00e9e\u00a0\u00e0 faire valoir en attendant la reprise. Le groupe que le pr\u00e9sident et le staff auront vu ce lundi soir sera forc\u00e9ment concern\u00e9 et motiv\u00e9 pour prendre une revanche et montrer un bien meilleur visage \u00e0 ses supporters. Apr\u00e8s les r\u00e9centes blessures de <strong>Morad Benameur<\/strong> et <strong>Johan Lapeyre<\/strong> (forfaits), <strong>S\u00e9bastien Larteau<\/strong> et <strong>Albert Baning<\/strong>, touch\u00e9s samedi, seront incertains. Il en est de m\u00eame pour <strong>Chris Goteni<\/strong>.<\/p>\n<p>&nbsp;<\/p>\n<p style=\"text-align: center;\">&#8212;<\/p>\n<p>&nbsp;<\/p>\n<p><em><strong>Rendez-vous au stade Jean Laville o\u00f9 nous vous attendons nombreux pour encourager les jaunes et bleus.<\/strong><br \/>\n<\/em><strong>Prix d\u2019entr\u00e9e\u00a0:\u00a0<\/strong>Tarif normal 7 \u20ac. Tarif r\u00e9duit 4 \u20ac (Ch\u00f4meurs, \u00c9tudiants\u2026). Gratuit pour les -16 ans.<\/p>\n<blockquote><p><a href=\"https:\/\/www.fcgueugnon.fr\/wp\/club\/infos-pratiques#.XG6g5zpCfmg\" target=\"_blank\" rel=\"noopener\">\u25ba Retrouvez ici les infos pratiques (billetterie, acc\u00e8s, etc.)<\/a><\/p><\/blockquote>\n<p style=\"text-align: center;\">&#8212;<\/p>\n<blockquote>\n<h3><a href=\"https:\/\/www.fcgueugnon.fr\/wp\/n3-j26-fc-gueugnon-fc-grandvillars-ballon-du-match-offert-par-bruno-alves-espaces-verts\/33516#.XOZ91qTgqM8\" target=\"_blank\" rel=\"noopener\">\u25ba Ballon du match offert par \u00ab Bruno ALVES \u2013 Espaces verts \u00bb<\/a><\/h3>\n<h3><img loading=\"lazy\" decoding=\"async\" class=\"wp-image-33517 size-medium aligncenter\" src=\"https:\/\/www.fcgueugnon.fr\/wp\/wp-content\/uploads\/2019\/05\/Bruno-Alves-Espaces-Verts-350x350.png\" alt=\"\" width=\"350\" height=\"350\" \/><\/h3>\n<\/blockquote>\n<p><em>Site internet du FC Grandvillars : <a href=\"https:\/\/fcgrandvillars.com\/page\/accueil\" target=\"_blank\" rel=\"noopener\">https:\/\/fcgrandvillars.com\/page\/accueil<\/a><\/em><\/p>\n<p style=\"text-align: center;\">&#8212;<\/p>\n<p><strong>NIVEAU NATIONAL : FEDERATION FRAN\u00c7AISE DE FOOTBALL<br \/>\nNATIONAL 3 BFC &#8211; J26<\/strong><br \/>\nSAMEDI 25 MAI 2019 &#8211; 18:00<br \/>\nFC GUEUGNON \/ FC GRANDVILLARS<\/p>\n<p><strong>STADE JEAN LAVILLE<\/strong><br \/>\nRUE ROGER COUDERC<br \/>\n71130 GUEUGNON<\/p>\n<p><strong>SURFACE DE JEU<br \/>\n<\/strong>Pelouse naturelle<\/p>\n<p><strong>OFFICIELS<br \/>\n<\/strong>Arbitre centre : PLAT MAXIM<br \/>\nArbitre assistant 1 : FEVRE SEBASTIEN<br \/>\nArbitre assistant 2 : PAYA CORENTIN<br \/>\nD\u00e9l\u00e9gu\u00e9 principal : RONDEAU GILLES<\/p>\n<h3><strong>Groupe<\/strong><\/h3>\n<p><a href=\"https:\/\/www.fcgueugnon.fr\/wp\/wp-content\/uploads\/2019\/05\/Groupe-FC-Grandvillars-FC-Gueugnon.png\"><img loading=\"lazy\" decoding=\"async\" class=\"aligncenter wp-image-33587 size-medium\" src=\"https:\/\/www.fcgueugnon.fr\/wp\/wp-content\/uploads\/2019\/05\/Groupe-FC-Grandvillars-FC-Gueugnon-350x350.png\" alt=\"\" width=\"350\" height=\"350\" \/><\/a><\/p>\n<p>&nbsp;<\/p>\n<p><strong>La 26\u00e8me journ\u00e9e de N3 BFC<br \/>\n<\/strong>Samedi 25 mai 2019<br \/>\n18:00 Dijon B &#8211; Charitoise<br \/>\n18:00 Jura Dolois &#8211; Besan\u00e7on Foot<br \/>\n18:00 Louhans-Cuiseaux &#8211; Avallon<br \/>\n18:00 Gueugnon &#8211; Grandvillars<br \/>\n18:00 Sochaux B &#8211; Montceau-les-Mines<br \/>\n18:00 Auxerre B &#8211; Morteau Montlebon<br \/>\n20:00 Racing Besan\u00e7on &#8211; Selongey<\/p>\n<blockquote>\n<h3><strong>&gt;&gt; <a href=\"https:\/\/www.fcgueugnon.fr\/wp\/seniors\/seniors-a\/calendrier-seniors-a-national-3-bourgogne-franche-comte#.W3Qr9ugzaM8\" target=\"_blank\" rel=\"noopener\">Le calendrier<\/a><\/strong><\/h3>\n<h3><strong>&gt;&gt; <a href=\"https:\/\/www.fcgueugnon.fr\/wp\/seniors\/seniors-a\/classement-seniors-a-national-3-bourgogne-franche-comte#.W3QsK-gzaM8\" target=\"_blank\" rel=\"noopener\">Le classement<\/a><\/strong><\/h3>\n<\/blockquote>\n","protected":false},"excerpt":{"rendered":"<p>Les forgerons disputent leur dernier match de championnat ce samedi 25 mai \u00e0 18h et accueillent le FC GRANDVILLARS, d\u00e9j\u00e0 condamn\u00e9 \u00e0 la descente en R1. &nbsp; &nbsp; En devenant champion de R1, le FC GRANDVILLARS a assur\u00e9 sa mont\u00e9e historique en N3 en devan\u00e7ant l\u2019autre promu Morteau-Montlebon. Les Grandvellais, issus de ce gros village &#8230; <\/p>\n<p class=\"read-more-container\"><a title=\"[N3 J26] FC Gueugnon \u2013 FC Grandvillars : Avant-Match\" class=\"read-more button\" href=\"https:\/\/www.fcgueugnon.fr\/wp\/n3-j26-fc-gueugnon-fc-grandvillars-avant-match\/33500#more-33500\">Lire la suite<span class=\"screen-reader-text\">[N3 J26] FC Gueugnon \u2013 FC Grandvillars : Avant-Match<\/span><\/a><\/p>\n","protected":false},"author":15,"featured_media":33560,"comment_status":"closed","ping_status":"closed","sticky":false,"template":"","format":"standard","meta":{"_coblocks_attr":"","_coblocks_dimensions":"","_coblocks_responsive_height":"","_coblocks_accordion_ie_support":"","footnotes":""},"categories":[246,12],"tags":[150],"_links":{"self":[{"href":"https:\/\/www.fcgueugnon.fr\/wp\/wp-json\/wp\/v2\/posts\/33500"}],"collection":[{"href":"https:\/\/www.fcgueugnon.fr\/wp\/wp-json\/wp\/v2\/posts"}],"about":[{"href":"https:\/\/www.fcgueugnon.fr\/wp\/wp-json\/wp\/v2\/types\/post"}],"author":[{"embeddable":true,"href":"https:\/\/www.fcgueugnon.fr\/wp\/wp-json\/wp\/v2\/users\/15"}],"replies":[{"embeddable":true,"href":"https:\/\/www.fcgueugnon.fr\/wp\/wp-json\/wp\/v2\/comments?post=33500"}],"version-history":[{"count":0,"href":"https:\/\/www.fcgueugnon.fr\/wp\/wp-json\/wp\/v2\/posts\/33500\/revisions"}],"wp:featuredmedia":[{"embeddable":true,"href":"https:\/\/www.fcgueugnon.fr\/wp\/wp-json\/wp\/v2\/media\/33560"}],"wp:attachment":[{"href":"https:\/\/www.fcgueugnon.fr\/wp\/wp-json\/wp\/v2\/media?parent=33500"}],"wp:term":[{"taxonomy":"category","embeddable":true,"href":"https:\/\/www.fcgueugnon.fr\/wp\/wp-json\/wp\/v2\/categories?post=33500"},{"taxonomy":"post_tag","embeddable":true,"href":"https:\/\/www.fcgueugnon.fr\/wp\/wp-json\/wp\/v2\/tags?post=33500"}],"curies":[{"name":"wp","href":"https:\/\/api.w.org\/{rel}","templated":true}]}}