{"id":33270,"date":"2019-05-11T23:00:00","date_gmt":"2019-05-11T21:00:00","guid":{"rendered":"https:\/\/www.fcgueugnon.fr\/wp\/?p=33270"},"modified":"2020-06-04T13:50:52","modified_gmt":"2020-06-04T11:50:52","slug":"forgeron-mag-13-interview-de-tresor-nyamwisi","status":"publish","type":"post","link":"https:\/\/www.fcgueugnon.fr\/wp\/forgeron-mag-13-interview-de-tresor-nyamwisi\/33270","title":{"rendered":"Forgeron Mag #13 : Interview de Tr\u00e9sor NYAMWISI"},"content":{"rendered":"<h3>Retrouvez l\u2019interview de Tr\u00e9sor NYAMWISI r\u00e9alis\u00e9e \u00e0 l&rsquo;occasion de la 24e journ\u00e9e de championnat face au FC Morteau-Montlebon et publi\u00e9e dans le Forgeron Mag&rsquo; de ce samedi 11\/05<br \/>\nRetrouvez la version int\u00e9grale du Forgeron Mag dans le menu \u00ab Media \u00bb \/ \u00ab Forgeron Mag \u00bb ou sur <strong>&gt;&gt; <a href=\"https:\/\/www.fcgueugnon.fr\/wp\/?tag=forgeron-mag\">le lien suivant<\/a><\/strong><\/h3>\n<p><a href=\"https:\/\/www.fcgueugnon.fr\/wp\/wp-content\/uploads\/2019\/05\/forgeron-mag-morteau-montlebon-interview-tresor-nyamwisi.png\"><img loading=\"lazy\" decoding=\"async\" class=\"aligncenter size-medium wp-image-33271\" src=\"https:\/\/www.fcgueugnon.fr\/wp\/wp-content\/uploads\/2019\/05\/forgeron-mag-morteau-montlebon-interview-tresor-nyamwisi-246x350.png\" alt=\"\" width=\"246\" height=\"350\" \/><\/a><\/p>\n<p><strong>Piero : Tr\u00e9sor, quels ont \u00e9t\u00e9 tes d\u00e9buts dans le football\u00a0?<\/strong><br \/>\nTr\u00e9sor NYAMWISI : \u00ab\u00a0J\u2019ai commenc\u00e9 tr\u00e8s jeune et comme tous les gamins, je regardais des matchs \u00e0 la t\u00e9l\u00e9. J\u2019aimais bien le foot, on jouait dehors avec les copains, j\u2019ai commenc\u00e9 \u00e0 Lux.\u00a0\u00bb<\/p>\n<p>&nbsp;<\/p>\n<p><strong>Ensuite tu t\u2019es retrouv\u00e9 \u00e0 Auxerre, parle-nous de cette p\u00e9riode de formation<\/strong><br \/>\n\u00ab\u00a0J\u2019ai d\u00e9but\u00e9 en CFA2 et CFA, j\u2019ai aussi pu faire quelques matchs de pr\u00e9paration avec les pros et on s\u2019entrainait aussi avec eux. \u00bb<\/p>\n<p>&nbsp;<\/p>\n<p><strong>Apr\u00e8s cette p\u00e9riode, tu as longtemps jou\u00e9 en CFA2\/CFA \u00e0 Raon L\u2019\u00e9tape<\/strong>&#8230;<br \/>\n\u00ab J\u2019y ai pass\u00e9 des bons moments ! Je jouais milieu d\u00e9fensif, on a m\u00eame failli monter en National mais on a d\u00fb jouer la mont\u00e9e sur un autre terrain \u00e0 Epinal. Un terrain neutre pour des probl\u00e8mes de s\u00e9curit\u00e9, c\u2019est l\u00e0 qu\u2019on a perdu le match de la mont\u00e9e contre Strasbourg.\u00a0\u00bb<\/p>\n<p>&nbsp;<\/p>\n<p><strong>Tu as d\u00fb ensuite revenir dans le club de tes d\u00e9buts \u00e0 Lux, pourquoi ce choix ?<\/strong><br \/>\n\u00ab\u00a0\u00c7a a \u00e9t\u00e9 une p\u00e9riode compliqu\u00e9e. Je suis revenu \u00e0 mon club de mes d\u00e9buts, je connaissais bien le pr\u00e9sident et on est m\u00eame mont\u00e9 ! C\u2019est alors que je me suis dit qu\u2019il fallait partir.\u00a0\u00bb<\/p>\n<p>&nbsp;<\/p>\n<p><strong>Comment s\u2019est d\u00e9roul\u00e9e ton arriv\u00e9e au FCG \u00e0 ce moment l\u00e0 ?<br \/>\n<\/strong>\u00ab\u00a0C\u2019est par l\u2019interm\u00e9diaire de Richard Trivino, le Directeur Sportif. Il \u00e9tait d\u00e9j\u00e0 venu me voir \u00e0 Sanvignes, accompagn\u00e9 du coach je crois, pour un match de coupe. On s\u2019est parl\u00e9 et il m\u2019a propos\u00e9 de venir jouer au FCG. \u00bb<\/p>\n<p>&nbsp;<\/p>\n<p><strong>Tu connaissais la r\u00e9putation du FCG ?<\/strong><br \/>\n\u00ab\u00a0Oui oui, j\u2019ai d\u00e9j\u00e0 failli signer ici en 2007\/2008. C\u2019\u00e9tait en National, il y avait Nasser, Cl\u00e9ment, Fabrice&#8230; Je connaissais d\u00e9j\u00e0 le FCG et les joueurs, cela a beaucoup aid\u00e9 au moment du choix.\u00a0\u00bb<\/p>\n<p>&nbsp;<\/p>\n<p><strong>Cette ann\u00e9e l\u2019\u00e9quipe s\u2019est \u00e9toff\u00e9e avec un doublement des postes. Qu\u2019est ce qui a manqu\u00e9 selon toi au FCG pour faire mieux que l\u2019an pass\u00e9 ?<\/strong><br \/>\n\u00ab On a manqu\u00e9 simplement de r\u00e9ussite, c\u2019est pour \u00e7a\u00a0!\u00a0\u00bb<\/p>\n<p>&nbsp;<\/p>\n<p><strong>Quel est ton joueur favori ou mod\u00e8le ?<\/strong><br \/>\n\u00ab\u00a0Ronaldinho et aussi Nainggolan qui joue \u00e0 l\u2019inter.\u00a0\u00bb<\/p>\n<p>&nbsp;<\/p>\n<p><strong>Quelle est l\u2019\u00e9quipe qui t\u2019a le plus marqu\u00e9 et qui est favorite pour la mont\u00e9e selon toi ?<\/strong><br \/>\n\u00ab Si on enl\u00e8ve Dijon B, je mettrais Besan\u00e7on Football parce que c\u2019est une \u00e9quipe solide, bien en place et efficace.\u00a0\u00bb<\/p>\n<p>&nbsp;<\/p>\n<p><strong>On a rencontr\u00e9 Montceau en coupe et on encha\u00eene contre Morteau dans la m\u00eame semaine. Quel est l\u2019objectif pour toi ? L\u2019enchainement de ces 2 matchs dans la m\u00eame semaine ne sera pas trop compliqu\u00e9 dans la pr\u00e9paration\u00a0?<\/strong><br \/>\n\u00ab\u00a0On doit gagner tous les matchs qui restent, \u00e7a ne sera pas facile mais apr\u00e8s pourquoi pas gagner la coupe de Bourgogne FC. Pour les 2 matchs il nous faudra bien r\u00e9cup\u00e9rer mais cela ne devrait pas \u00eatre trop compliqu\u00e9, on est des comp\u00e9titeurs.\u00a0\u00bb<\/p>\n<p>&nbsp;<\/p>\n<p><strong>Si tu avais un v\u0153u \u00e0 \u00e9mettre pour ton \u00e9quipe et pour tous ceux qui soutiennent le FCG ?<\/strong><br \/>\n\u00ab\u00a0Je souhaite la remont\u00e9e en N2 le plus vite possible. Je remercie les supporters qui viennent nous soutenir \u00e0 domicile comme \u00e0 l\u2019ext\u00e9rieur. Nous on doit donner sur le terrain pour leur rendre ce qu\u2019ils nous font en nous soutenant comme ils le font m\u00eame dans les moments difficiles. \u00bb<\/p>\n<p><strong>\u00a0<\/strong><\/p>\n<p>&nbsp;<\/p>\n<h2>Tr\u00e9sor NYAMWISI : 27 ans, arri\u00e8re,\u00a0 1,82 m\u00a0 68 Kg<\/h2>\n<h3>Carri\u00e8re<\/h3>\n<p>CFA2\/CFA : AJ Auxerre B &#8211; 2010\/2012 &#8211; 17 (10)<br \/>\nCFA : Raon l\u2019Etape &#8211; 2012\/2013 &#8211; 24<br \/>\nCFA : Raon l\u2019Etape &#8211; 2013\/2014 &#8211; 29<br \/>\nCFA : Raon l\u2019Etape &#8211; 2014\/2015 &#8211; 27<br \/>\nCFA2 : Raon l\u2019Etape &#8211; 2015\/2016 &#8211; 21<br \/>\nN3 : FC Gueugnon &#8211; 2017\/2018 &#8211; 26<br \/>\nN3 : FC Gueugnon &#8211; 2018\/2019 &#8211; 21<\/p>\n","protected":false},"excerpt":{"rendered":"<p>Retrouvez l\u2019interview de Tr\u00e9sor NYAMWISI r\u00e9alis\u00e9e \u00e0 l&rsquo;occasion de la 24e journ\u00e9e de championnat face au FC Morteau-Montlebon et publi\u00e9e dans le Forgeron Mag&rsquo; de ce samedi 11\/05 Retrouvez la version int\u00e9grale du Forgeron Mag dans le menu \u00ab Media \u00bb \/ \u00ab Forgeron Mag \u00bb ou sur &gt;&gt; le lien suivant Piero : Tr\u00e9sor, &#8230; <\/p>\n<p class=\"read-more-container\"><a title=\"Forgeron Mag #13 : Interview de Tr\u00e9sor NYAMWISI\" class=\"read-more button\" href=\"https:\/\/www.fcgueugnon.fr\/wp\/forgeron-mag-13-interview-de-tresor-nyamwisi\/33270#more-33270\">Lire la suite<span class=\"screen-reader-text\">Forgeron Mag #13 : Interview de Tr\u00e9sor NYAMWISI<\/span><\/a><\/p>\n","protected":false},"author":1,"featured_media":33271,"comment_status":"closed","ping_status":"closed","sticky":false,"template":"","format":"standard","meta":{"_coblocks_attr":"","_coblocks_dimensions":"","_coblocks_responsive_height":"","_coblocks_accordion_ie_support":"","footnotes":""},"categories":[246,188,12],"tags":[99,211,97,143],"_links":{"self":[{"href":"https:\/\/www.fcgueugnon.fr\/wp\/wp-json\/wp\/v2\/posts\/33270"}],"collection":[{"href":"https:\/\/www.fcgueugnon.fr\/wp\/wp-json\/wp\/v2\/posts"}],"about":[{"href":"https:\/\/www.fcgueugnon.fr\/wp\/wp-json\/wp\/v2\/types\/post"}],"author":[{"embeddable":true,"href":"https:\/\/www.fcgueugnon.fr\/wp\/wp-json\/wp\/v2\/users\/1"}],"replies":[{"embeddable":true,"href":"https:\/\/www.fcgueugnon.fr\/wp\/wp-json\/wp\/v2\/comments?post=33270"}],"version-history":[{"count":0,"href":"https:\/\/www.fcgueugnon.fr\/wp\/wp-json\/wp\/v2\/posts\/33270\/revisions"}],"wp:featuredmedia":[{"embeddable":true,"href":"https:\/\/www.fcgueugnon.fr\/wp\/wp-json\/wp\/v2\/media\/33271"}],"wp:attachment":[{"href":"https:\/\/www.fcgueugnon.fr\/wp\/wp-json\/wp\/v2\/media?parent=33270"}],"wp:term":[{"taxonomy":"category","embeddable":true,"href":"https:\/\/www.fcgueugnon.fr\/wp\/wp-json\/wp\/v2\/categories?post=33270"},{"taxonomy":"post_tag","embeddable":true,"href":"https:\/\/www.fcgueugnon.fr\/wp\/wp-json\/wp\/v2\/tags?post=33270"}],"curies":[{"name":"wp","href":"https:\/\/api.w.org\/{rel}","templated":true}]}}