{"id":32914,"date":"2019-05-02T08:29:13","date_gmt":"2019-05-02T06:29:13","guid":{"rendered":"https:\/\/www.fcgueugnon.fr\/wp\/?p=32914"},"modified":"2020-01-12T22:19:41","modified_gmt":"2020-01-12T21:19:41","slug":"ljde-les-jeudis-de-lemploi-17","status":"publish","type":"post","link":"https:\/\/www.fcgueugnon.fr\/wp\/ljde-les-jeudis-de-lemploi-17\/32914","title":{"rendered":"[LJDE] Les Jeudis De l&rsquo;Emploi #17"},"content":{"rendered":"<p>Depuis de nombreuses ann\u00e9es, le FC Gueugnon s&rsquo;engage en faveur de l&rsquo;<strong><span class=\"il\">Emploi<\/span> et de la Formation<\/strong>. Preuve en est le <a href=\"https:\/\/www.fcgueugnon.fr\/wp\/fema-2019-4e-edition-du-forum-de-lemploi-le-05-avril-a-jean-laville\/31525\" target=\"_blank\" rel=\"noopener noreferrer\">Forum de l&rsquo;<span class=\"il\">Emploi<\/span>, des M\u00e9tiers et de l&rsquo;Apprentissage<\/a> organis\u00e9 chaque ann\u00e9e au Stade Jean Laville ainsi que <a href=\"https:\/\/www.fcgueugnon.fr\/wp\/jeunes\/sections-sportives\/gueugnon-sport-formation\" target=\"_blank\" rel=\"noopener noreferrer\">Gueugnon Sport Formation<\/a>, l&rsquo;unit\u00e9 de formation du FCG annexe au CFA du Sport de Bourgogne Franche Comt\u00e9.<\/p>\n<p><a href=\"https:\/\/www.fcgueugnon.fr\/wp\/wp-content\/uploads\/2019\/01\/emploi-.jpg\"><img loading=\"lazy\" decoding=\"async\" class=\"aligncenter wp-image-30339 size-medium\" src=\"https:\/\/www.fcgueugnon.fr\/wp\/wp-content\/uploads\/2019\/01\/emploi--350x263.jpg\" alt=\"\" width=\"350\" height=\"263\" \/><\/a><\/p>\n<p class=\"m_-8191882608539435126ox-39d88dd748-ox-046ed8db1a-default-style\">Pour continuer cette d\u00e9marche, nous vous proposons de retrouver <strong>chaque <span class=\"il\">Jeudi<\/span> <\/strong>des offres d&#8217;emploi, formation et apprentissage de nos partenaires&#8230;<\/p>\n<p>&nbsp;<\/p>\n<p style=\"text-align: center;\"><span style=\"color: #ffcc00;\">***** ***** ***** ***** *****<\/span><\/p>\n<p><a href=\"https:\/\/www.fcgueugnon.fr\/wp\/wp-content\/uploads\/2018\/12\/logo-etablissements-ets-Canard-Molinet-Gueugnon.png\"><img loading=\"lazy\" decoding=\"async\" class=\"aligncenter wp-image-30145\" src=\"https:\/\/www.fcgueugnon.fr\/wp\/wp-content\/uploads\/2018\/12\/logo-etablissements-ets-Canard-Molinet-Gueugnon.png\" alt=\"\" width=\"100\" height=\"37\" \/><\/a><\/p>\n<h3>Le Groupe CANARD recherche un MECANICIEN INDUSTRIEL confirm\u00e9<\/h3>\n<p><strong>Description<\/strong> : Le Groupe CANARD recherche un m\u00e9canicien industriel confirm\u00e9 Recherche MECANICIEN INDUSTRIEL confirm\u00e9 pour un contrat en CDI de 35 heures par semaine. Possibilit\u00e9 de logement gratuit (loyer, chauffage, \u00e9lectricit\u00e9&#8230;), travail sur site aucun d\u00e9placement, salaire en correspondance des capacit\u00e9s.<br \/>\n<strong>Type de contrat : <\/strong>CDI<strong><br \/>\nNom de l\u2019employeur<\/strong> : Groupe CANARD<br \/>\n<strong>Comment postuler<\/strong> : envoyer CV et lettre de motivation \u00e0 l&rsquo;adresse mail contact@etscanard.fr ou par courrier \u00e0 ETS CANARD SAS &#8211; 27 grande rue &#8211; 03510 MOLINET<\/p>\n<p>&nbsp;<\/p>\n<p style=\"text-align: center;\"><span style=\"color: #ffcc00;\">***** ***** ***** ***** *****<\/span><\/p>\n<p><a href=\"https:\/\/www.fcgueugnon.fr\/wp\/wp-content\/uploads\/2019\/04\/logo-walpi-equipe-bureau.png\"><img loading=\"lazy\" decoding=\"async\" class=\"aligncenter wp-image-32440\" src=\"https:\/\/www.fcgueugnon.fr\/wp\/wp-content\/uploads\/2019\/04\/logo-walpi-equipe-bureau.png\" alt=\"\" width=\"100\" height=\"26\" \/><\/a><\/p>\n<h3>WALPI (EQUIP BUREAU) recrute un prospecteur, un charg\u00e9s d&rsquo;affaire, un ing\u00e9nieur d&rsquo;affaire et un chef de projet<\/h3>\n<p><strong>Description<\/strong> : Vous souhaitez rejoindre une entreprise en plein d\u00e9veloppement et innovante. Une entreprise locale et reconnue et qui accompagne ces clients vers la transformation num\u00e9rique. Une entreprise qui sera vous proposer un plan de carri\u00e8re adapt\u00e9 \u00e0 votre profil.<br \/>\n\u25ba <a href=\"https:\/\/www.fcgueugnon.fr\/wp\/wp-content\/uploads\/2019\/04\/WALPI-Description-du-poste.pdf\" target=\"_blank\" rel=\"noopener noreferrer\">Description des postes<\/a><br \/>\n<strong>Nom de l\u2019employeur<\/strong> : WALPI (Equip Bureau)<br \/>\n<strong>Comment postuler<\/strong> : envoyer CV et lettre de motivation \u00e0 olivier.drouhin@eb2.fr<\/p>\n<p>&nbsp;<\/p>\n<p style=\"text-align: center;\"><span style=\"color: #ffcc00;\">***** ***** ***** ***** *****<\/span><\/p>\n<p><a href=\"https:\/\/www.fcgueugnon.fr\/wp\/wp-content\/uploads\/2019\/03\/logo-pappillons-blancs-le-creusot-et-sa-region.jpg\"><img loading=\"lazy\" decoding=\"async\" class=\"aligncenter size-thumbnail wp-image-32007\" src=\"https:\/\/www.fcgueugnon.fr\/wp\/wp-content\/uploads\/2019\/03\/logo-pappillons-blancs-le-creusot-et-sa-region-100x100.jpg\" alt=\"\" width=\"100\" height=\"100\" \/><\/a><\/p>\n<h3><strong>L\u2019association des PAPILLONS BLANCS D&rsquo;ENTRE SAONE ET LOIRE recherche 10 profils<\/strong><\/h3>\n<p><strong>Description : <\/strong>10 offres \u00e0 consulter sur \u25ba <a href=\"https:\/\/pbesl.fr\/recrutement\/\" target=\"_blank\" rel=\"noopener noreferrer\">ce lien<\/a><strong><br \/>\nType de contrat : <\/strong>divers<strong><br \/>\nDur\u00e9e : <\/strong>Ann\u00e9e 2019<strong><br \/>\n<\/strong><strong>Nom de l\u2019employeur<\/strong> : Association des Papillons Blancs d&rsquo;entre Sa\u00f4ne et Loire<br \/>\n<strong>Comment postuler<\/strong> : Envoyez CV complet et motivations et certificats de travail par mail \u00e0 <strong>m.muller@pbesl.fr<\/strong> ou \u00e0 l&rsquo;adresse SIEGE ADMINISTRATIF &#8211; LES PAPILLONS BLANCS DU BASSIN MINIER &#8211; 1 A, rue de Marmagne &#8211; 71450 BLANZY<\/p>\n<p>&nbsp;<\/p>\n<p style=\"text-align: center;\"><span style=\"color: #ffcc00;\">***** ***** ***** ***** *****<br \/>\n<\/span><\/p>\n<p><a href=\"https:\/\/www.fcgueugnon.fr\/wp\/wp-content\/uploads\/2019\/01\/logo-cg-71-d\u00e9partement-saone-et-loire.jpg\"><img loading=\"lazy\" decoding=\"async\" class=\"aligncenter size-thumbnail wp-image-30551\" src=\"https:\/\/www.fcgueugnon.fr\/wp\/wp-content\/uploads\/2019\/01\/logo-cg-71-d\u00e9partement-saone-et-loire-100x100.jpg\" alt=\"\" width=\"100\" height=\"100\" \/><\/a><\/p>\n<h3><strong>Le DEPARTEMENT DE SAONE-ET-LOIRE propose 33 offres d&#8217;emploi.<\/strong><\/h3>\n<p><strong>Description<\/strong> : 33 offres \u00e0 consulter sur \u25ba <a href=\"http:\/\/bit.ly\/2Dtu4z7\" target=\"_blank\" rel=\"noopener noreferrer\">ce lien<\/a><br \/>\n<strong>Type de contrat<\/strong> : divers<br \/>\n<strong>Dur\u00e9e<\/strong> : Ann\u00e9e 2019<br \/>\n<strong>Nom de l\u2019employeur<\/strong> : D\u00e9partement de Sa\u00f4ne-et-Loire<br \/>\n<strong>Comment postuler<\/strong> : Rendez-vous sur <a href=\"http:\/\/www.saoneetloire71.fr\/le-departement\/offres-demploi\/toutes-les-offres\/\" target=\"_blank\" rel=\"noopener noreferrer\">www.saoneetloire71.fr\/le-departement\/offres-demploi\/toutes-les-offres\/<\/a><\/p>\n<p>&nbsp;<\/p>\n<p style=\"text-align: center;\"><span style=\"color: #ffcc00;\"> ***** ***** ***** ***** *****<br \/>\n<\/span><\/p>\n<p><a href=\"https:\/\/www.fcgueugnon.fr\/wp\/wp-content\/uploads\/2019\/02\/groupe-ducerf-logo.png\"><img loading=\"lazy\" decoding=\"async\" class=\"aligncenter size-thumbnail wp-image-31098\" src=\"https:\/\/www.fcgueugnon.fr\/wp\/wp-content\/uploads\/2019\/02\/groupe-ducerf-logo-100x100.png\" alt=\"\" width=\"100\" height=\"100\" \/><\/a><\/p>\n<h3><strong>Le GROUPE DUCERF <\/strong>int\u00e8gre un(e) <strong>Op\u00e9rateur Polyvalent\u00a0\u00a0H\/F en CDI, <\/strong>pour son Site de production bas\u00e9 \u00e0 Charolles.<\/h3>\n<p><strong>Description<\/strong> : Rattach\u00e9(e) au Chef d\u2019Atelier et en relation \u00e9troite avec les diff\u00e9rents services, vous aurez pour missions principales : \u00catre capable d\u2019intervenir sur diff\u00e9rents postes (raboteuse, ponceuse, d\u00e9ligneuse, rogneuse), Optimiser la qualit\u00e9 des bois; Optimiser le d\u00e9bit en termes de rendement mati\u00e8re et de valeur; Purger les d\u00e9fauts, Assurer la maintenance de premier niveau de son outil de travail (graissage des roulements, contr\u00f4le visuel)<br \/>\n<strong>\u25ba <a href=\"https:\/\/www.ducerf.com\/medias\/1\/251\/f\/annonce-op-polydbpfev.pdf\" target=\"_blank\" rel=\"noopener noreferrer\">Fiche de poste<\/a><\/strong><br \/>\n<strong>Type de contrat<\/strong> : CDI<br \/>\n<strong>Nom de l\u2019employeur<\/strong> : GROUPE DUCERF<br \/>\n<strong>Comment postuler<\/strong> : Par <strong>mail<\/strong> : recrutement@ducerf.com \/ En <strong>ligne<\/strong> sur\u00a0 <a href=\"https:\/\/www.ducerf.com\/recrutement\">www.ducerf.com\/recrutement<\/a> \/ Par <strong>courrier<\/strong> : DUCERF- Service RH &#8211; Lieu-dit Le Bourg<strong> &#8211; <\/strong>71120 Vendenesse-L\u00e8s-Charolles France.<\/p>\n<p>&nbsp;<\/p>\n<p style=\"text-align: center;\"><span style=\"color: #ff9900;\">***** ***** ***** ***** *****<\/span><\/p>\n<p>&nbsp;<\/p>\n<h3 style=\"text-align: center;\">Vous souhaitez diffuser vos annonces ? Contacter Christophe Noluveau par mail \u00e0 c.noluveau@fcgueugnon.fr<\/h3>\n<blockquote>\n<h3 style=\"text-align: center;\"><a href=\"https:\/\/www.fcgueugnon.fr\/wp\/fema-2019-photos-video-retour-sur-le-forum-de-lemploi\/32457\"><em>\u25ba Retour le FEMA 2019 en photo &amp; video<\/em><\/a><\/h3>\n<\/blockquote>\n<p>&nbsp;<\/p>\n","protected":false},"excerpt":{"rendered":"<p>Depuis de nombreuses ann\u00e9es, le FC Gueugnon s&rsquo;engage en faveur de l&rsquo;Emploi et de la Formation. Preuve en est le Forum de l&rsquo;Emploi, des M\u00e9tiers et de l&rsquo;Apprentissage organis\u00e9 chaque ann\u00e9e au Stade Jean Laville ainsi que Gueugnon Sport Formation, l&rsquo;unit\u00e9 de formation du FCG annexe au CFA du Sport de Bourgogne Franche Comt\u00e9. Pour &#8230; <\/p>\n<p class=\"read-more-container\"><a title=\"[LJDE] Les Jeudis De l&rsquo;Emploi #17\" class=\"read-more button\" href=\"https:\/\/www.fcgueugnon.fr\/wp\/ljde-les-jeudis-de-lemploi-17\/32914#more-32914\">Lire la suite<span class=\"screen-reader-text\">[LJDE] Les Jeudis De l&rsquo;Emploi #17<\/span><\/a><\/p>\n","protected":false},"author":1,"featured_media":30339,"comment_status":"closed","ping_status":"closed","sticky":false,"template":"","format":"standard","meta":{"_coblocks_attr":"","_coblocks_dimensions":"","_coblocks_responsive_height":"","_coblocks_accordion_ie_support":"","footnotes":""},"categories":[246,12],"tags":[108],"_links":{"self":[{"href":"https:\/\/www.fcgueugnon.fr\/wp\/wp-json\/wp\/v2\/posts\/32914"}],"collection":[{"href":"https:\/\/www.fcgueugnon.fr\/wp\/wp-json\/wp\/v2\/posts"}],"about":[{"href":"https:\/\/www.fcgueugnon.fr\/wp\/wp-json\/wp\/v2\/types\/post"}],"author":[{"embeddable":true,"href":"https:\/\/www.fcgueugnon.fr\/wp\/wp-json\/wp\/v2\/users\/1"}],"replies":[{"embeddable":true,"href":"https:\/\/www.fcgueugnon.fr\/wp\/wp-json\/wp\/v2\/comments?post=32914"}],"version-history":[{"count":0,"href":"https:\/\/www.fcgueugnon.fr\/wp\/wp-json\/wp\/v2\/posts\/32914\/revisions"}],"wp:featuredmedia":[{"embeddable":true,"href":"https:\/\/www.fcgueugnon.fr\/wp\/wp-json\/wp\/v2\/media\/30339"}],"wp:attachment":[{"href":"https:\/\/www.fcgueugnon.fr\/wp\/wp-json\/wp\/v2\/media?parent=32914"}],"wp:term":[{"taxonomy":"category","embeddable":true,"href":"https:\/\/www.fcgueugnon.fr\/wp\/wp-json\/wp\/v2\/categories?post=32914"},{"taxonomy":"post_tag","embeddable":true,"href":"https:\/\/www.fcgueugnon.fr\/wp\/wp-json\/wp\/v2\/tags?post=32914"}],"curies":[{"name":"wp","href":"https:\/\/api.w.org\/{rel}","templated":true}]}}