{"id":32417,"date":"2019-04-09T10:19:21","date_gmt":"2019-04-09T08:19:21","guid":{"rendered":"https:\/\/www.fcgueugnon.fr\/wp\/?p=32417"},"modified":"2019-04-09T10:59:12","modified_gmt":"2019-04-09T08:59:12","slug":"n3-j21-organisation-dun-deplacement-a-laj-auxerre","status":"publish","type":"post","link":"https:\/\/www.fcgueugnon.fr\/wp\/n3-j21-organisation-dun-deplacement-a-laj-auxerre\/32417","title":{"rendered":"[N3 J21] Organisation d&rsquo;un d\u00e9placement \u00e0 l&rsquo;AJ Auxerre!"},"content":{"rendered":"<p style=\"text-align: justify;\"><strong>Apr\u00e8s avoir dispos\u00e9 de la r\u00e9serve du FC Sochaux-Montb\u00e9liard \u00e0 Jean Laville (1-0), le FC Gueugnon se d\u00e9place d\u00e9sormais \u00e0 l&rsquo;AJ Auxerre. <\/strong><\/p>\n<p style=\"text-align: justify;\">Face \u00e0 l&rsquo;actuel 4\u00e8me du championnat, nous pouvons s&rsquo;attendre \u00e0 un match de qualit\u00e9 entre 2 concurrents directs. N&rsquo;h\u00e9sitez pas \u00e0 r\u00e9server d\u00e8s maintenant votre place pour aller soutenir les \u00ab\u00a0Jaune &amp; Bleu\u00a0\u00bb au Stade Abb\u00e9 Deschamps (A3).<\/p>\n<h3 style=\"text-align: center;\"><strong><em>Match le Samedi 13 Avril \u00e0 18h00<br \/>\nau Stade Abb\u00e9 Deschamps A3 (89)<\/em><\/strong><\/h3>\n<p style=\"text-align: center;\"><em>D\u00e9part \u00e0 <strong>14h00\u00a0<\/strong>Parking Tribune Nord &#8211; Stade Jean Laville.<\/em><br \/>\n<em><strong><span style=\"color: #ff0000;\">Tarif : <span style=\"color: #000000;\">20<\/span><\/span>\u20ac<\/strong> (transport et billet compris).<br \/>\n<\/em><\/p>\n<h3 style=\"text-align: center;\"><a href=\"https:\/\/www.fcgueugnon.fr\/wp\/wp-content\/uploads\/2015\/02\/Bus-FCG.jpg\"><img loading=\"lazy\" decoding=\"async\" class=\"aligncenter size-full wp-image-14018\" src=\"https:\/\/www.fcgueugnon.fr\/wp\/wp-content\/uploads\/2015\/02\/Bus-FCG.jpg\" alt=\"Bus-FCG\" width=\"565\" height=\"261\" \/><\/a><br \/>\n<strong><em>Infos et inscriptions:<br \/>\n<\/em><\/strong><\/h3>\n<p style=\"text-align: center;\">&#8211; par mail: <a href=\"mailto:g.avinain@fcgueugnon.fr\">g.avinain@fcgueugnon.fr<\/a><br \/>\n&#8211; par tel: 03.85.85.06.26 (au si\u00e8ge du FC Gueugnon, de 09h \u00e0 12h et de 13h30 \u00e0 17h30)<\/p>\n<p><a href=\"https:\/\/www.fcgueugnon.fr\/wp\/wp-content\/uploads\/2019\/03\/d\u00e9placement-fcgueugnon.jpg\"><img loading=\"lazy\" decoding=\"async\" class=\"aligncenter wp-image-31510 size-large\" src=\"https:\/\/www.fcgueugnon.fr\/wp\/wp-content\/uploads\/2019\/03\/d\u00e9placement-fcgueugnon-700x525.jpg\" alt=\"\" width=\"700\" height=\"525\" \/><\/a><\/p>\n<h3 style=\"text-align: center;\"><strong>Supporters forgerons \u00ab\u00a0ENSEMBLE &#8230; GAGNONS ! \u00ab\u00a0<\/strong><\/h3>\n<h3 style=\"text-align: center;\"><span style=\"color: #ff6600;\"><strong><em>\u00a0#CroireEnNosR\u00eaves<\/em><br \/>\n<\/strong><\/span><\/h3>\n","protected":false},"excerpt":{"rendered":"<p>Apr\u00e8s avoir dispos\u00e9 de la r\u00e9serve du FC Sochaux-Montb\u00e9liard \u00e0 Jean Laville (1-0), le FC Gueugnon se d\u00e9place d\u00e9sormais \u00e0 l&rsquo;AJ Auxerre. Face \u00e0 l&rsquo;actuel 4\u00e8me du championnat, nous pouvons s&rsquo;attendre \u00e0 un match de qualit\u00e9 entre 2 concurrents directs. N&rsquo;h\u00e9sitez pas \u00e0 r\u00e9server d\u00e8s maintenant votre place pour aller soutenir les \u00ab\u00a0Jaune &amp; Bleu\u00a0\u00bb &#8230; <\/p>\n<p class=\"read-more-container\"><a title=\"[N3 J21] Organisation d&rsquo;un d\u00e9placement \u00e0 l&rsquo;AJ Auxerre!\" class=\"read-more button\" href=\"https:\/\/www.fcgueugnon.fr\/wp\/n3-j21-organisation-dun-deplacement-a-laj-auxerre\/32417#more-32417\">Lire la suite<span class=\"screen-reader-text\">[N3 J21] Organisation d&rsquo;un d\u00e9placement \u00e0 l&rsquo;AJ Auxerre!<\/span><\/a><\/p>\n","protected":false},"author":14,"featured_media":14018,"comment_status":"closed","ping_status":"closed","sticky":false,"template":"","format":"standard","meta":{"_coblocks_attr":"","_coblocks_dimensions":"","_coblocks_responsive_height":"","_coblocks_accordion_ie_support":"","footnotes":""},"categories":[246,12],"tags":[109],"_links":{"self":[{"href":"https:\/\/www.fcgueugnon.fr\/wp\/wp-json\/wp\/v2\/posts\/32417"}],"collection":[{"href":"https:\/\/www.fcgueugnon.fr\/wp\/wp-json\/wp\/v2\/posts"}],"about":[{"href":"https:\/\/www.fcgueugnon.fr\/wp\/wp-json\/wp\/v2\/types\/post"}],"author":[{"embeddable":true,"href":"https:\/\/www.fcgueugnon.fr\/wp\/wp-json\/wp\/v2\/users\/14"}],"replies":[{"embeddable":true,"href":"https:\/\/www.fcgueugnon.fr\/wp\/wp-json\/wp\/v2\/comments?post=32417"}],"version-history":[{"count":0,"href":"https:\/\/www.fcgueugnon.fr\/wp\/wp-json\/wp\/v2\/posts\/32417\/revisions"}],"wp:featuredmedia":[{"embeddable":true,"href":"https:\/\/www.fcgueugnon.fr\/wp\/wp-json\/wp\/v2\/media\/14018"}],"wp:attachment":[{"href":"https:\/\/www.fcgueugnon.fr\/wp\/wp-json\/wp\/v2\/media?parent=32417"}],"wp:term":[{"taxonomy":"category","embeddable":true,"href":"https:\/\/www.fcgueugnon.fr\/wp\/wp-json\/wp\/v2\/categories?post=32417"},{"taxonomy":"post_tag","embeddable":true,"href":"https:\/\/www.fcgueugnon.fr\/wp\/wp-json\/wp\/v2\/tags?post=32417"}],"curies":[{"name":"wp","href":"https:\/\/api.w.org\/{rel}","templated":true}]}}