{"id":32287,"date":"2019-04-06T23:32:40","date_gmt":"2019-04-06T21:32:40","guid":{"rendered":"https:\/\/www.fcgueugnon.fr\/wp\/?p=32287"},"modified":"2020-06-04T13:50:53","modified_gmt":"2020-06-04T11:50:53","slug":"forgeron-mag-11-interview-de-jerome-larteau","status":"publish","type":"post","link":"https:\/\/www.fcgueugnon.fr\/wp\/forgeron-mag-11-interview-de-jerome-larteau\/32287","title":{"rendered":"Forgeron Mag #11 : Interview de J\u00e9r\u00f4me LARTEAU"},"content":{"rendered":"<h3>Retrouvez l\u2019interview de J\u00e9r\u00f4me LARTEAU r\u00e9alis\u00e9e \u00e0 l&rsquo;occasion de la 20e journ\u00e9e de championnat face au FC Sochaux-Montbeliard B et publi\u00e9e dans le Forgeron Mag&rsquo; de ce samedi 06\/04<br \/>\nRetrouvez la version int\u00e9grale du Forgeron Mag dans le menu \u00ab Media \u00bb \/ \u00ab Forgeron Mag \u00bb ou sur <strong>&gt;&gt; <a href=\"https:\/\/www.fcgueugnon.fr\/wp\/?tag=forgeron-mag\">le lien suivant<\/a><\/strong><\/h3>\n<p><a href=\"https:\/\/www.fcgueugnon.fr\/wp\/wp-content\/uploads\/2019\/04\/Jerome-Larteau-forgeron-mag-interview-gueugnon-digoin.png\"><img loading=\"lazy\" decoding=\"async\" class=\"aligncenter size-medium wp-image-32288\" src=\"https:\/\/www.fcgueugnon.fr\/wp\/wp-content\/uploads\/2019\/04\/Jerome-Larteau-forgeron-mag-interview-gueugnon-digoin-246x350.png\" alt=\"\" width=\"246\" height=\"350\" \/><\/a><\/p>\n<p><strong>Piero : J\u00e9r\u00f4me, Comment se sont pass\u00e9s tes d\u00e9buts, pensais-tu devenir un jour footballeur\u00a0?<\/strong><br \/>\nJ\u00e9r\u00f4me LARTEAU : \u00ab\u00a0C\u2019est mon p\u00e8re qui m\u2019a inscrit au foot et j\u2019ai ador\u00e9. J\u2019ai commenc\u00e9 \u00e0 l\u2019\u00e2ge de 6 ans \u00e0 Digoin et j\u2019ai toujours voulu \u00eatre joueur de foot.\u00a0\u00bb<\/p>\n<p>&nbsp;<\/p>\n<p><strong>Quels ont \u00e9t\u00e9 tes diff\u00e9rents clubs en cat\u00e9gories jeunes (en f\u00e9d\u00e9raux 13 et 16ans) et quels souvenirs gardes-tu de cette p\u00e9riode ?<\/strong><br \/>\n\u00ab\u00a0\u00a0J\u2019ai int\u00e9gr\u00e9 le FCG en 13 ligue puis nous sommes mont\u00e9s en 14 ans f\u00e9d\u00e9raux. Apr\u00e8s j\u2019ai jou\u00e9 en 15 ans ligue puis je suis parti \u00e0 Chalon en 16 ans nationaux. C\u2019\u00e9tait une p\u00e9riode magnifique avec de grands clubs \u00e0 affronter tous les week-ends.\u00a0\u00bb<\/p>\n<p>&nbsp;<\/p>\n<p><strong>Tu as jou\u00e9 ensuite \u00e0 Louhans-Cuiseaux o\u00f9 tu as commenc\u00e9 \u00e0 jouer en National\u00a03. Une \u00e9tape de plus dans ta carri\u00e8re\u00a0 ?<\/strong><br \/>\n\u00ab\u00a0Oui une belle \u00e9tape enrichissante et plaisante.\u00a0\u00bb<\/p>\n<p>&nbsp;<\/p>\n<p><strong>Ensuite ta carri\u00e8re s&rsquo;est d\u00e9roul\u00e9e au FCG. Comment es-tu arriv\u00e9 ici \u00e0 cette p\u00e9riode ?<\/strong><br \/>\n\u00ab\u00a0C\u2019\u00e9tait le fait de retrouver le club de mes d\u00e9but apr\u00e8s sa remont\u00e9e en National 3.\u00a0\u00bb<\/p>\n<p>&nbsp;<\/p>\n<p><strong>Cette saison tu as \u00e9t\u00e9 indisponible pendant longtemps. Comment as-tu v\u00e9cu cette p\u00e9riode sans pouvoir jouer ?<\/strong><br \/>\n\u00ab\u00a0Oui j\u2019ai \u00e9t\u00e9 absent 6 gros mois.\u00a0 Je l\u2019ai mal v\u00e9cu surtout quand j\u2019ai appris que je devais me faire op\u00e9rer une deuxi\u00e8me fois. Mais cette p\u00e9riode est finie et le retour sur les terrains m\u2019a reboost\u00e9 !\u00a0\u00bb<\/p>\n<p>&nbsp;<\/p>\n<p><strong>Titulaire sur l\u2019aile contre le leader Dijon B, comment t&rsquo;es tu senti durant ce match ?<\/strong><br \/>\n\u00ab\u00a0Je me suis senti bien et heureux d\u2019\u00eatre revenu dans le groupe.\u00a0\u00bb<\/p>\n<p>&nbsp;<\/p>\n<p><strong>On t&rsquo;a vu jouer en attaque o\u00f9 tu as \u00e9t\u00e9 buteur et passeur mais aussi d\u00e9fenseur lat\u00e9ral. Quel est finalement ton poste pr\u00e9f\u00e9r\u00e9 ?<\/strong><br \/>\n\u00ab\u00a0Je n\u2019ai pas de poste pr\u00e9f\u00e9r\u00e9, je joue o\u00f9 le coach veux que je joue.\u00a0\u00bb<\/p>\n<p>&nbsp;<\/p>\n<p><strong>Quel est ton joueur mod\u00e8le ?<\/strong><br \/>\n\u00ab Cristiano Ronaldo, c\u2019est mon idole.\u00a0\u00bb<\/p>\n<p>&nbsp;<\/p>\n<p><strong>Comment juges-tu les performances de l\u2019\u00e9quipe et penses-tu que l&rsquo;objectif de jouer le haut du tableau soit encore r\u00e9alisable ?<\/strong><br \/>\n\u00ab\u00a0Nous avons un tr\u00e8s bon groupe et pour le haut du tableau c\u2019est compliqu\u00e9 mais toujours jouable.\u00a0\u00bb<\/p>\n<p>&nbsp;<\/p>\n<p><strong>Le fait de jouer avec ton fr\u00e8re jumeau S\u00e9bastien est-il un stimulant pour vous deux ?<\/strong><br \/>\n\u00ab\u00a0Oui c\u2019est un stimulant pour moi comme pour lui je pense et je suis tr\u00e8s heureux de jouer avec mon fr\u00e8re.\u00a0\u00bb<\/p>\n<p>&nbsp;<\/p>\n<p><strong>Apr\u00e8s ce match en retard contre Morteau, comment vois-tu la rencontre \u00e0 domicile contre l\u2019\u00e9quipe r\u00e9serve de Sochaux ?<\/strong><br \/>\n\u00ab\u00a0A Morteau c\u2019\u00e9tait un d\u00e9placement difficile surtout \u00e0 cause du terrain. L\u00e0 on re\u00e7oit Sochaux et on fera tout pour gagner \u00e0 domicile !\u00a0\u00bb<\/p>\n<p>&nbsp;<\/p>\n<p><strong>A cette occasion,\u00a0 on f\u00eatera\u00a0le 40e anniversaire du titre de Champions de France de D2. Qu&rsquo;est-ce que cela t&rsquo;inspire de c\u00f4toyer ces anciens joueurs comme Michel Berthommier, Guy Clopin ou Richard Trivino vainqueur de la coupe de la ligue ?<\/strong><br \/>\n\u00ab\u00a0Cela m\u2019inspire le respect et gagner une coupe de la ligue face au PSG, ce n\u2019est pas donn\u00e9 \u00e0 tout le monde.\u00a0\u00bb<\/p>\n<p>&nbsp;<\/p>\n<p><strong>Un souhait pour toi et pour ton \u00e9quipe ?<\/strong><br \/>\n\u00ab\u00a0Le moins de blessure possible et faire une belle fin de championnat !\u00a0\u00bb<\/p>\n<h2><\/h2>\n<p>&nbsp;<\/p>\n<h2>J\u00e9r\u00f4me LARTEAU : 29 ans, attaquant<\/h2>\n<h3>Carri\u00e8re<\/h3>\n<p>Digoin : D\u00e9buts 6 ans<br \/>\nDigoin : 6e 5e Section sportive<br \/>\nGueugnon : 13 ans ligue et 14 ans f\u00e9d\u00e9raux<br \/>\nChalon : 16 nationaux et retour Digoin<br \/>\nCFA2 : Louhans Cuiseaux 2012\/2013 &#8211; 6(7) matchs<br \/>\nN3 : FC Gueugnon 2013\/2019 &#8211; 66 matchs<\/p>\n<p>&nbsp;<\/p>\n<p>&nbsp;<\/p>\n<p>&nbsp;<\/p>\n<p>&nbsp;<\/p>\n","protected":false},"excerpt":{"rendered":"<p>Retrouvez l\u2019interview de J\u00e9r\u00f4me LARTEAU r\u00e9alis\u00e9e \u00e0 l&rsquo;occasion de la 20e journ\u00e9e de championnat face au FC Sochaux-Montbeliard B et publi\u00e9e dans le Forgeron Mag&rsquo; de ce samedi 06\/04 Retrouvez la version int\u00e9grale du Forgeron Mag dans le menu \u00ab Media \u00bb \/ \u00ab Forgeron Mag \u00bb ou sur &gt;&gt; le lien suivant Piero : &#8230; <\/p>\n<p class=\"read-more-container\"><a title=\"Forgeron Mag #11 : Interview de J\u00e9r\u00f4me LARTEAU\" class=\"read-more button\" href=\"https:\/\/www.fcgueugnon.fr\/wp\/forgeron-mag-11-interview-de-jerome-larteau\/32287#more-32287\">Lire la suite<span class=\"screen-reader-text\">Forgeron Mag #11 : Interview de J\u00e9r\u00f4me LARTEAU<\/span><\/a><\/p>\n","protected":false},"author":1,"featured_media":32288,"comment_status":"closed","ping_status":"closed","sticky":false,"template":"","format":"standard","meta":{"_coblocks_attr":"","_coblocks_dimensions":"","_coblocks_responsive_height":"","_coblocks_accordion_ie_support":"","footnotes":""},"categories":[246,188,12],"tags":[99,211,97,143],"_links":{"self":[{"href":"https:\/\/www.fcgueugnon.fr\/wp\/wp-json\/wp\/v2\/posts\/32287"}],"collection":[{"href":"https:\/\/www.fcgueugnon.fr\/wp\/wp-json\/wp\/v2\/posts"}],"about":[{"href":"https:\/\/www.fcgueugnon.fr\/wp\/wp-json\/wp\/v2\/types\/post"}],"author":[{"embeddable":true,"href":"https:\/\/www.fcgueugnon.fr\/wp\/wp-json\/wp\/v2\/users\/1"}],"replies":[{"embeddable":true,"href":"https:\/\/www.fcgueugnon.fr\/wp\/wp-json\/wp\/v2\/comments?post=32287"}],"version-history":[{"count":0,"href":"https:\/\/www.fcgueugnon.fr\/wp\/wp-json\/wp\/v2\/posts\/32287\/revisions"}],"wp:featuredmedia":[{"embeddable":true,"href":"https:\/\/www.fcgueugnon.fr\/wp\/wp-json\/wp\/v2\/media\/32288"}],"wp:attachment":[{"href":"https:\/\/www.fcgueugnon.fr\/wp\/wp-json\/wp\/v2\/media?parent=32287"}],"wp:term":[{"taxonomy":"category","embeddable":true,"href":"https:\/\/www.fcgueugnon.fr\/wp\/wp-json\/wp\/v2\/categories?post=32287"},{"taxonomy":"post_tag","embeddable":true,"href":"https:\/\/www.fcgueugnon.fr\/wp\/wp-json\/wp\/v2\/tags?post=32287"}],"curies":[{"name":"wp","href":"https:\/\/api.w.org\/{rel}","templated":true}]}}