{"id":31275,"date":"2019-02-25T17:31:41","date_gmt":"2019-02-25T16:31:41","guid":{"rendered":"https:\/\/www.fcgueugnon.fr\/wp\/?p=31275"},"modified":"2019-02-25T17:32:41","modified_gmt":"2019-02-25T16:32:41","slug":"n3-j15-fc-gueugnon-0-0-besancon-football-reactions","status":"publish","type":"post","link":"https:\/\/www.fcgueugnon.fr\/wp\/n3-j15-fc-gueugnon-0-0-besancon-football-reactions\/31275","title":{"rendered":"[N3 J15] FC Gueugnon 0 \u2013 0 Besan\u00e7on Football : R\u00e9actions"},"content":{"rendered":"<p>Retrouvez les r\u00e9actions de <strong>Bernard CANARD,<\/strong> <strong>Philippe CORREIA,<\/strong> <strong>Fabrice REVUELTA, Chris GOTENI et Herv\u00e9 GENET <\/strong> capt\u00e9es par Piero \u00e0 l&rsquo;issue du match nul face \u00e0 Besan\u00e7on Football (0-0).<\/p>\n<p>&nbsp;<\/p>\n<p><a href=\"https:\/\/www.fcgueugnon.fr\/wp\/wp-content\/uploads\/2014\/08\/micro.png\"><img loading=\"lazy\" decoding=\"async\" class=\" wp-image-12065 aligncenter\" src=\"https:\/\/www.fcgueugnon.fr\/wp\/wp-content\/uploads\/2014\/08\/micro.png\" alt=\"micro interview\" width=\"100\" height=\"100\" \/><\/a><\/p>\n<h3><strong>Bernard CANARD : Pr\u00e9sident<br \/>\n<\/strong><\/h3>\n<p><img loading=\"lazy\" decoding=\"async\" class=\"wp-image-23731 size-medium aligncenter\" src=\"https:\/\/www.fcgueugnon.fr\/wp\/wp-content\/uploads\/2017\/10\/B04I0914-e1506976678313-289x350.jpg\" alt=\"\" width=\"289\" height=\"350\" \/><\/p>\n<p>&nbsp;<\/p>\n<p><strong>Piero\u00a0: <\/strong><strong>Pr\u00e9sident, ce r\u00e9sultat nul est-il une d\u00e9ception\u00a0? :<br \/>\n<\/strong>Bernard CANARD : \u00ab\u00a0Oui il y a de la d\u00e9ception m\u00eame si on savait que Besan\u00e7on Foot avait une \u00e9quipe solide. Peut-\u00eatre que l\u2019on a trop craint cette \u00e9quipe\u00a0? J\u2019ai l\u2019impression qu\u2019on a manqu\u00e9 un peu d\u2019allant mais on a fait une tr\u00e8s bonne 2<sup>e<\/sup> mi-temps o\u00f9 l\u2019on n\u2019a pas conc\u00e9d\u00e9 une seule occasion. On a eu des occasions mais malheureusement la r\u00e9ussite cette saison nous manque. On a \u00e9t\u00e9 extr\u00eamement solides mais on n\u2019a pas su marquer ce but qui nous manque depuis un moment, c\u2019est dommage on perd 2 points\u2026\u00a0\u00bb<\/p>\n<p>&nbsp;<\/p>\n<h3><strong>Philippe CORREIA : Entraineur<br \/>\n<\/strong><\/h3>\n<p><img loading=\"lazy\" decoding=\"async\" class=\"wp-image-28555 size-medium aligncenter\" src=\"https:\/\/www.fcgueugnon.fr\/wp\/wp-content\/uploads\/2018\/09\/D56I0217-e1537119560802-233x350.jpg\" alt=\"\" width=\"233\" height=\"350\" \/><\/p>\n<p>&nbsp;<\/p>\n<p><strong>Piero\u00a0:<\/strong>\u00a0<strong>Philippe, quelle est ton analyse apr\u00e8s ce match nul\u00a0? <\/strong>\u00a0<strong>:<\/strong><br \/>\nPhilippe CORREIA : \u00ab\u00a0On est tomb\u00e9 sur une belle \u00e9quipe, une \u00e9quipe solide. Ils sont venus jouer \u00e0 cinq derri\u00e8re, ce qui la rendait tr\u00e8s difficile \u00e0 man\u0153uvrer mais le point positif c\u2019est qu\u2019on s\u2019est cr\u00e9\u00e9 quand m\u00eame quelques occasions. Et j\u2019ai bien aim\u00e9 notre entame de seconde mi-temps, pendant 25 minutes on les a bouscul\u00e9, on s\u2019est cr\u00e9\u00e9 de bonnes situations. Il nous manque encore ce brin de r\u00e9ussite pour d\u00e9bloquer un peu la situation. On est sur le bon chemin\u2026\u00a0\u00bb<\/p>\n<p><strong>La titularisation d\u2019entr\u00e9e de Chris Goteni a \u00e9t\u00e9 positive\u00a0?<\/strong>\u00a0<strong>:<\/strong><br \/>\n\u00ab\u00a0Oui je suis m\u00eame tr\u00e8s satisfait, il nous apporte un peu plus d\u2019assise d\u00e9fensive. C\u2019est un jeune tr\u00e8s talentueux qui a un gros potentiel et ce n\u2019est que le d\u00e9but, je pense qu\u2019il va monter en puissance.\u00a0\u00bb<\/p>\n<p><strong>Maintenant on va se projeter sur le match contre Jura Dolois<\/strong>\u00a0<strong>:<\/strong><br \/>\n\u00ab Il va falloir bonifier ce match nul. Je le r\u00e9p\u00e8te j\u2019ai bien aim\u00e9 ce que j\u2019ai vu, j\u2019ai vu une \u00e9quipe, un bloc, c\u2019est tr\u00e8s positif pour la suite. Le seul regret c\u2019est que l\u2019on ne p\u00e8se pas assez. On ne met pas assez de poids offensivement dans les courses, dans l\u2019impact contre une d\u00e9fense \u00e0 cinq o\u00f9 il faut beaucoup plus de mouvements. Mais \u00e7a vaut pour l\u2019ensemble de l\u2019\u00e9quipe. On a \u00e9t\u00e9 trop dans la s\u00e9curit\u00e9, c\u2019est juste \u00e7a le point n\u00e9gatif.\u00a0\u00bb<\/p>\n<p><strong>Le nouveau r\u00f4le d\u2019Albert Baning en soutien en attaque se r\u00e9v\u00e8le profitable pour l\u2019\u00e9quipe<\/strong>\u00a0<strong>? :<br \/>\n<\/strong>\u00ab Il nous apporte ce petit poids offensivement en plus, ce qui nous manque aujourd\u2019hui. Il a d\u00e9livr\u00e9 deux passes d\u00e9cisives mais aujourd\u2019hui nos courses n\u2019ont pas \u00e9t\u00e9 assez bonnes et on a manqu\u00e9 de r\u00e9ussite sur les deux frappes de Fabrice.\u00a0\u00bb<\/p>\n<p>&nbsp;<\/p>\n<h3><strong>Fabrice REVUELTA : Milieu de terrain et capitaine<br \/>\n<\/strong><\/h3>\n<p><img loading=\"lazy\" decoding=\"async\" class=\"wp-image-28536 size-medium aligncenter\" src=\"https:\/\/www.fcgueugnon.fr\/wp\/wp-content\/uploads\/2018\/09\/D56I0196-e1537117668509-233x350.jpg\" alt=\"\" width=\"233\" height=\"350\" \/><\/p>\n<p>&nbsp;<\/p>\n<p><strong>Piero\u00a0:\u00a0<\/strong><strong>Ton analyse suite \u00e0 r\u00e9sultat nul<\/strong>\u00a0<strong>? :<br \/>\n<\/strong>Fabrice REVUELTA : \u00ab\u00a0On est d\u00e9\u00e7us du r\u00e9sultat. Le match nul est plut\u00f4t \u00e9quitable dans l\u2019ensemble m\u00eame si je pense qu\u2019on a eu plus d\u2019occasions qu\u2019eux\u00a0. C\u2019\u00e9tait un match de haut de tableau avec deux \u00e9quipes qui se valaient. A domicile on aurait d\u00fb mettre un peu plus de folie mais on ne pouvait pas trop se d\u00e9couvrir non plus face \u00e0 cette tr\u00e8s bonne \u00e9quipe. On voulait mettre notre jeu en place mais on n\u2019a pas r\u00e9ussi.\u00a0\u00bb<\/p>\n<p><strong>Maintenant c\u2019est Jura Dolois qu\u2019il va falloir d\u00e9fier \u00e0 Jean Laville<\/strong>\u00a0<strong>:<\/strong><br \/>\n\u00ab\u00a0Comme tous les matchs, la victoire est obligatoire si on ne veut pas passer une longue fin de saison. Il faut gagner ce prochain match\u00a0!\u00a0\u00bb<\/p>\n<p>&nbsp;<\/p>\n<p>&nbsp;<\/p>\n<h3><strong>Chris GOTENI : D\u00e9fenseur central<br \/>\n<\/strong><\/h3>\n<p><img loading=\"lazy\" decoding=\"async\" class=\"wp-image-31200 size-medium aligncenter\" src=\"https:\/\/www.fcgueugnon.fr\/wp\/wp-content\/uploads\/2019\/02\/FC-Gueugnon-Besan\u00e7on-Foot-J15-23-02-2019-12-350x233.png\" alt=\"\" width=\"350\" height=\"233\" \/><\/p>\n<p>&nbsp;<\/p>\n<p><strong>Piero\u00a0:\u00a0<\/strong><strong>Chris, premier match et premi\u00e8re titularisation\u00a0! Tu es content d\u2019avoir pu jouer un match officiel avec le FCG\u00a0?\u00a0:<br \/>\n<\/strong>Chris GOTENI : \u00ab\u00a0Oui \u00e7a fait du bien car cela fait presque un an que je n\u2019avais pas jou\u00e9 et pas fait un match officiel de 90 minutes alors je suis effectivement super content. Cela me fait plaisir, on est une bonne \u00e9quipe avec un bon effectif et beaucoup de talent. Franchement je suis ravi.\u00a0\u00bb<\/p>\n<p><strong>Un mot sur ce match\u00a0?<\/strong>\u00a0:<br \/>\n\u00ab\u00a0On avait \u00e0 c\u0153ur de gagner ce match, malheureusement on reste sur un nul. On ne baissera pas les bras et on va aller de l\u2019avant pour gagner le prochain match contre Jura Dolois.\u00a0\u00bb<\/p>\n<p>&nbsp;<\/p>\n<p>&nbsp;<\/p>\n<h3><strong>Herv\u00e9 GENET : Entraineur de Besan\u00e7on Football<br \/>\n<\/strong><\/h3>\n<p><img loading=\"lazy\" decoding=\"async\" class=\"wp-image-31278 size-medium aligncenter\" src=\"https:\/\/www.fcgueugnon.fr\/wp\/wp-content\/uploads\/2019\/02\/Genet-233x350.jpg\" alt=\"\" width=\"233\" height=\"350\" \/><\/p>\n<h6 style=\"text-align: center;\"><em>Photo www.besanconfoot.com<\/em><\/h6>\n<p><strong>Piero\u00a0:\u00a0<\/strong><strong>Ce soir, comment qualifieriez-vous ce nul obtenu \u00e0 Jean Laville\u00a0? :<br \/>\n<\/strong>Herv\u00e9 GENET : \u00ab<strong>\u00a0<\/strong>Au d\u00e9part si on nous avait dit qu\u2019on ferait le nul \u00e0 Gueugnon, qui reste une r\u00e9f\u00e9rence dans ce championnat, on aurait sign\u00e9 de suite. A la fin du match on peut avoir le sentiment de dire que l\u2019on n\u2019est pas pass\u00e9 loin avec un peu plus de r\u00e9ussite pour emporter les 3 points.\u00a0\u00bb<\/p>\n<p><strong>Comment voyez-vous maintenant la suite du championnat\u00a0? L\u2019objectif reste t-il le m\u00eame pour vous\u00a0? :<br \/>\n<\/strong>\u00ab<strong>\u00a0<\/strong>On va essayer de l\u2019emporter le weekend prochain \u00e0 Auxerre. On sait que l\u2019on est \u00e0 un moment du championnat o\u00f9 l\u2019on doit faire des performances pour pouvoir rester dans ce haut de tableau. Si on veut garder encore l\u2019espoir en fin de championnat, il ne faut plus perdre de points en route. \u00bb<\/p>\n<p><strong>Un mot sur votre adversaire ce soir<\/strong>\u00a0<strong>? :\u00a0<\/strong><br \/>\n\u00ab\u00a0C\u2019est une \u00e9quipe tr\u00e8s athl\u00e9tique qui nous a mis en difficult\u00e9. On avait mis un plan en place pour \u00e9viter d\u2019avoir des corners parce qu\u2019on sait qu\u2019ils sont dangereux avec la taille. On sait aussi que c\u2019est une \u00e9quipe dans le jeu qui essaie toujours de bien jouer. Je pense que c\u2019\u00e9tait un match agr\u00e9able, Gueugnon a eu aussi des opportunit\u00e9s mais nous un petit plus qu\u2019eux\u2026\u00a0\u00bb<\/p>\n<p>&nbsp;<\/p>\n<p>Merci \u00e0 tous pour ces r\u00e9actions.<\/p>\n<p style=\"text-align: center;\">&#8212;<\/p>\n<p>&nbsp;<\/p>\n<blockquote><p>\u25ba <a href=\"https:\/\/www.fcgueugnon.fr\/wp\/n3-j15-fc-gueugnon-0-0-besancon-football-resultat\/31171#.XHQUtjpCfmg\" target=\"_blank\" rel=\"noopener\">Article d\u2019apr\u00e8s match<\/a><\/p><\/blockquote>\n<p><img loading=\"lazy\" decoding=\"async\" class=\"wp-image-31176 size-medium aligncenter\" src=\"https:\/\/www.fcgueugnon.fr\/wp\/wp-content\/uploads\/2019\/02\/52935410_294870047852268_440279360960724992_n-350x350.png\" alt=\"\" width=\"350\" height=\"350\" \/><\/p>\n<p>&nbsp;<\/p>\n<blockquote><p>\u25ba <a href=\"http:\/\/www.besanconfoot.com\/listevideos-219.html\" target=\"_blank\" rel=\"noopener\">Les r\u00e9actions en vid\u00e9o sur www.besanconfoot.com<\/a><\/p>\n<p>\u25ba <a href=\"http:\/\/www.besanconfoot.com\/ListeVideosBFC.php?videosbfc=220\" target=\"_blank\" rel=\"noopener\">Le r\u00e9sum\u00e9 vid\u00e9o propos\u00e9 par Besan\u00e7on Foot<\/a><\/p><\/blockquote>\n","protected":false},"excerpt":{"rendered":"<p>Retrouvez les r\u00e9actions de Bernard CANARD, Philippe CORREIA, Fabrice REVUELTA, Chris GOTENI et Herv\u00e9 GENET capt\u00e9es par Piero \u00e0 l&rsquo;issue du match nul face \u00e0 Besan\u00e7on Football (0-0). &nbsp; Bernard CANARD : Pr\u00e9sident &nbsp; Piero\u00a0: Pr\u00e9sident, ce r\u00e9sultat nul est-il une d\u00e9ception\u00a0? : Bernard CANARD : \u00ab\u00a0Oui il y a de la d\u00e9ception m\u00eame si &#8230; <\/p>\n<p class=\"read-more-container\"><a title=\"[N3 J15] FC Gueugnon 0 \u2013 0 Besan\u00e7on Football : R\u00e9actions\" class=\"read-more button\" href=\"https:\/\/www.fcgueugnon.fr\/wp\/n3-j15-fc-gueugnon-0-0-besancon-football-reactions\/31275#more-31275\">Lire la suite<span class=\"screen-reader-text\">[N3 J15] FC Gueugnon 0 \u2013 0 Besan\u00e7on Football : R\u00e9actions<\/span><\/a><\/p>\n","protected":false},"author":15,"featured_media":31081,"comment_status":"closed","ping_status":"closed","sticky":true,"template":"","format":"standard","meta":{"_coblocks_attr":"","_coblocks_dimensions":"","_coblocks_responsive_height":"","_coblocks_accordion_ie_support":"","footnotes":""},"categories":[246,12],"tags":[97],"_links":{"self":[{"href":"https:\/\/www.fcgueugnon.fr\/wp\/wp-json\/wp\/v2\/posts\/31275"}],"collection":[{"href":"https:\/\/www.fcgueugnon.fr\/wp\/wp-json\/wp\/v2\/posts"}],"about":[{"href":"https:\/\/www.fcgueugnon.fr\/wp\/wp-json\/wp\/v2\/types\/post"}],"author":[{"embeddable":true,"href":"https:\/\/www.fcgueugnon.fr\/wp\/wp-json\/wp\/v2\/users\/15"}],"replies":[{"embeddable":true,"href":"https:\/\/www.fcgueugnon.fr\/wp\/wp-json\/wp\/v2\/comments?post=31275"}],"version-history":[{"count":0,"href":"https:\/\/www.fcgueugnon.fr\/wp\/wp-json\/wp\/v2\/posts\/31275\/revisions"}],"wp:featuredmedia":[{"embeddable":true,"href":"https:\/\/www.fcgueugnon.fr\/wp\/wp-json\/wp\/v2\/media\/31081"}],"wp:attachment":[{"href":"https:\/\/www.fcgueugnon.fr\/wp\/wp-json\/wp\/v2\/media?parent=31275"}],"wp:term":[{"taxonomy":"category","embeddable":true,"href":"https:\/\/www.fcgueugnon.fr\/wp\/wp-json\/wp\/v2\/categories?post=31275"},{"taxonomy":"post_tag","embeddable":true,"href":"https:\/\/www.fcgueugnon.fr\/wp\/wp-json\/wp\/v2\/tags?post=31275"}],"curies":[{"name":"wp","href":"https:\/\/api.w.org\/{rel}","templated":true}]}}