{"id":30673,"date":"2019-01-31T13:50:31","date_gmt":"2019-01-31T12:50:31","guid":{"rendered":"https:\/\/www.fcgueugnon.fr\/wp\/?p=30673"},"modified":"2019-01-31T13:50:31","modified_gmt":"2019-01-31T12:50:31","slug":"n3-j15-fc-gueugnon-besancon-foot-rencontre-reportee-par-la-ligue-bfc","status":"publish","type":"post","link":"https:\/\/www.fcgueugnon.fr\/wp\/n3-j15-fc-gueugnon-besancon-foot-rencontre-reportee-par-la-ligue-bfc\/30673","title":{"rendered":"[N3 J15] FC Gueugnon &#8211; Besan\u00e7on Foot : Rencontre report\u00e9e par la Ligue BFC"},"content":{"rendered":"<h3 style=\"text-align: justify;\">Annulation G\u00e9n\u00e9rale des 02 et 03 F\u00e9vrier 2019 :<\/h3>\n<p style=\"text-align: justify;\"><strong>En d\u00e9but d&rsquo;apr\u00e8s-midi, la Ligue Bourgogne Franche-Comt\u00e9 de Football a pris la d\u00e9cision d&rsquo;annuler l&rsquo;ensemble des rencontres du weekend des 02 et 03 F\u00e9vrier 2019. Ainsi, le match pr\u00e9vu ce samedi face \u00e0 Besan\u00e7on Foot est report\u00e9 \u00e0 une date ult\u00e9rieure.<\/strong><\/p>\n<p><a href=\"https:\/\/www.fcgueugnon.fr\/wp\/wp-content\/uploads\/2019\/01\/Besan\u00e7on-Foot-Report\u00e9.png\"><img loading=\"lazy\" decoding=\"async\" class=\"size-full wp-image-30674 aligncenter\" src=\"https:\/\/www.fcgueugnon.fr\/wp\/wp-content\/uploads\/2019\/01\/Besan\u00e7on-Foot-Report\u00e9.png\" alt=\"\" width=\"756\" height=\"756\" \/><\/a><\/p>\n<p style=\"text-align: justify;\"><strong>Communiqu\u00e9 de la Ligue Bourgogne Franche-Comt\u00e9:\u00a0<\/strong><\/p>\n<p style=\"text-align: justify;\">\u00ab\u00a0En raison des conditions atmosph\u00e9riques actuelles, afin d\u2019assurer la s\u00e9curit\u00e9 des joueurs, de pr\u00e9server les installations sportives et assurer la r\u00e9gularit\u00e9 des championnats, toutes les rencontres r\u00e9gionales pr\u00e9vues les samedi 2 et dimanche 3 F\u00e9vrier 2019 sont annul\u00e9es.<\/p>\n<p style=\"text-align: justify;\">Sont concern\u00e9es par cette disposition, les rencontres de National 3, des championnats seniors, f\u00e9minins et jeunes programm\u00e9es par la Ligue Bourgogne-Franche-C<span class=\"text_exposed_show\">omt\u00e9.<\/span>\u00ab\u00a0<\/p>\n","protected":false},"excerpt":{"rendered":"<p>Annulation G\u00e9n\u00e9rale des 02 et 03 F\u00e9vrier 2019 : En d\u00e9but d&rsquo;apr\u00e8s-midi, la Ligue Bourgogne Franche-Comt\u00e9 de Football a pris la d\u00e9cision d&rsquo;annuler l&rsquo;ensemble des rencontres du weekend des 02 et 03 F\u00e9vrier 2019. Ainsi, le match pr\u00e9vu ce samedi face \u00e0 Besan\u00e7on Foot est report\u00e9 \u00e0 une date ult\u00e9rieure. Communiqu\u00e9 de la Ligue Bourgogne &#8230; <\/p>\n<p class=\"read-more-container\"><a title=\"[N3 J15] FC Gueugnon &#8211; Besan\u00e7on Foot : Rencontre report\u00e9e par la Ligue BFC\" class=\"read-more button\" href=\"https:\/\/www.fcgueugnon.fr\/wp\/n3-j15-fc-gueugnon-besancon-foot-rencontre-reportee-par-la-ligue-bfc\/30673#more-30673\">Lire la suite<span class=\"screen-reader-text\">[N3 J15] FC Gueugnon &#8211; Besan\u00e7on Foot : Rencontre report\u00e9e par la Ligue BFC<\/span><\/a><\/p>\n","protected":false},"author":14,"featured_media":30674,"comment_status":"closed","ping_status":"closed","sticky":true,"template":"","format":"standard","meta":{"_coblocks_attr":"","_coblocks_dimensions":"","_coblocks_responsive_height":"","_coblocks_accordion_ie_support":"","footnotes":""},"categories":[246,12],"tags":[98],"_links":{"self":[{"href":"https:\/\/www.fcgueugnon.fr\/wp\/wp-json\/wp\/v2\/posts\/30673"}],"collection":[{"href":"https:\/\/www.fcgueugnon.fr\/wp\/wp-json\/wp\/v2\/posts"}],"about":[{"href":"https:\/\/www.fcgueugnon.fr\/wp\/wp-json\/wp\/v2\/types\/post"}],"author":[{"embeddable":true,"href":"https:\/\/www.fcgueugnon.fr\/wp\/wp-json\/wp\/v2\/users\/14"}],"replies":[{"embeddable":true,"href":"https:\/\/www.fcgueugnon.fr\/wp\/wp-json\/wp\/v2\/comments?post=30673"}],"version-history":[{"count":0,"href":"https:\/\/www.fcgueugnon.fr\/wp\/wp-json\/wp\/v2\/posts\/30673\/revisions"}],"wp:featuredmedia":[{"embeddable":true,"href":"https:\/\/www.fcgueugnon.fr\/wp\/wp-json\/wp\/v2\/media\/30674"}],"wp:attachment":[{"href":"https:\/\/www.fcgueugnon.fr\/wp\/wp-json\/wp\/v2\/media?parent=30673"}],"wp:term":[{"taxonomy":"category","embeddable":true,"href":"https:\/\/www.fcgueugnon.fr\/wp\/wp-json\/wp\/v2\/categories?post=30673"},{"taxonomy":"post_tag","embeddable":true,"href":"https:\/\/www.fcgueugnon.fr\/wp\/wp-json\/wp\/v2\/tags?post=30673"}],"curies":[{"name":"wp","href":"https:\/\/api.w.org\/{rel}","templated":true}]}}