{"id":30080,"date":"2018-12-12T09:50:14","date_gmt":"2018-12-12T08:50:14","guid":{"rendered":"https:\/\/www.fcgueugnon.fr\/wp\/?p=30080"},"modified":"2019-05-10T23:48:05","modified_gmt":"2019-05-10T21:48:05","slug":"n3-j12-a-la-decouverte-du-fc-morteau-montlebon","status":"publish","type":"post","link":"https:\/\/www.fcgueugnon.fr\/wp\/n3-j12-a-la-decouverte-du-fc-morteau-montlebon\/30080","title":{"rendered":"[N3 J12] A la d\u00e9couverte du FC Morteau Montlebon"},"content":{"rendered":"<p>Ce samedi 15 d\u00e9cembre \u00e0 15h30, \u00e0 l&rsquo;occasion de la 12e du National 3 saison 2018\/2019, les forgerons du FCG se d\u00e9placent chez le FC Morteau Montlebon.<br \/>\nPromu cette saison, nous sommes all\u00e9s \u00e0 la rencontre de R\u00e9mi Bonnet, milieu de terrain de l\u2019\u00e9quipe fanion de ce club du haut-doubs.<\/p>\n<p><a href=\"https:\/\/www.fcgueugnon.fr\/wp\/wp-content\/uploads\/2018\/12\/logo-fc-morteau-montlebon.png\"><img loading=\"lazy\" decoding=\"async\" class=\"aligncenter size-thumbnail wp-image-30081\" src=\"https:\/\/www.fcgueugnon.fr\/wp\/wp-content\/uploads\/2018\/12\/logo-fc-morteau-montlebon-100x100.png\" alt=\"\" width=\"100\" height=\"100\" \/><\/a><\/p>\n<p><strong>Bonjour, tout d&rsquo;abord pourriez-vous nous faire une pr\u00e9sentation de votre club ?\u00a0<\/strong><br \/>\nR\u00e9mi Bonnet : \u00ab Bonjour, l&rsquo;id\u00e9al pour connaitre l&rsquo;histoire du club est de consulter cette page sur notre site &gt; <a href=\"http:\/\/FCMorteauMontlebon.com\/page\/historique.html\" target=\"_blank\" rel=\"noopener\">FCMorteauMontlebon.com\/page\/historique.html<\/a>\u00a0\u00bb<\/p>\n<p>&nbsp;<\/p>\n<p><strong>Comment s&rsquo;est d\u00e9roul\u00e9e votre saison d&rsquo;accession au N3 ?<br \/>\n<\/strong>R\u00e9mi Bonnet : \u00ab Suite \u00e0 notre premi\u00e8re mont\u00e9e de LR2 \u00e0 R1 l\u2019ann\u00e9e pr\u00e9c\u00e9dente, nous sommes arriv\u00e9s en R1 avec l\u2019envie de bien faire et de se stabiliser \u00e0 ce niveau. Au fur et \u00e0 mesure de la saison, nous avons engrang\u00e9 des points et avons vu que nous avions un potentiel pour jouer le haut de tableau. La lutte fut palpitante avec Grandvillars et nous avons fini second avec en prime la mont\u00e9e en N3 en tant que meilleure 2\u00e8me. On peut dire que le championnat N3 est le meilleur niveau pour notre club en ce moment car nous ne pr\u00e9tendons pas jouer dans la m\u00eame cour que les r\u00e9serves pros ainsi que Louhans, Gueugnon, Montceau\u2026 m\u00eame si nous avons un groupe de qualit\u00e9 ! \u00bb<\/p>\n<p>&nbsp;<\/p>\n<p><strong>Quels sont vos objectifs pour cette saison ?<br \/>\n<\/strong>R\u00e9mi Bonnet : \u00ab Notre d\u00e9but de saison se passe plut\u00f4t bien avec des joueurs \/ staffs soud\u00e9s et appliqu\u00e9s. L\u2019objectif est clairement le maintien et nous avons pris les points qu\u2019il fallait pour le moment. Des petits regrets sur des matchs \u00e0 domicile o\u00f9 nous aurions pu faire mieux mais dans l\u2019ensemble, c\u2019est satisfaisant. \u00bb<\/p>\n<p>&nbsp;<\/p>\n<p><strong>Connaissez-vous le FC Gueugnon <\/strong><strong>?<br \/>\n<\/strong>R\u00e9mi Bonnet : \u00ab Oui nous connaissons le FC Gueugnon notamment pour leur victoire en coupe de la ligue dans les ann\u00e9es 2000. Effectivement, ce match aura une saveur particuli\u00e8re car c\u2019est un club historique au m\u00eame titre que Louhans, Montceau. Le fait d\u2019\u00eatre remont\u00e9 \u00e0 ce niveau nous permet de jouer ces matchs \u00ab\u00a0prestigieux\u00a0\u00bb avec un public qui devrait r\u00e9pondre pr\u00e9sent. \u00bb<\/p>\n<p>&nbsp;<\/p>\n<p><strong>Enfin, on conna\u00eet Morteau mondialement pour&#8230; sa saucisse ;) Est-ce que vous \u00eates plut\u00f4t fier de cette sp\u00e9cialit\u00e9 culinaire ou \u00eates-vous blas\u00e9 lorsque l&rsquo;on vous en parle ?\u00a0<\/strong><br \/>\nR\u00e9mi Bonnet : \u00ab Oui c\u2019est clair nous sommes fiers de nos sp\u00e9cialit\u00e9s r\u00e9gionales mais nous avons aussi une tr\u00e8s bonne \u00e9quipe de foot&#8230; \u00bb<\/p>\n<p>&nbsp;<\/p>\n<p style=\"text-align: center;\">&#8212;<\/p>\n<p>Site du club : <a href=\"http:\/\/fcmorteaumontlebon.com\" target=\"_blank\" rel=\"noopener\">fcmorteaumontlebon.com<\/a><br \/>\nPage Facebook : <a href=\"https:\/\/www.facebook.com\/FCMorteauMontlebon\/\" target=\"_blank\" rel=\"noopener\">www.facebook.com\/FCMorteauMontlebon<\/a><\/p>\n<p style=\"text-align: center;\">&#8212;<\/p>\n<p>Merci \u00e0\u00a0R\u00e9mi Bonnet du FC Morteau-Montlebon pour ces informations et rendez-vous ce samedi 15 D\u00e9cembre \u00e0 15h30 pour le dernier match de l&rsquo;ann\u00e9e 2018.<br \/>\n<a href=\"https:\/\/www.fcgueugnon.fr\/wp\/n3-j12-organisation-dun-bus-de-supporters-pour-morteau-montlebon\/29999\">Rappel : Le club organise un d\u00e9placement de supporters en bus. Toutes les infos \u25ba en cliquant ici<\/a><\/p>\n","protected":false},"excerpt":{"rendered":"<p>Ce samedi 15 d\u00e9cembre \u00e0 15h30, \u00e0 l&rsquo;occasion de la 12e du National 3 saison 2018\/2019, les forgerons du FCG se d\u00e9placent chez le FC Morteau Montlebon. Promu cette saison, nous sommes all\u00e9s \u00e0 la rencontre de R\u00e9mi Bonnet, milieu de terrain de l\u2019\u00e9quipe fanion de ce club du haut-doubs. Bonjour, tout d&rsquo;abord pourriez-vous nous &#8230; <\/p>\n<p class=\"read-more-container\"><a title=\"[N3 J12] A la d\u00e9couverte du FC Morteau Montlebon\" class=\"read-more button\" href=\"https:\/\/www.fcgueugnon.fr\/wp\/n3-j12-a-la-decouverte-du-fc-morteau-montlebon\/30080#more-30080\">Lire la suite<span class=\"screen-reader-text\">[N3 J12] A la d\u00e9couverte du FC Morteau Montlebon<\/span><\/a><\/p>\n","protected":false},"author":1,"featured_media":30081,"comment_status":"closed","ping_status":"closed","sticky":true,"template":"","format":"standard","meta":{"_coblocks_attr":"","_coblocks_dimensions":"","_coblocks_responsive_height":"","_coblocks_accordion_ie_support":"","footnotes":""},"categories":[246,12],"tags":[97],"_links":{"self":[{"href":"https:\/\/www.fcgueugnon.fr\/wp\/wp-json\/wp\/v2\/posts\/30080"}],"collection":[{"href":"https:\/\/www.fcgueugnon.fr\/wp\/wp-json\/wp\/v2\/posts"}],"about":[{"href":"https:\/\/www.fcgueugnon.fr\/wp\/wp-json\/wp\/v2\/types\/post"}],"author":[{"embeddable":true,"href":"https:\/\/www.fcgueugnon.fr\/wp\/wp-json\/wp\/v2\/users\/1"}],"replies":[{"embeddable":true,"href":"https:\/\/www.fcgueugnon.fr\/wp\/wp-json\/wp\/v2\/comments?post=30080"}],"version-history":[{"count":0,"href":"https:\/\/www.fcgueugnon.fr\/wp\/wp-json\/wp\/v2\/posts\/30080\/revisions"}],"wp:featuredmedia":[{"embeddable":true,"href":"https:\/\/www.fcgueugnon.fr\/wp\/wp-json\/wp\/v2\/media\/30081"}],"wp:attachment":[{"href":"https:\/\/www.fcgueugnon.fr\/wp\/wp-json\/wp\/v2\/media?parent=30080"}],"wp:term":[{"taxonomy":"category","embeddable":true,"href":"https:\/\/www.fcgueugnon.fr\/wp\/wp-json\/wp\/v2\/categories?post=30080"},{"taxonomy":"post_tag","embeddable":true,"href":"https:\/\/www.fcgueugnon.fr\/wp\/wp-json\/wp\/v2\/tags?post=30080"}],"curies":[{"name":"wp","href":"https:\/\/api.w.org\/{rel}","templated":true}]}}