{"id":2867,"date":"2013-07-11T22:40:39","date_gmt":"2013-07-11T21:40:39","guid":{"rendered":"https:\/\/www.fcgueugnon.fr\/wp\/?p=2867"},"modified":"2013-08-02T08:09:42","modified_gmt":"2013-08-02T07:09:42","slug":"fin-du-stage-organise-par-le-fc-gueugnon","status":"publish","type":"post","link":"https:\/\/www.fcgueugnon.fr\/wp\/fin-du-stage-organise-par-le-fc-gueugnon\/2867","title":{"rendered":"Fin du stage organis\u00e9 par le FC GUEUGNON"},"content":{"rendered":"<p>Jeudi 11, le stage organis\u00e9 par le FCG s&rsquo;est termin\u00e9 par une remise de tee shirt et maillots. Les participants \u00e9taient ravis, le stage s&rsquo;est d\u00e9roul\u00e9 dans un excellent \u00e9tat d&rsquo;esprit et le temps cl\u00e9ment a permis de r\u00e9aliser tout le programme.<\/p>\n<figure id=\"attachment_2870\" aria-describedby=\"caption-attachment-2870\" style=\"width: 290px\" class=\"wp-caption aligncenter\"><a href=\"https:\/\/www.fcgueugnon.fr\/wp\/wp-content\/uploads\/2013\/07\/anniversaire1.jpg\"><img loading=\"lazy\" decoding=\"async\" class=\"size-medium wp-image-2870 \" alt=\"anniversaire\" src=\"https:\/\/www.fcgueugnon.fr\/wp\/wp-content\/uploads\/2013\/07\/anniversaire1-300x224.jpg\" width=\"300\" height=\"224\" \/><\/a><figcaption id=\"caption-attachment-2870\" class=\"wp-caption-text\">Deux anniversaires mardi 9 : Corentin BIDOLLET (stagiaire) et Nicolas PELLENARD (Educateur)<\/figcaption><\/figure>\n<p>&nbsp;<\/p>\n<figure id=\"attachment_2871\" aria-describedby=\"caption-attachment-2871\" style=\"width: 290px\" class=\"wp-caption aligncenter\"><a href=\"https:\/\/www.fcgueugnon.fr\/wp\/wp-content\/uploads\/2013\/07\/rse-des-r\u00e9compenses1.jpg\"><img loading=\"lazy\" decoding=\"async\" class=\"size-medium wp-image-2871 \" alt=\"rse des r\u00e9compenses\" src=\"https:\/\/www.fcgueugnon.fr\/wp\/wp-content\/uploads\/2013\/07\/rse-des-r\u00e9compenses1-300x224.jpg\" width=\"300\" height=\"224\" \/><\/a><figcaption id=\"caption-attachment-2871\" class=\"wp-caption-text\">La remise des maillots<\/figcaption><\/figure>\n<p>&nbsp;<\/p>\n<figure id=\"attachment_2872\" aria-describedby=\"caption-attachment-2872\" style=\"width: 290px\" class=\"wp-caption aligncenter\"><a href=\"https:\/\/www.fcgueugnon.fr\/wp\/wp-content\/uploads\/2013\/07\/cloture-du-stage.jpg\"><img loading=\"lazy\" decoding=\"async\" class=\"size-medium wp-image-2872 \" alt=\"cloture du stage\" src=\"https:\/\/www.fcgueugnon.fr\/wp\/wp-content\/uploads\/2013\/07\/cloture-du-stage-300x224.jpg\" width=\"300\" height=\"224\" \/><\/a><figcaption id=\"caption-attachment-2872\" class=\"wp-caption-text\">La cl\u00f4ture du stage dans le club house du FCG<\/figcaption><\/figure>\n<p>&nbsp;<\/p>\n<p>&nbsp;<\/p>\n","protected":false},"excerpt":{"rendered":"<p>Jeudi 11, le stage organis\u00e9 par le FCG s&rsquo;est termin\u00e9 par une remise de tee shirt et maillots. Les participants \u00e9taient ravis, le stage s&rsquo;est d\u00e9roul\u00e9 dans un excellent \u00e9tat d&rsquo;esprit et le temps cl\u00e9ment a permis de r\u00e9aliser tout le programme. &nbsp; &nbsp; &nbsp; &nbsp;<\/p>\n","protected":false},"author":7,"featured_media":0,"comment_status":"closed","ping_status":"closed","sticky":false,"template":"","format":"standard","meta":{"_coblocks_attr":"","_coblocks_dimensions":"","_coblocks_responsive_height":"","_coblocks_accordion_ie_support":"","footnotes":""},"categories":[13,12,53],"tags":[102],"_links":{"self":[{"href":"https:\/\/www.fcgueugnon.fr\/wp\/wp-json\/wp\/v2\/posts\/2867"}],"collection":[{"href":"https:\/\/www.fcgueugnon.fr\/wp\/wp-json\/wp\/v2\/posts"}],"about":[{"href":"https:\/\/www.fcgueugnon.fr\/wp\/wp-json\/wp\/v2\/types\/post"}],"author":[{"embeddable":true,"href":"https:\/\/www.fcgueugnon.fr\/wp\/wp-json\/wp\/v2\/users\/7"}],"replies":[{"embeddable":true,"href":"https:\/\/www.fcgueugnon.fr\/wp\/wp-json\/wp\/v2\/comments?post=2867"}],"version-history":[{"count":0,"href":"https:\/\/www.fcgueugnon.fr\/wp\/wp-json\/wp\/v2\/posts\/2867\/revisions"}],"wp:attachment":[{"href":"https:\/\/www.fcgueugnon.fr\/wp\/wp-json\/wp\/v2\/media?parent=2867"}],"wp:term":[{"taxonomy":"category","embeddable":true,"href":"https:\/\/www.fcgueugnon.fr\/wp\/wp-json\/wp\/v2\/categories?post=2867"},{"taxonomy":"post_tag","embeddable":true,"href":"https:\/\/www.fcgueugnon.fr\/wp\/wp-json\/wp\/v2\/tags?post=2867"}],"curies":[{"name":"wp","href":"https:\/\/api.w.org\/{rel}","templated":true}]}}