{"id":28607,"date":"2018-09-24T17:30:13","date_gmt":"2018-09-24T15:30:13","guid":{"rendered":"https:\/\/www.fcgueugnon.fr\/wp\/?p=28607"},"modified":"2018-09-24T13:23:46","modified_gmt":"2018-09-24T11:23:46","slug":"n3-j05-jura-dolois-0-0-fc-gueugnon-reactions","status":"publish","type":"post","link":"https:\/\/www.fcgueugnon.fr\/wp\/n3-j05-jura-dolois-0-0-fc-gueugnon-reactions\/28607","title":{"rendered":"[N3 J05] Jura Dolois 0\u20130 FC Gueugnon : R\u00e9actions"},"content":{"rendered":"<p>Retrouvez les r\u00e9actions de <strong>Bernard CANARD,<\/strong>\u00a0<strong>Philippe CORREIA, Fabrice REVUELTA et Albert BANING<\/strong> capt\u00e9es par Piero \u00e0 l&rsquo;issue du match nul \u00e0 Jura Dolois (0-0).<\/p>\n<p>&nbsp;<\/p>\n<p><a href=\"https:\/\/www.fcgueugnon.fr\/wp\/wp-content\/uploads\/2014\/08\/micro.png\"><img loading=\"lazy\" decoding=\"async\" class=\" wp-image-12065 aligncenter\" src=\"https:\/\/www.fcgueugnon.fr\/wp\/wp-content\/uploads\/2014\/08\/micro.png\" alt=\"micro interview\" width=\"100\" height=\"100\" \/><\/a><\/p>\n<h3><strong><br \/>\nBernard CANARD : Pr\u00e9sident<br \/>\n<\/strong><\/h3>\n<p><img loading=\"lazy\" decoding=\"async\" class=\"wp-image-23731 size-medium aligncenter\" src=\"https:\/\/www.fcgueugnon.fr\/wp\/wp-content\/uploads\/2017\/10\/B04I0914-e1506976678313-289x350.jpg\" alt=\"\" width=\"289\" height=\"350\" \/><\/p>\n<p>&nbsp;<\/p>\n<p><strong>Piero\u00a0:\u00a0<\/strong><strong>Pr\u00e9sident, on ne peut qu\u2019\u00eatre frustr\u00e9s, surtout apr\u00e8s cette 2<sup>\u00e8me<\/sup> mi-temps\u00a0des gueugnonnais ce soir\u00a0? :<br \/>\n<\/strong>Bernard CANARD : \u00ab\u00a0Oui on a eu un match engag\u00e9 contre une belle \u00e9quipe de Jura Dolois et on m\u00e9rite largement la victoire aux points. Maintenant le 0-0 n\u2019est pas suffisant compte tenu des r\u00e9sultats des autres \u00e9quipes. On aura aussi en vue un match important contre Louhans-Cuiseaux qu\u2019il faudra bien n\u00e9gocier puis le gagner. Aujourd\u2019hui on a vu un bon match entre deux belles \u00e9quipes o\u00f9 Gueugnon a ma\u00eetris\u00e9 quand m\u00eame la grande majorit\u00e9 du match.\u00a0\u00bb<\/p>\n<p><strong>Entre temps, on aura un match de coupe qui se profile d\u00e8s samedi\u00a0:<br \/>\n<\/strong>\u00ab\u00a0La coupe de France fait partie des objectifs du club et ce sera une \u00e9quipe \u00e0 ne pas n\u00e9gliger m\u00eame si c\u2019est une \u00e9quipe tr\u00e8s en dessous du N3. Il faudra se qualifier pour passer un tour suppl\u00e9mentaire donc c\u2019est un match important en coupe de France o\u00f9 on a pas droit \u00e0 l\u2019erreur et bien s\u00fbr bien se pr\u00e9parer pour la suite.\u00a0\u00bb<\/p>\n<p>&nbsp;<\/p>\n<h3><strong>Philippe CORREIA : Entraineur<br \/>\n<\/strong><\/h3>\n<p><img loading=\"lazy\" decoding=\"async\" class=\"wp-image-28555 size-medium aligncenter\" src=\"https:\/\/www.fcgueugnon.fr\/wp\/wp-content\/uploads\/2018\/09\/D56I0217-e1537119560802-233x350.jpg\" alt=\"\" width=\"233\" height=\"350\" \/><\/p>\n<p>&nbsp;<\/p>\n<p><strong>Piero\u00a0:\u00a0<\/strong><strong>Philippe, tu es certainement d\u00e9\u00e7u par ce r\u00e9sultat, on a vu nos joueurs pousser en 2<sup>\u00e8me<\/sup> mi-temps sans r\u00e9ussir \u00e0 l\u2019emporter\u00a0:<br \/>\n<\/strong>Philippe CORREIA : \u00ab D\u00e9\u00e7u oui et non parce que ce match on aurait pu le perdre sur deux grosses situations de Jura Dolois. Nous, on a eu la ma\u00eetrise du jeu, par contre et c\u2019est actuellement notre d\u00e9faut, on ne p\u00e8se pas assez offensivement, on n\u2019est pas assez juste dans la derni\u00e8re passe. Il va falloir travailler ces points l\u00e0. Sur tout ce qui se passe avant, dans l\u2019animation, dans la pr\u00e9paration c\u2019est plus que bien, je dirais m\u00eame que je suis tr\u00e8s satisfait, on a \u00e9t\u00e9 solides d\u00e9fensivement. Il y a eu de la coh\u00e9rence dans les d\u00e9placements, on a \u00e9t\u00e9 disponibles, bien en bloc \u00e0 la perte du ballon, on a \u00e9t\u00e9 disciplin\u00e9s et rigoureux mais il nous manque encore ce petit brin de r\u00e9ussite. Le plus difficile dans ce championnat sera de marquer le premier but qui pourra nous lib\u00e9rer les espaces.\u00a0\u00bb<\/p>\n<p><strong>Justement en coupe, ce match contre Chagny sera peut-\u00eatre l\u2019occasion de nous lib\u00e9rer\u00a0? :<br \/>\n<\/strong>\u00ab\u00a0Oui peut-\u00eatre, forc\u00e9ment c\u2019est une D2 et si on veut faire le plein de confiance c\u2019est l\u2019occasion r\u00eav\u00e9e, on va s\u2019y pr\u00e9parer.\u00a0\u00bb<\/p>\n<p><strong>Sans parler de Louhans, globalement ne crois-tu pas que les ingr\u00e9dients sont pr\u00e9sents cette saison pour esp\u00e9rer l&#8217;emporter ?\u00a0:<br \/>\n<\/strong>\u00ab\u00a0Oui effectivement, collectivement et qualitativement on peut lutter contre toutes les grosses cylindr\u00e9es de notre groupe, donc on recevra Louhans avec une grosse d\u00e9termination.\u00a0\u00bb<\/p>\n<p>&nbsp;<\/p>\n<h3><strong>Fabrice REVUELTA : Milieu de terrain et capitaine<br \/>\n<\/strong><\/h3>\n<p><img loading=\"lazy\" decoding=\"async\" class=\"wp-image-28536 size-medium aligncenter\" src=\"https:\/\/www.fcgueugnon.fr\/wp\/wp-content\/uploads\/2018\/09\/D56I0196-e1537117668509-233x350.jpg\" alt=\"\" width=\"233\" height=\"350\" \/><\/p>\n<p>&nbsp;<\/p>\n<p><strong>Piero\u00a0:\u00a0<\/strong><strong>C\u2019est surement un r\u00e9sultat frustrant au vu de la 2<sup>\u00e8me<\/sup> mi-temps\u00a0? :<br \/>\n<\/strong>Fabrice REVUELTA : \u00ab\u00a0Il est vrai qu\u2019on \u00e9tait venu pour gagner et si on ne gagne pas c\u2019est frustrant. Ils ont une seule occasion o\u00f9 l\u2019on aurait m\u00eame pu perdre le match car la balle tape la barre. On est certes d\u00e9\u00e7u par le r\u00e9sultat mais pas par le contenu.\u00a0\u00bb<\/p>\n<p><strong>Maintenant il faut se concentrer sur la coupe avant la r\u00e9ception de Louhans :<br \/>\n<\/strong>\u00ab\u00a0Oui il faudra passer la coupe et essayer de marquer le maximum de buts l\u00e0-bas pour se mettre en confiance en vue du match contre Louhans.\u00a0\u00bb<\/p>\n<p>&nbsp;<\/p>\n<h3><strong><br \/>\nAlbert BANING : Milieu de terrain<br \/>\n<\/strong><\/h3>\n<p><img loading=\"lazy\" decoding=\"async\" class=\"wp-image-28545 size-medium aligncenter\" src=\"https:\/\/www.fcgueugnon.fr\/wp\/wp-content\/uploads\/2018\/09\/D56I0206-e1537119334972-233x350.jpg\" alt=\"\" width=\"233\" height=\"350\" \/><\/p>\n<p>&nbsp;<\/p>\n<p><strong>Piero\u00a0:\u00a0<\/strong><strong>Comment analyses-tu ce r\u00e9sultat ce soir\u00a0? N\u2019es-tu pas d\u00e9\u00e7u au vu des efforts consentis\u00a0? :<br \/>\n<\/strong>Albert BANING : \u00ab\u00a0D\u00e9\u00e7us peut-\u00eatre mais on ne va pas bouder le plaisir d\u00e9j\u00e0 de ne pas perdre c\u2019est le plus important. On avait \u00e0 c\u0153ur de prendre les 3 points, on voulait marquer mais ce n\u2019est pas rentr\u00e9 donc on ne va pas bouder le point pris \u00e0 l\u2019ext\u00e9rieur.\u00a0\u00bb<\/p>\n<p><strong>Qu\u2019est-ce qui a manqu\u00e9 selon toi ce soir<\/strong>\u00a0? :<br \/>\n\u00ab\u00a0On a p\u00each\u00e9 surtout dans la finition donc on n\u2019a pas pu marquer le but qui nous aurait permis d\u2019accrocher les trois points. On a fait ce qu\u2019on pouvait malheureusement on n\u2019a pas pu marquer mais moi je retiens toujours le point qu\u2019on prend.\u00a0\u00bb<\/p>\n<p><strong>Maintenant place \u00e0 la coupe avant le gros match contre Louhans<\/strong>\u00a0:<br \/>\n\u00ab Il va falloir passer le tour en coupe et apr\u00e8s on se projettera sur Louhans. A domicile, on va essayer de faire de notre mieux pour l\u2019emporter parce qu\u2019il nous faut ces points pour coller \u00e0 l\u2019objectif.\u00a0\u00bb<\/p>\n<p style=\"text-align: center;\">&#8212;<\/p>\n<p>Merci \u00e0 tous pour ces r\u00e9actions.<\/p>\n","protected":false},"excerpt":{"rendered":"<p>Retrouvez les r\u00e9actions de Bernard CANARD,\u00a0Philippe CORREIA, Fabrice REVUELTA et Albert BANING capt\u00e9es par Piero \u00e0 l&rsquo;issue du match nul \u00e0 Jura Dolois (0-0). &nbsp; Bernard CANARD : Pr\u00e9sident &nbsp; Piero\u00a0:\u00a0Pr\u00e9sident, on ne peut qu\u2019\u00eatre frustr\u00e9s, surtout apr\u00e8s cette 2\u00e8me mi-temps\u00a0des gueugnonnais ce soir\u00a0? : Bernard CANARD : \u00ab\u00a0Oui on a eu un match engag\u00e9 &#8230; <\/p>\n<p class=\"read-more-container\"><a title=\"[N3 J05] Jura Dolois 0\u20130 FC Gueugnon : R\u00e9actions\" class=\"read-more button\" href=\"https:\/\/www.fcgueugnon.fr\/wp\/n3-j05-jura-dolois-0-0-fc-gueugnon-reactions\/28607#more-28607\">Lire la suite<span class=\"screen-reader-text\">[N3 J05] Jura Dolois 0\u20130 FC Gueugnon : R\u00e9actions<\/span><\/a><\/p>\n","protected":false},"author":15,"featured_media":28590,"comment_status":"closed","ping_status":"closed","sticky":true,"template":"","format":"standard","meta":{"_coblocks_attr":"","_coblocks_dimensions":"","_coblocks_responsive_height":"","_coblocks_accordion_ie_support":"","footnotes":""},"categories":[246,12],"tags":[97],"_links":{"self":[{"href":"https:\/\/www.fcgueugnon.fr\/wp\/wp-json\/wp\/v2\/posts\/28607"}],"collection":[{"href":"https:\/\/www.fcgueugnon.fr\/wp\/wp-json\/wp\/v2\/posts"}],"about":[{"href":"https:\/\/www.fcgueugnon.fr\/wp\/wp-json\/wp\/v2\/types\/post"}],"author":[{"embeddable":true,"href":"https:\/\/www.fcgueugnon.fr\/wp\/wp-json\/wp\/v2\/users\/15"}],"replies":[{"embeddable":true,"href":"https:\/\/www.fcgueugnon.fr\/wp\/wp-json\/wp\/v2\/comments?post=28607"}],"version-history":[{"count":0,"href":"https:\/\/www.fcgueugnon.fr\/wp\/wp-json\/wp\/v2\/posts\/28607\/revisions"}],"wp:featuredmedia":[{"embeddable":true,"href":"https:\/\/www.fcgueugnon.fr\/wp\/wp-json\/wp\/v2\/media\/28590"}],"wp:attachment":[{"href":"https:\/\/www.fcgueugnon.fr\/wp\/wp-json\/wp\/v2\/media?parent=28607"}],"wp:term":[{"taxonomy":"category","embeddable":true,"href":"https:\/\/www.fcgueugnon.fr\/wp\/wp-json\/wp\/v2\/categories?post=28607"},{"taxonomy":"post_tag","embeddable":true,"href":"https:\/\/www.fcgueugnon.fr\/wp\/wp-json\/wp\/v2\/tags?post=28607"}],"curies":[{"name":"wp","href":"https:\/\/api.w.org\/{rel}","templated":true}]}}