{"id":28376,"date":"2018-09-05T20:19:22","date_gmt":"2018-09-05T18:19:22","guid":{"rendered":"https:\/\/www.fcgueugnon.fr\/wp\/?p=28376"},"modified":"2018-09-05T20:19:22","modified_gmt":"2018-09-05T18:19:22","slug":"coupe-de-france-3e-tour-contre-la-js-montchanin-odra-r2","status":"publish","type":"post","link":"https:\/\/www.fcgueugnon.fr\/wp\/coupe-de-france-3e-tour-contre-la-js-montchanin-odra-r2\/28376","title":{"rendered":"[Coupe de France] 3e tour contre la JS Montchanin Odra (R2)"},"content":{"rendered":"<p>Ce mercredi 05 Septembre avait lieu le tirage du 3e tour de Coupe de France au sein de la concession Volkswagen Espace 3000 \u00e0 Besan\u00e7on. Pour ce tour, la Commission Sportive R\u00e9gionale de la Ligue de Bourgogne Franche-Comt\u00e9 a proc\u00e9d\u00e9 au tirage au sort suivant<\/p>\n<p>&nbsp;<\/p>\n<h3><strong>Coupe de France 3e tour<\/strong>,<br \/>\nle FC Gueugnon se d\u00e9placera chez la\u00a0 <strong>JS Montchanin Odra (R2) <\/strong>lors du week-end des 15 et 16 septembre 2018<\/h3>\n<p><a href=\"https:\/\/www.fcgueugnon.fr\/wp\/wp-content\/uploads\/2018\/09\/coupe-de-france-3e-tour-gueugnon-montchanin.png\"><img loading=\"lazy\" decoding=\"async\" class=\"aligncenter size-large wp-image-28378\" src=\"https:\/\/www.fcgueugnon.fr\/wp\/wp-content\/uploads\/2018\/09\/coupe-de-france-3e-tour-gueugnon-montchanin-700x369.png\" alt=\"\" width=\"700\" height=\"369\" \/><\/a><\/p>\n<p>&nbsp;<\/p>\n<p>Retrouvez les tirages complets sur\u00a0le site\u00a0de la <a href=\"https:\/\/lbfc.fff.fr\/wp-content\/uploads\/sites\/11\/2018\/09\/COUPE-DE-FRANCE-2018-3EME-TOUR.pdf\" target=\"_blank\" rel=\"noopener\">Ligue de Bourgogne Franche-Comt\u00e9<\/a><\/p>\n<p>&nbsp;<\/p>\n","protected":false},"excerpt":{"rendered":"<p>Ce mercredi 05 Septembre avait lieu le tirage du 3e tour de Coupe de France au sein de la concession Volkswagen Espace 3000 \u00e0 Besan\u00e7on. Pour ce tour, la Commission Sportive R\u00e9gionale de la Ligue de Bourgogne Franche-Comt\u00e9 a proc\u00e9d\u00e9 au tirage au sort suivant &nbsp; Coupe de France 3e tour, le FC Gueugnon se &#8230; <\/p>\n<p class=\"read-more-container\"><a title=\"[Coupe de France] 3e tour contre la JS Montchanin Odra (R2)\" class=\"read-more button\" href=\"https:\/\/www.fcgueugnon.fr\/wp\/coupe-de-france-3e-tour-contre-la-js-montchanin-odra-r2\/28376#more-28376\">Lire la suite<span class=\"screen-reader-text\">[Coupe de France] 3e tour contre la JS Montchanin Odra (R2)<\/span><\/a><\/p>\n","protected":false},"author":1,"featured_media":28378,"comment_status":"closed","ping_status":"closed","sticky":true,"template":"","format":"standard","meta":{"_coblocks_attr":"","_coblocks_dimensions":"","_coblocks_responsive_height":"","_coblocks_accordion_ie_support":"","footnotes":""},"categories":[246,12],"tags":[147],"_links":{"self":[{"href":"https:\/\/www.fcgueugnon.fr\/wp\/wp-json\/wp\/v2\/posts\/28376"}],"collection":[{"href":"https:\/\/www.fcgueugnon.fr\/wp\/wp-json\/wp\/v2\/posts"}],"about":[{"href":"https:\/\/www.fcgueugnon.fr\/wp\/wp-json\/wp\/v2\/types\/post"}],"author":[{"embeddable":true,"href":"https:\/\/www.fcgueugnon.fr\/wp\/wp-json\/wp\/v2\/users\/1"}],"replies":[{"embeddable":true,"href":"https:\/\/www.fcgueugnon.fr\/wp\/wp-json\/wp\/v2\/comments?post=28376"}],"version-history":[{"count":0,"href":"https:\/\/www.fcgueugnon.fr\/wp\/wp-json\/wp\/v2\/posts\/28376\/revisions"}],"wp:featuredmedia":[{"embeddable":true,"href":"https:\/\/www.fcgueugnon.fr\/wp\/wp-json\/wp\/v2\/media\/28378"}],"wp:attachment":[{"href":"https:\/\/www.fcgueugnon.fr\/wp\/wp-json\/wp\/v2\/media?parent=28376"}],"wp:term":[{"taxonomy":"category","embeddable":true,"href":"https:\/\/www.fcgueugnon.fr\/wp\/wp-json\/wp\/v2\/categories?post=28376"},{"taxonomy":"post_tag","embeddable":true,"href":"https:\/\/www.fcgueugnon.fr\/wp\/wp-json\/wp\/v2\/tags?post=28376"}],"curies":[{"name":"wp","href":"https:\/\/api.w.org\/{rel}","templated":true}]}}