{"id":28351,"date":"2018-09-04T17:18:02","date_gmt":"2018-09-04T15:18:02","guid":{"rendered":"https:\/\/www.fcgueugnon.fr\/wp\/?p=28351"},"modified":"2018-09-04T17:34:55","modified_gmt":"2018-09-04T15:34:55","slug":"agenda-resultats-du-weekend-des-1er-et-2-septembre-2018","status":"publish","type":"post","link":"https:\/\/www.fcgueugnon.fr\/wp\/agenda-resultats-du-weekend-des-1er-et-2-septembre-2018\/28351","title":{"rendered":"[Agenda] R\u00e9sultats du weekend des 1er et 2 Septembre 2018"},"content":{"rendered":"<p><a href=\"https:\/\/www.fcgueugnon.fr\/wp\/wp-content\/uploads\/2018\/08\/agenda-2018-2019.png\"><img loading=\"lazy\" decoding=\"async\" class=\"aligncenter wp-image-28270\" src=\"https:\/\/www.fcgueugnon.fr\/wp\/wp-content\/uploads\/2018\/08\/agenda-2018-2019-350x297.png\" alt=\"\" width=\"100\" height=\"85\" \/><\/a><\/p>\n<h3>Retrouvez les r\u00e9sultats de nos forgerons lors des rencontres du weekend dernier:<\/h3>\n<p>&nbsp;<\/p>\n<p><span style=\"text-decoration: underline;\">Samedi 1er Septembre 2018<\/span><\/p>\n<p><strong>S\u00e9niors \u2013 N3 BFC &#8211; J03<br \/>\n<\/strong>18:00 : Besan\u00e7on Football \/ FC Gueugnon : 1-0<br \/>\n\u25ba\u00a0<a href=\"https:\/\/www.fcgueugnon.fr\/wp\/?s=besan%C3%A7on+foot+j03#.W46fYOgzaM8\" target=\"_blank\" rel=\"noopener\">Tous les articles<\/a><\/p>\n<p>&nbsp;<\/p>\n<p><strong>U11 : Tournoi \u00e0 Lapalisse<\/strong><br \/>\nBonne reprise des U11 avec une 3\u00e8me place sur 19 \u00e9quipes engag\u00e9es.<br \/>\n14 buts marqu\u00e9s contre 3 encaiss\u00e9s sur l&rsquo;ensemble de la journ\u00e9e.<br \/>\n<strong>Les buteurs :<\/strong> L.Mac\u00e9do (4) ; N.Michanol (3) ; N.Bornet (3) ; C.Ziane (2) ; G.Vignier (1) ; E.Taccard (1).<\/p>\n<p>&nbsp;<\/p>\n<p><span style=\"text-decoration: underline;\">Dimanche 02 Septembre 2018<\/span><\/p>\n<p><strong>Gambardella 1er Tour<\/strong><br \/>\n15:00 : Chauffailles \/ FC Gueugnon<br \/>\nQualification gr\u00e2ce \u00e0 une victoire sur le score de 1 \u00e0 13.<\/p>\n<p><a href=\"https:\/\/www.fcgueugnon.fr\/wp\/wp-content\/uploads\/2018\/09\/Gambardella-18.19.jpg\"><img loading=\"lazy\" decoding=\"async\" class=\"aligncenter size-medium wp-image-28352\" src=\"https:\/\/www.fcgueugnon.fr\/wp\/wp-content\/uploads\/2018\/09\/Gambardella-18.19-350x263.jpg\" alt=\"\" width=\"350\" height=\"263\" \/><\/a><\/p>\n<p><strong>S\u00e9niors \u2013 R3 Poule B &#8211; J01 <\/strong><br \/>\n15:00 : UF M\u00e2con B \/ FC Gueugnon B : 1-1<br \/>\nBut: Ili\u00e8s LALA<\/p>\n<div id='gallery-1' class='gallery galleryid-28351 gallery-columns-4 gallery-size-medium'><figure class='gallery-item'>\n\t\t\t<div class='gallery-icon landscape'>\n\t\t\t\t<a href='https:\/\/www.fcgueugnon.fr\/wp\/agenda-resultats-du-weekend-des-1er-et-2-septembre-2018\/28351\/r3-macon-fcg-1#main'><img loading=\"lazy\" decoding=\"async\" width=\"350\" height=\"197\" src=\"https:\/\/www.fcgueugnon.fr\/wp\/wp-content\/uploads\/2018\/09\/R3-M\u00e2con-FCG-1-350x197.jpg\" class=\"attachment-medium size-medium\" alt=\"\" \/><\/a>\n\t\t\t<\/div><\/figure><figure class='gallery-item'>\n\t\t\t<div class='gallery-icon landscape'>\n\t\t\t\t<a href='https:\/\/www.fcgueugnon.fr\/wp\/agenda-resultats-du-weekend-des-1er-et-2-septembre-2018\/28351\/r3-macon-fcg-2#main'><img loading=\"lazy\" decoding=\"async\" width=\"350\" height=\"197\" src=\"https:\/\/www.fcgueugnon.fr\/wp\/wp-content\/uploads\/2018\/09\/R3-M\u00e2con-FCG-2-350x197.jpg\" class=\"attachment-medium size-medium\" alt=\"\" \/><\/a>\n\t\t\t<\/div><\/figure><figure class='gallery-item'>\n\t\t\t<div class='gallery-icon landscape'>\n\t\t\t\t<a href='https:\/\/www.fcgueugnon.fr\/wp\/agenda-resultats-du-weekend-des-1er-et-2-septembre-2018\/28351\/r3-macon-fcg-3#main'><img loading=\"lazy\" decoding=\"async\" width=\"350\" height=\"197\" src=\"https:\/\/www.fcgueugnon.fr\/wp\/wp-content\/uploads\/2018\/09\/R3-M\u00e2con-FCG-3-350x197.jpg\" class=\"attachment-medium size-medium\" alt=\"\" \/><\/a>\n\t\t\t<\/div><\/figure><figure class='gallery-item'>\n\t\t\t<div class='gallery-icon landscape'>\n\t\t\t\t<a href='https:\/\/www.fcgueugnon.fr\/wp\/agenda-resultats-du-weekend-des-1er-et-2-septembre-2018\/28351\/r3-macon-fcg-4#main'><img loading=\"lazy\" decoding=\"async\" width=\"350\" height=\"197\" src=\"https:\/\/www.fcgueugnon.fr\/wp\/wp-content\/uploads\/2018\/09\/R3-M\u00e2con-FCG-4-350x197.jpg\" class=\"attachment-medium size-medium\" alt=\"\" \/><\/a>\n\t\t\t<\/div><\/figure>\n\t\t<\/div>\n\n<p>&nbsp;<\/p>\n","protected":false},"excerpt":{"rendered":"<p>Retrouvez les r\u00e9sultats de nos forgerons lors des rencontres du weekend dernier: &nbsp; Samedi 1er Septembre 2018 S\u00e9niors \u2013 N3 BFC &#8211; J03 18:00 : Besan\u00e7on Football \/ FC Gueugnon : 1-0 \u25ba\u00a0Tous les articles &nbsp; U11 : Tournoi \u00e0 Lapalisse Bonne reprise des U11 avec une 3\u00e8me place sur 19 \u00e9quipes engag\u00e9es. 14 buts &#8230; <\/p>\n<p class=\"read-more-container\"><a title=\"[Agenda] R\u00e9sultats du weekend des 1er et 2 Septembre 2018\" class=\"read-more button\" href=\"https:\/\/www.fcgueugnon.fr\/wp\/agenda-resultats-du-weekend-des-1er-et-2-septembre-2018\/28351#more-28351\">Lire la suite<span class=\"screen-reader-text\">[Agenda] R\u00e9sultats du weekend des 1er et 2 Septembre 2018<\/span><\/a><\/p>\n","protected":false},"author":14,"featured_media":28352,"comment_status":"closed","ping_status":"closed","sticky":true,"template":"","format":"standard","meta":{"_coblocks_attr":"","_coblocks_dimensions":"","_coblocks_responsive_height":"","_coblocks_accordion_ie_support":"","footnotes":""},"categories":[246,12],"tags":[98],"_links":{"self":[{"href":"https:\/\/www.fcgueugnon.fr\/wp\/wp-json\/wp\/v2\/posts\/28351"}],"collection":[{"href":"https:\/\/www.fcgueugnon.fr\/wp\/wp-json\/wp\/v2\/posts"}],"about":[{"href":"https:\/\/www.fcgueugnon.fr\/wp\/wp-json\/wp\/v2\/types\/post"}],"author":[{"embeddable":true,"href":"https:\/\/www.fcgueugnon.fr\/wp\/wp-json\/wp\/v2\/users\/14"}],"replies":[{"embeddable":true,"href":"https:\/\/www.fcgueugnon.fr\/wp\/wp-json\/wp\/v2\/comments?post=28351"}],"version-history":[{"count":0,"href":"https:\/\/www.fcgueugnon.fr\/wp\/wp-json\/wp\/v2\/posts\/28351\/revisions"}],"wp:featuredmedia":[{"embeddable":true,"href":"https:\/\/www.fcgueugnon.fr\/wp\/wp-json\/wp\/v2\/media\/28352"}],"wp:attachment":[{"href":"https:\/\/www.fcgueugnon.fr\/wp\/wp-json\/wp\/v2\/media?parent=28351"}],"wp:term":[{"taxonomy":"category","embeddable":true,"href":"https:\/\/www.fcgueugnon.fr\/wp\/wp-json\/wp\/v2\/categories?post=28351"},{"taxonomy":"post_tag","embeddable":true,"href":"https:\/\/www.fcgueugnon.fr\/wp\/wp-json\/wp\/v2\/tags?post=28351"}],"curies":[{"name":"wp","href":"https:\/\/api.w.org\/{rel}","templated":true}]}}