{"id":28111,"date":"2018-08-15T10:08:20","date_gmt":"2018-08-15T08:08:20","guid":{"rendered":"https:\/\/www.fcgueugnon.fr\/wp\/?p=28111"},"modified":"2019-05-21T20:39:07","modified_gmt":"2019-05-21T18:39:07","slug":"n3-j01-a-la-decouverte-du-fc-grandvillars","status":"publish","type":"post","link":"https:\/\/www.fcgueugnon.fr\/wp\/n3-j01-a-la-decouverte-du-fc-grandvillars\/28111","title":{"rendered":"[N3 J01] A la d\u00e9couverte du FC Grandvillars"},"content":{"rendered":"<p>Ce samedi 18 Ao\u00fbt \u00e0 18h30, \u00e0 l&rsquo;occasion de la reprise du National 3 saison 2018\/2019, les forgerons du FCG se d\u00e9placent chez&#8230; les forgerons du FCG !<br \/>\nPromu cette saison, le FC Grandvillars poss\u00e8de plusieurs similitudes avec notre FC Gueugnon ! A quelques heures de l&rsquo;ouverture du championnat, nous sommes all\u00e9s \u00e0 leur rencontre.<\/p>\n<p><a href=\"https:\/\/www.fcgueugnon.fr\/wp\/wp-content\/uploads\/2018\/08\/FC-Grandvillars-logo.png\"><img loading=\"lazy\" decoding=\"async\" class=\"aligncenter wp-image-28107 size-thumbnail\" src=\"https:\/\/www.fcgueugnon.fr\/wp\/wp-content\/uploads\/2018\/08\/FC-Grandvillars-logo-100x100.png\" alt=\"\" width=\"100\" height=\"100\" \/><\/a><\/p>\n<p><strong>Bonjour FC Grandvillars, pourriez-vous nous pr\u00e9senter votre club ?<br \/>\n<\/strong>FC Grandvillars : \u00ab Bonjour, nous sommes un club du nord comtois situ\u00e9 \u00e0 5 km de la fronti\u00e8re suisse dans petite ville de 3000 habitants entre Belfort et Montb\u00e9liard. Le club fond\u00e9 en 1936 \u00e9voluait en DH depuis 4 ans pour la premi\u00e8re fois et acc\u00e8de au championnat de N3 pour la premi\u00e8re fois \u00e9galement. \u00bb<\/p>\n<p>&nbsp;<\/p>\n<p><strong>Comment s&rsquo;est d\u00e9roul\u00e9e votre saison d&rsquo;accession au N3 ?<\/strong><br \/>\n\u00ab Nous avons beaucoup appris au cours de nos quelques ann\u00e9es en DH puis R1. L\u2019ann\u00e9e pr\u00e9c\u00e9dente, il s\u2019en est fallu de peu pour que nous montions&#8230; En recrutant dans le secteur offensif qui nous faisait un peu d\u00e9faut, on se doutait qu\u2019on aurait quelques choses \u00e0 jouer. Puis \u00e0 la tr\u00eave, nous avions compris que l\u2019on irait au bout ! On a fait une saison exceptionnelle avec \u00e9galement un parcours historique en coupe de France et un 7eme tour perdu contre Morteau. \u00bb<\/p>\n<p>&nbsp;<\/p>\n<p><strong>Comment se passe votre pr\u00e9paration et quels sont vos objectifs pour cette saison ?<\/strong><br \/>\n\u00ab La pr\u00e9paration a \u00e9t\u00e9 difficile avec les temp\u00e9ratures et une reprise pr\u00e9coce, nos joueurs travaillent tous et prennent leurs cong\u00e9s avec leur compagne et famille. Heureusement nous avons un groupe large mais il fluctue au gr\u00e9 des d\u00e9parts et retours de vacances. On va monter en puissance doucement. L\u2019objectif est le maintien le plus rapide et on sait que \u00e7a ne sera pas facile dans ce championnat \u00e0 deux vitesses. Notre but est donc d&rsquo;en laisser 2,3 ou 5 derri\u00e8re nous selon le nombre de descentes&#8230; C&rsquo;est \u00e9galement d&rsquo;apprendre comme on l\u2019a fait en DH et de stabiliser le club \u00e0 ce niveau. \u00bb<\/p>\n<p>&nbsp;<\/p>\n<p><strong>Connaissez vous le FC Gueugnon ?<br \/>\n<\/strong>\u00ab \u00c9videmment que l\u2019on conna\u00eet le FC Gueugnon ! C&rsquo;est un grand club au pass\u00e9 prestigieux qui n\u2019\u00e9volue pas au niveau o\u00f9 il devrait \u00e9voluer. On sait que vous voulez remonter vite dans la hi\u00e9rarchie du foot fran\u00e7ais. Recevoir Gueugnon pour notre premier match en N3 au stade L\u00e9on Gelot est un immense privil\u00e8ge et on a h\u00e2te de vous affronter. \u00bb<\/p>\n<p>&nbsp;<\/p>\n<p><strong>Enfin, nos 2 clubs poss\u00e8dent plusieurs similitudes&#8230;!<\/strong><br \/>\n\u00ab En effet, nous sommes \u00e9galement le FCG et \u00e9galement des forgerons. Nous avons donc deux points communs. Le site des forges fond\u00e9 en 1684 est toujours en activit\u00e9, c\u2019est le plus vieux site industriel encore en activit\u00e9 et on y travaille toujours le fer. C\u2019est le si\u00e8ge du Groupe Lisi, sp\u00e9cialis\u00e9 dans la fixation automobile, a\u00e9ronautique et dans le m\u00e9dical. \u00bb<\/p>\n<p>&nbsp;<\/p>\n<p style=\"text-align: center;\">&#8212;<\/p>\n<p>Site du club : <a href=\"http:\/\/www.fcgrandvillars.com\/\" target=\"_blank\" rel=\"noopener\">www.fcgrandvillars.com<\/a><br \/>\nPage Facebook : <a href=\"https:\/\/www.facebook.com\/fcgrandvillars\/\" target=\"_blank\" rel=\"noopener\">www.facebook.com\/fcgrandvillars<\/a><\/p>\n<p style=\"text-align: center;\">&#8212;<\/p>\n<p>Merci au FC Grandvillars pour ces informations et rendez-vous ce samedi 18 Ao\u00fbt \u00e0 18h30 pour le lancement de la saison de N3.<br \/>\n<a href=\"https:\/\/www.fcgueugnon.fr\/wp\/n3-j01-organisation-dun-bus-de-supporters-pour-grandvillars\/27996\">Rappel : Le club organise un d\u00e9placement de supporters en bus. Toutes les infos \u25ba en cliquant ici<\/a><\/p>\n","protected":false},"excerpt":{"rendered":"<p>Ce samedi 18 Ao\u00fbt \u00e0 18h30, \u00e0 l&rsquo;occasion de la reprise du National 3 saison 2018\/2019, les forgerons du FCG se d\u00e9placent chez&#8230; les forgerons du FCG ! Promu cette saison, le FC Grandvillars poss\u00e8de plusieurs similitudes avec notre FC Gueugnon ! A quelques heures de l&rsquo;ouverture du championnat, nous sommes all\u00e9s \u00e0 leur rencontre. &#8230; <\/p>\n<p class=\"read-more-container\"><a title=\"[N3 J01] A la d\u00e9couverte du FC Grandvillars\" class=\"read-more button\" href=\"https:\/\/www.fcgueugnon.fr\/wp\/n3-j01-a-la-decouverte-du-fc-grandvillars\/28111#more-28111\">Lire la suite<span class=\"screen-reader-text\">[N3 J01] A la d\u00e9couverte du FC Grandvillars<\/span><\/a><\/p>\n","protected":false},"author":1,"featured_media":28107,"comment_status":"closed","ping_status":"closed","sticky":false,"template":"","format":"standard","meta":{"_coblocks_attr":"","_coblocks_dimensions":"","_coblocks_responsive_height":"","_coblocks_accordion_ie_support":"","footnotes":""},"categories":[246,12],"tags":[97],"_links":{"self":[{"href":"https:\/\/www.fcgueugnon.fr\/wp\/wp-json\/wp\/v2\/posts\/28111"}],"collection":[{"href":"https:\/\/www.fcgueugnon.fr\/wp\/wp-json\/wp\/v2\/posts"}],"about":[{"href":"https:\/\/www.fcgueugnon.fr\/wp\/wp-json\/wp\/v2\/types\/post"}],"author":[{"embeddable":true,"href":"https:\/\/www.fcgueugnon.fr\/wp\/wp-json\/wp\/v2\/users\/1"}],"replies":[{"embeddable":true,"href":"https:\/\/www.fcgueugnon.fr\/wp\/wp-json\/wp\/v2\/comments?post=28111"}],"version-history":[{"count":0,"href":"https:\/\/www.fcgueugnon.fr\/wp\/wp-json\/wp\/v2\/posts\/28111\/revisions"}],"wp:featuredmedia":[{"embeddable":true,"href":"https:\/\/www.fcgueugnon.fr\/wp\/wp-json\/wp\/v2\/media\/28107"}],"wp:attachment":[{"href":"https:\/\/www.fcgueugnon.fr\/wp\/wp-json\/wp\/v2\/media?parent=28111"}],"wp:term":[{"taxonomy":"category","embeddable":true,"href":"https:\/\/www.fcgueugnon.fr\/wp\/wp-json\/wp\/v2\/categories?post=28111"},{"taxonomy":"post_tag","embeddable":true,"href":"https:\/\/www.fcgueugnon.fr\/wp\/wp-json\/wp\/v2\/tags?post=28111"}],"curies":[{"name":"wp","href":"https:\/\/api.w.org\/{rel}","templated":true}]}}