{"id":27803,"date":"2018-07-28T20:51:42","date_gmt":"2018-07-28T18:51:42","guid":{"rendered":"https:\/\/www.fcgueugnon.fr\/wp\/?p=27803"},"modified":"2018-07-29T19:59:10","modified_gmt":"2018-07-29T17:59:10","slug":"preparation-match-1-fc-gueugnon-1-0-chamalieres","status":"publish","type":"post","link":"https:\/\/www.fcgueugnon.fr\/wp\/preparation-match-1-fc-gueugnon-1-0-chamalieres\/27803","title":{"rendered":"[Pr\u00e9paration] Match 1 : FC Gueugnon 1 &#8211; 0 Chamali\u00e8res"},"content":{"rendered":"<p>Ce <strong>samedi 28 juillet \u00e0 17h30<\/strong>, les forgerons disputaient leur premier match de pr\u00e9paration face \u00e0 <strong>Chamali\u00e8res (N3)<\/strong> au stade Communautaire de Lapalisse.<\/p>\n<p style=\"text-align: center;\"><img loading=\"lazy\" decoding=\"async\" class=\"alignnone wp-image-27809 size-large\" src=\"https:\/\/www.fcgueugnon.fr\/wp\/wp-content\/uploads\/2018\/07\/37853988_10156785184102859_2421243291489009664_n-700x525.jpg\" alt=\"\" width=\"700\" height=\"525\" \/><\/p>\n<div id='gallery-1' class='gallery galleryid-27803 gallery-columns-3 gallery-size-medium'><figure class='gallery-item'>\n\t\t\t<div class='gallery-icon landscape'>\n\t\t\t\t<a href='https:\/\/www.fcgueugnon.fr\/wp\/wp-content\/uploads\/2018\/07\/37867398_10156785189037859_8741983765787574272_n-1.jpg'><img loading=\"lazy\" decoding=\"async\" width=\"350\" height=\"263\" src=\"https:\/\/www.fcgueugnon.fr\/wp\/wp-content\/uploads\/2018\/07\/37867398_10156785189037859_8741983765787574272_n-1-350x263.jpg\" class=\"attachment-medium size-medium\" alt=\"\" \/><\/a>\n\t\t\t<\/div><\/figure><figure class='gallery-item'>\n\t\t\t<div class='gallery-icon landscape'>\n\t\t\t\t<a href='https:\/\/www.fcgueugnon.fr\/wp\/wp-content\/uploads\/2018\/07\/37930235_10156785180122859_4806377878092513280_n-1.jpg'><img loading=\"lazy\" decoding=\"async\" width=\"350\" height=\"263\" src=\"https:\/\/www.fcgueugnon.fr\/wp\/wp-content\/uploads\/2018\/07\/37930235_10156785180122859_4806377878092513280_n-1-350x263.jpg\" class=\"attachment-medium size-medium\" alt=\"\" \/><\/a>\n\t\t\t<\/div><\/figure><figure class='gallery-item'>\n\t\t\t<div class='gallery-icon landscape'>\n\t\t\t\t<a href='https:\/\/www.fcgueugnon.fr\/wp\/wp-content\/uploads\/2018\/07\/37920056_10156785179562859_4415486955953848320_n-1.jpg'><img loading=\"lazy\" decoding=\"async\" width=\"350\" height=\"263\" src=\"https:\/\/www.fcgueugnon.fr\/wp\/wp-content\/uploads\/2018\/07\/37920056_10156785179562859_4415486955953848320_n-1-350x263.jpg\" class=\"attachment-medium size-medium\" alt=\"\" \/><\/a>\n\t\t\t<\/div><\/figure>\n\t\t<\/div>\n\n<p>&nbsp;<\/p>\n<p>Alors que nous sommes en pleine p\u00e9riode de pr\u00e9paration physique, les deux \u00e9quipes sont bien en jambes d\u00e8s le d\u00e9but de la partie et nous offrent une belle premi\u00e8re p\u00e9riode rythm\u00e9e. Les deux \u00e9quipes ont des opportunit\u00e9s en attaque avec tout de m\u00eame un avantage pour les jaunes. <strong>Sekou COUMARE<\/strong>, apr\u00e8s un beau mouvement collectif, voit sa frappe contr\u00e9e (10e) avant de partir seul au but sur une longue ouverture de <strong>Cl\u00e9ment CORONAS<\/strong> mais il est repris de justesse (19e). <strong>Morad BENAMEUR<\/strong>, au poste d&rsquo;arri\u00e8re lat\u00e9ral droit, n&rsquo;h\u00e9site pas \u00e0 prendre le couloir et offre un joli centre \u00e0 <strong>Lamine SOUMAH<\/strong> qui ne peut cadrer sa frappe, surpris par le retour du d\u00e9fenseur (41e).<\/p>\n<p>Les coachs effectuent de nombreux changements \u00e0 la mi-temps et Chamali\u00e8res se montre plus entreprenant. Le jeune <strong>Ili\u00e8s LALA<\/strong> tente sa chance des 30m mais sa frappe passe \u00e0 c\u00f4t\u00e9 (73e). A un quart d&rsquo;heure de la fin, le capitaine <strong>Fabrice REVUELTA<\/strong> oblige le gardien \u00e0 se coucher sur coup-franc, <strong>Franck REVUELTA<\/strong> a suivi et marque de pr\u00e8s (1-0, 75e). <strong>Maxime FONDOP<\/strong> pr\u00e9servera le score d&rsquo;une belle parade \u00e0 bout portant (80e).<\/p>\n<p>Les forgerons remportent donc leur premier match de pr\u00e9paration sans encaisser de but, un bon r\u00e9sultat pour la confiance !<\/p>\n<p>&nbsp;<\/p>\n<p>Bonne saison au <a href=\"https:\/\/fr-fr.facebook.com\/FCChamalieres\/\" target=\"_blank\" rel=\"noopener\">FC Chamali\u00e8res<\/a> et merci au club de l&rsquo;<a href=\"https:\/\/fr-fr.facebook.com\/AALapalisseFootball\/\" target=\"_blank\" rel=\"noopener\">AA Lapalisse Football<\/a> pour l&rsquo;accueil<\/p>\n<p>&nbsp;<\/p>\n<p><strong>Score final<br \/>\n<\/strong> FC Gueugnon 1 &#8211; 0 Chamali\u00e8res<br \/>\nBut : Fr. Revuelta (75e)<\/p>\n<p>&nbsp;<\/p>\n<p class=\"UFICommentBody\"><strong>Composition d&rsquo;\u00e9quipe<\/strong><br \/>\n1ere p\u00e9riode : Lapeyre &#8211; Benameur &#8211; Coronas (cap.) &#8211; Owomat &#8211; Catenacci &#8211; Baning &#8211; Vieira &#8211; Mamessier &#8211; Harrison &#8211; Soumah &#8211; Coumar\u00e9<\/p>\n<p class=\"UFICommentBody\"><span data-ft=\"{&quot;tn&quot;:&quot;K&quot;}\"><span class=\"UFICommentBody\">2eme p\u00e9riode : Fondop &#8211; Catenacci (Harrison 70e) &#8211; Coronas (Owomat 70e) &#8211; Dahmoune &#8211; Pires &#8211; Fa. Revuelta (cap.) &#8211; Nyamwisi &#8211; Belkacem &#8211; Mahla &#8211; Fr. Revuelta &#8211; Lala<br \/>\n<\/span><\/span><\/p>\n<p>&nbsp;<\/p>\n<p>\u25ba <a href=\"https:\/\/www.facebook.com\/FCGueugnon\/posts\/10156785189087859\" target=\"_blank\" rel=\"noopener\">Revivre le live<\/a><\/p>\n<p>&nbsp;<\/p>\n<p class=\"UFICommentBody\" style=\"text-align: center;\">Rendez-vous <strong>mercredi 1er ao\u00fbt \u00e0 La Clayette\u00a0<\/strong>pour le prochain match de pr\u00e9paration face \u00e0\u00a0<strong>Bourgoin-Jallieu (N3).<\/strong><\/p>\n","protected":false},"excerpt":{"rendered":"<p>Ce samedi 28 juillet \u00e0 17h30, les forgerons disputaient leur premier match de pr\u00e9paration face \u00e0 Chamali\u00e8res (N3) au stade Communautaire de Lapalisse. &nbsp; Alors que nous sommes en pleine p\u00e9riode de pr\u00e9paration physique, les deux \u00e9quipes sont bien en jambes d\u00e8s le d\u00e9but de la partie et nous offrent une belle premi\u00e8re p\u00e9riode rythm\u00e9e. &#8230; <\/p>\n<p class=\"read-more-container\"><a title=\"[Pr\u00e9paration] Match 1 : FC Gueugnon 1 &#8211; 0 Chamali\u00e8res\" class=\"read-more button\" href=\"https:\/\/www.fcgueugnon.fr\/wp\/preparation-match-1-fc-gueugnon-1-0-chamalieres\/27803#more-27803\">Lire la suite<span class=\"screen-reader-text\">[Pr\u00e9paration] Match 1 : FC Gueugnon 1 &#8211; 0 Chamali\u00e8res<\/span><\/a><\/p>\n","protected":false},"author":15,"featured_media":27809,"comment_status":"closed","ping_status":"closed","sticky":true,"template":"","format":"standard","meta":{"_coblocks_attr":"","_coblocks_dimensions":"","_coblocks_responsive_height":"","_coblocks_accordion_ie_support":"","footnotes":""},"categories":[246,12],"tags":[107],"_links":{"self":[{"href":"https:\/\/www.fcgueugnon.fr\/wp\/wp-json\/wp\/v2\/posts\/27803"}],"collection":[{"href":"https:\/\/www.fcgueugnon.fr\/wp\/wp-json\/wp\/v2\/posts"}],"about":[{"href":"https:\/\/www.fcgueugnon.fr\/wp\/wp-json\/wp\/v2\/types\/post"}],"author":[{"embeddable":true,"href":"https:\/\/www.fcgueugnon.fr\/wp\/wp-json\/wp\/v2\/users\/15"}],"replies":[{"embeddable":true,"href":"https:\/\/www.fcgueugnon.fr\/wp\/wp-json\/wp\/v2\/comments?post=27803"}],"version-history":[{"count":0,"href":"https:\/\/www.fcgueugnon.fr\/wp\/wp-json\/wp\/v2\/posts\/27803\/revisions"}],"wp:featuredmedia":[{"embeddable":true,"href":"https:\/\/www.fcgueugnon.fr\/wp\/wp-json\/wp\/v2\/media\/27809"}],"wp:attachment":[{"href":"https:\/\/www.fcgueugnon.fr\/wp\/wp-json\/wp\/v2\/media?parent=27803"}],"wp:term":[{"taxonomy":"category","embeddable":true,"href":"https:\/\/www.fcgueugnon.fr\/wp\/wp-json\/wp\/v2\/categories?post=27803"},{"taxonomy":"post_tag","embeddable":true,"href":"https:\/\/www.fcgueugnon.fr\/wp\/wp-json\/wp\/v2\/tags?post=27803"}],"curies":[{"name":"wp","href":"https:\/\/api.w.org\/{rel}","templated":true}]}}