{"id":26242,"date":"2018-03-30T11:47:03","date_gmt":"2018-03-30T09:47:03","guid":{"rendered":"https:\/\/www.fcgueugnon.fr\/wp\/?p=26242"},"modified":"2018-03-30T21:38:42","modified_gmt":"2018-03-30T19:38:42","slug":"n3-j20-fc-gueugnon-besancon-foot-match","status":"publish","type":"post","link":"https:\/\/www.fcgueugnon.fr\/wp\/n3-j20-fc-gueugnon-besancon-foot-match\/26242","title":{"rendered":"[N3 J20] FC Gueugnon \u2013 Besan\u00e7on Foot : Avant match"},"content":{"rendered":"<h3 style=\"text-align: justify;\">Apr\u00e8s avoir renou\u00e9 avec la victoire \u00e0 Cl\u00e9menceau Besan\u00e7on, les forgerons affrontent <strong>BESANCON FOOT<\/strong>\u00a0ce <strong>samedi 31 mars\u00a0\u00e0 18h00<\/strong> dans le cadre de la <strong>20\u00e8me journ\u00e9e de National 3<\/strong>. Ils seront ainsi oppos\u00e9s pour la troisi\u00e8me fois cons\u00e9cutive \u00e0 un club bisontin.<\/h3>\n<p>&nbsp;<\/p>\n<p><img loading=\"lazy\" decoding=\"async\" class=\"aligncenter wp-image-26229 size-large\" src=\"https:\/\/www.fcgueugnon.fr\/wp\/wp-content\/uploads\/2013\/01\/fc-gueugnon-besancon-foot-n3-j20-1-700x402.png\" alt=\"\" width=\"700\" height=\"402\" \/><\/p>\n<p>&nbsp;<\/p>\n<p><strong>Besan\u00e7on Foot <\/strong>est n\u00e9 de la fusion de Besan\u00e7on FC, promu la saison pass\u00e9e et 12e du dernier championnat, avec le PS Bisontin. Une nouvelle structure qui permet au club de compter le plus grand nombre de licenci\u00e9s en Bourgogne Franche Comt\u00e9 avec pr\u00e8s de 900 licenci\u00e9s et pas moins de 59 \u00e9quipes dont 50 de jeunes. Les objectifs affich\u00e9s par le club\u00a0: \u00ab\u00a0<em>Permettre \u00e0 notre ville, notre agglom\u00e9ration et notre r\u00e9gion de retrouver le\u00a0haut niveau<\/em>\u00a0<strong>\u00bb.<\/strong> Le coach Herv\u00e9 Genet a pu recruter \u00ab\u00a0<em>des joueurs du niveau au-dessus ou du m\u00eame niveau, c\u2019est-\u00e0-dire avec un v\u00e9cu\u00a0\u00bb.<\/em> Le coach dresse pour le moment un bilan \u00ab\u00a0honn\u00eate<em>\u00a0sans non plus \u00eatre transcendant\u00a0<\/em>\u00bb, normal pour une \u00e9quipe qui se construit. Apr\u00e8s 2 mois sans victoire, Besan\u00e7on Foot devait imp\u00e9rativement se relancer face \u00e0 Saint Appolinaire et le cinglant 0-7 aurait pu marquer un nouveau d\u00e9part. H\u00e9las, apr\u00e8s la d\u00e9faite contre Jura Dolois, Herv\u00e9 Genet confiait sur l\u2019Est R\u00e9publicain\u00a0:\u00a0\u00ab\u00a0<em>Ce fut dur \u00e0 dig\u00e9rer. On n\u2019a pratiquement eu aucune occasion et je n\u2019ai pas vu de sujet de satisfaction<\/em>\u00a0\u00bb. Les pendules ont \u00e9t\u00e9 remises \u00e0 l\u2019heure face \u00e0 Saint Vit avec une large victoire 5-0. Cette \u00e9quipe sait donc aussi bien souffler le chaud que le froid. Qu\u2019en sera-t-il samedi\u00a0?<\/p>\n<p><strong>Le FC GUEUGNON <\/strong>a bien rebondi samedi dernier contre une \u00e9quipe enti\u00e8rement renforc\u00e9e en cours de route, Cl\u00e9menceau Besan\u00e7on (1-6). Le FCG, remobilis\u00e9, a su jouer en \u00e9quipe avec beaucoup de s\u00e9rieux. Comme d\u2019habitude, l\u2019\u00e9quipe s\u2019est cr\u00e9\u00e9e beaucoup d\u2019occasions mais cette fois avec r\u00e9alisme puisque 6 buts ont \u00e9t\u00e9 inscrits. A jean Laville, les gueugnonnais doivent une revanche \u00e0 leurs supporters apr\u00e8s la d\u00e9faite face au Racing avec en t\u00eate l&rsquo;objectif de r\u00e9aliser une nouvelle s\u00e9rie positive<em>. <\/em>N\u00e9anmoins, Besan\u00e7on Foot n\u2019a plus rien \u00e0 perdre et ne viendra surement pas faire du tourisme\u2026 Concernant l\u2019effectif, <strong>Romain CATENACCI<\/strong>, qui a d\u00fb c\u00e9der sa place samedi et <strong>Cl\u00e9ment CORONAS<\/strong>, victime d&rsquo;une \u00e9longation, devront d\u00e9clarer forfait. <strong>S\u00e9bastien LARTEAU<\/strong> pourrait lui r\u00e9int\u00e9grer le groupe si les derniers tests sont positifs. De son c\u00f4t\u00e9, <strong>Morad BENAMEUR<\/strong> poursuit sa convalescence. <strong>Philippe CORREIA\u00a0<\/strong>pourra cependant s&rsquo;appuyer sur un groupe de qualit\u00e9 pour d\u00e9fier les bisontins.<em><br \/>\n<\/em><\/p>\n<p>&nbsp;<\/p>\n<p style=\"text-align: center;\">&#8212;<\/p>\n<p>&nbsp;<\/p>\n<p><em><strong>Rendez-vous au stade Jean Laville o\u00f9 nous vous attendons nombreux pour encourager les jaunes et bleus.<\/strong><br \/>\n<\/em><strong>Prix d\u2019entr\u00e9e\u00a0:\u00a0<\/strong>Tarif normal 6\u20ac. Tarif r\u00e9duit 3\u20ac (Ch\u00f4meurs, \u00c9tudiants\u2026). Gratuit pour les -16 ans.<\/p>\n<p>&nbsp;<\/p>\n<p>\u25ba\u00a0<a href=\"https:\/\/www.fcgueugnon.fr\/wp\/n3-j20-fc-gueugnon-besancon-foot-ballon-match-offert-lhotelrestaurant-st-benoit\/26232#.WrzHuYhuaM8\" target=\"_blank\" rel=\"noopener\">Ballon du match offert par l\u2019H\u00f4tel\/Restaurant St Benoit<\/a><\/p>\n<p><em>Site internet de Besan\u00e7on Foot : <a href=\"http:\/\/www.besanconfoot.com\/\" target=\"_blank\" rel=\"noopener\">http:\/\/www.besanconfoot.com\/<\/a><\/em><\/p>\n<p style=\"text-align: center;\">&#8212;<\/p>\n<p>&nbsp;<\/p>\n<p><strong>NIVEAU NATIONAL : FEDERATION FRANCAISE DE FOOTBALL<br \/>\nNATIONAL 3 GROUPE E &#8211; J20<\/strong><br \/>\nSAMEDI 31 MARS 2018 &#8211; 18:00<br \/>\nFC GUEUGNON \/ BESAN<span style=\"font-family: 'Times New Roman', serif;\">\u00c7<\/span><span style=\"font-family: 'Times New Roman', serif;\">ON FOOTBALL<\/span><\/p>\n<p><strong>TERRAIN<br \/>\n<\/strong>STADE JEAN LAVILLE<br \/>\nRUE ROGER COUDERC<br \/>\n71130 GUEUGNON<\/p>\n<p>&nbsp;<\/p>\n<p><strong>SURFACE DE JEU<br \/>\n<\/strong>Pelouse naturelle<\/p>\n<p>&nbsp;<\/p>\n<p><strong>OFFICIELS<br \/>\n<\/strong><\/p>\n<p>Arbitre centre : PLAT MAXIM<br \/>\nArbitre assistant 1 : PERRIN SYLVAIN<br \/>\nArbitre assistant 2 : PARDAL PIERRE<br \/>\nD\u00e9l\u00e9gu\u00e9 principal : LEMAIRE YVES<\/p>\n<p>&nbsp;<\/p>\n<p><strong>GROUPE<\/strong><\/p>\n<p>Bouchit\u00e9 \u2013 Hamelin \u2013 S. Larteau \u2013 Ribac \u2013 Bayo \u2013 Eckert \u2013 J. Larteau \u2013 Baning \u2013 Fa. Revuelta \u2013 Nyamwisi \u2013 Mamessier \u2013 Mahla \u2013 Soumah \u2013 Harrison \u2013 Fr. Revuelta<\/p>\n<p>&nbsp;<\/p>\n<p><strong>La 20\u00e8me journ\u00e9e de N3 groupe\u00a0E<\/strong><\/p>\n<p>Vendredi 30 mars 2018<br \/>\n20:00\u00a0Dijon B &#8211; Cl\u00e9menceau Besan\u00e7on<br \/>\nSamedi 31 mars 2018<br \/>\n15:00\u00a0St Apollinaire &#8211; Quetigny<br \/>\n18:00\u00a0Gueugnon &#8211; Besan\u00e7on Foot<br \/>\n18:00\u00a0Auxerre B &#8211; St Vit<br \/>\n18:00\u00a0Racing Besan\u00e7on &#8211; Avallon<br \/>\n18:00\u00a0Pontarlier &#8211; Sochaux B<br \/>\n18:30\u00a0Jura Dolois &#8211; Selongey<br \/>\nExempt : Louhans-Cuiseaux<\/p>\n<p>&nbsp;<\/p>\n<p>&nbsp;<\/p>\n<h3><strong>&gt;&gt; <a href=\"https:\/\/www.fcgueugnon.fr\/wp\/seniors\/seniors-a\/calendrier-seniors-a-national-3-bourgogne-franche-comte\" target=\"_blank\" rel=\"noopener\">Le calendrier<\/a><\/strong><\/h3>\n<h3><strong>&gt;&gt; <a href=\"https:\/\/www.fcgueugnon.fr\/wp\/seniors\/seniors-a\/classement-seniors-a-national-3-bourgogne-franche-comte\" target=\"_blank\" rel=\"noopener\">Le classement<\/a><\/strong><\/h3>\n<p>&nbsp;<\/p>\n<p>&nbsp;<\/p>\n<p>&nbsp;<\/p>\n","protected":false},"excerpt":{"rendered":"<p>Apr\u00e8s avoir renou\u00e9 avec la victoire \u00e0 Cl\u00e9menceau Besan\u00e7on, les forgerons affrontent BESANCON FOOT\u00a0ce samedi 31 mars\u00a0\u00e0 18h00 dans le cadre de la 20\u00e8me journ\u00e9e de National 3. Ils seront ainsi oppos\u00e9s pour la troisi\u00e8me fois cons\u00e9cutive \u00e0 un club bisontin. &nbsp; &nbsp; Besan\u00e7on Foot est n\u00e9 de la fusion de Besan\u00e7on FC, promu la &#8230; <\/p>\n<p class=\"read-more-container\"><a title=\"[N3 J20] FC Gueugnon \u2013 Besan\u00e7on Foot : Avant match\" class=\"read-more button\" href=\"https:\/\/www.fcgueugnon.fr\/wp\/n3-j20-fc-gueugnon-besancon-foot-match\/26242#more-26242\">Lire la suite<span class=\"screen-reader-text\">[N3 J20] FC Gueugnon \u2013 Besan\u00e7on Foot : Avant match<\/span><\/a><\/p>\n","protected":false},"author":15,"featured_media":26229,"comment_status":"closed","ping_status":"closed","sticky":true,"template":"","format":"standard","meta":{"_coblocks_attr":"","_coblocks_dimensions":"","_coblocks_responsive_height":"","_coblocks_accordion_ie_support":"","footnotes":""},"categories":[229,12],"tags":[150],"_links":{"self":[{"href":"https:\/\/www.fcgueugnon.fr\/wp\/wp-json\/wp\/v2\/posts\/26242"}],"collection":[{"href":"https:\/\/www.fcgueugnon.fr\/wp\/wp-json\/wp\/v2\/posts"}],"about":[{"href":"https:\/\/www.fcgueugnon.fr\/wp\/wp-json\/wp\/v2\/types\/post"}],"author":[{"embeddable":true,"href":"https:\/\/www.fcgueugnon.fr\/wp\/wp-json\/wp\/v2\/users\/15"}],"replies":[{"embeddable":true,"href":"https:\/\/www.fcgueugnon.fr\/wp\/wp-json\/wp\/v2\/comments?post=26242"}],"version-history":[{"count":0,"href":"https:\/\/www.fcgueugnon.fr\/wp\/wp-json\/wp\/v2\/posts\/26242\/revisions"}],"wp:featuredmedia":[{"embeddable":true,"href":"https:\/\/www.fcgueugnon.fr\/wp\/wp-json\/wp\/v2\/media\/26229"}],"wp:attachment":[{"href":"https:\/\/www.fcgueugnon.fr\/wp\/wp-json\/wp\/v2\/media?parent=26242"}],"wp:term":[{"taxonomy":"category","embeddable":true,"href":"https:\/\/www.fcgueugnon.fr\/wp\/wp-json\/wp\/v2\/categories?post=26242"},{"taxonomy":"post_tag","embeddable":true,"href":"https:\/\/www.fcgueugnon.fr\/wp\/wp-json\/wp\/v2\/tags?post=26242"}],"curies":[{"name":"wp","href":"https:\/\/api.w.org\/{rel}","templated":true}]}}