{"id":26018,"date":"2018-03-17T22:00:02","date_gmt":"2018-03-17T21:00:02","guid":{"rendered":"https:\/\/www.fcgueugnon.fr\/wp\/?p=26018"},"modified":"2020-06-04T13:50:57","modified_gmt":"2020-06-04T11:50:57","slug":"forgeron-mag-10-fc-gueugnon-as-quetigny","status":"publish","type":"post","link":"https:\/\/www.fcgueugnon.fr\/wp\/forgeron-mag-10-fc-gueugnon-as-quetigny\/26018","title":{"rendered":"Forgeron Mag #10 : FC Gueugnon &#8211; AS Quetigny"},"content":{"rendered":"<p>Retrouvez le Forgeron Mag\u2019 #10 et l&rsquo;interview de Bake BAYO, diffus\u00e9 \u00e0 l&rsquo;occasion de la 22\u00e8me Journ\u00e9e du championnat National 3 o\u00f9 les jaunes et bleus recevaient l&rsquo;AS QUETIGNY, en vous rendant sur <strong>&gt;&gt; <a href=\"https:\/\/www.fcgueugnon.fr\/wp\/wp-content\/uploads\/forgeronmag\/2017-2018\/ForgeronMag-10-FCGvsQuetigny.pdf\" target=\"_blank\" rel=\"noopener noreferrer\">ce lien (PDF)<\/a><\/strong><\/p>\n<p><a href=\"https:\/\/www.fcgueugnon.fr\/wp\/wp-content\/uploads\/forgeronmag\/2017-2018\/ForgeronMag-10-FCGvsQuetigny.pdf\" target=\"_blank\" rel=\"noopener noreferrer\"><img loading=\"lazy\" decoding=\"async\" class=\"aligncenter size-large wp-image-26019\" src=\"https:\/\/www.fcgueugnon.fr\/wp\/wp-content\/uploads\/2018\/03\/forgeron-mag-10-Bake-Bayo-495x700.png\" alt=\"\" width=\"495\" height=\"700\" \/><\/a><\/p>\n","protected":false},"excerpt":{"rendered":"<p>Retrouvez le Forgeron Mag\u2019 #10 et l&rsquo;interview de Bake BAYO, diffus\u00e9 \u00e0 l&rsquo;occasion de la 22\u00e8me Journ\u00e9e du championnat National 3 o\u00f9 les jaunes et bleus recevaient l&rsquo;AS QUETIGNY, en vous rendant sur &gt;&gt; ce lien (PDF)<\/p>\n","protected":false},"author":1,"featured_media":26019,"comment_status":"closed","ping_status":"closed","sticky":false,"template":"","format":"standard","meta":{"_coblocks_attr":"","_coblocks_dimensions":"","_coblocks_responsive_height":"","_coblocks_accordion_ie_support":"","footnotes":""},"categories":[188],"tags":[211],"_links":{"self":[{"href":"https:\/\/www.fcgueugnon.fr\/wp\/wp-json\/wp\/v2\/posts\/26018"}],"collection":[{"href":"https:\/\/www.fcgueugnon.fr\/wp\/wp-json\/wp\/v2\/posts"}],"about":[{"href":"https:\/\/www.fcgueugnon.fr\/wp\/wp-json\/wp\/v2\/types\/post"}],"author":[{"embeddable":true,"href":"https:\/\/www.fcgueugnon.fr\/wp\/wp-json\/wp\/v2\/users\/1"}],"replies":[{"embeddable":true,"href":"https:\/\/www.fcgueugnon.fr\/wp\/wp-json\/wp\/v2\/comments?post=26018"}],"version-history":[{"count":0,"href":"https:\/\/www.fcgueugnon.fr\/wp\/wp-json\/wp\/v2\/posts\/26018\/revisions"}],"wp:featuredmedia":[{"embeddable":true,"href":"https:\/\/www.fcgueugnon.fr\/wp\/wp-json\/wp\/v2\/media\/26019"}],"wp:attachment":[{"href":"https:\/\/www.fcgueugnon.fr\/wp\/wp-json\/wp\/v2\/media?parent=26018"}],"wp:term":[{"taxonomy":"category","embeddable":true,"href":"https:\/\/www.fcgueugnon.fr\/wp\/wp-json\/wp\/v2\/categories?post=26018"},{"taxonomy":"post_tag","embeddable":true,"href":"https:\/\/www.fcgueugnon.fr\/wp\/wp-json\/wp\/v2\/tags?post=26018"}],"curies":[{"name":"wp","href":"https:\/\/api.w.org\/{rel}","templated":true}]}}