{"id":25928,"date":"2018-03-12T16:06:01","date_gmt":"2018-03-12T15:06:01","guid":{"rendered":"https:\/\/www.fcgueugnon.fr\/wp\/?p=25928"},"modified":"2018-03-12T16:06:01","modified_gmt":"2018-03-12T15:06:01","slug":"fema-2018-dernieres-informations-a-connaitre-forum-de-lemploi","status":"publish","type":"post","link":"https:\/\/www.fcgueugnon.fr\/wp\/fema-2018-dernieres-informations-a-connaitre-forum-de-lemploi\/25928","title":{"rendered":"[FEMA 2018] Les derni\u00e8res informations \u00e0 conna\u00eetre sur le Forum de l&rsquo;Emploi!"},"content":{"rendered":"<p>Ce matin au Salon de Bourgogne du Stade Jean Laville, avait lieu la conf\u00e9rence de presse du Forum de l&rsquo;Emploi, des M\u00e9tiers et de l&rsquo;Apprentissage. C&rsquo;\u00e9tait l&rsquo;occasion pour les organisateurs de cet \u00e9v\u00e9nement de d\u00e9voiler toutes les derni\u00e8res informations\u00a0!<\/p>\n<p><img loading=\"lazy\" decoding=\"async\" class=\"aligncenter size-large wp-image-25938\" src=\"https:\/\/www.fcgueugnon.fr\/wp\/wp-content\/uploads\/2018\/03\/Conf-Forum-700x529.png\" alt=\"\" width=\"700\" height=\"529\" \/><\/p>\n<p style=\"text-align: center;\"><em>Hakim Boudjadja (Ville de Gueugnon), Francis Craveiro (Mission Locale), Christophe Noluveau (FC Gueugnon), <\/em><em>Steve Chay et Isabelle Philippe (P\u00f4le Emploi)<\/em><\/p>\n<p>Le 06 Avril prochain, le Football Club de Gueugnon, en collaboration avec la ville de Gueugnon, P\u00f4le Emploi, la Mission Locale du Charolais et le Pays Charolais Brionnais organise la 3\u00e8me \u00e9dition de ce forum qui r\u00e9unit des entreprises de tous secteurs, les agences d&rsquo;int\u00e9rim, les chambres consulaires et divers organismes de formation et d&rsquo;apprentissage.<\/p>\n<p>&nbsp;<\/p>\n<p><strong>Un \u00e9v\u00e9nement de grande ampleur<\/strong><\/p>\n<p>Relanc\u00e9 en 2016, cet \u00e9v\u00e9nement a pris un nouvel essor dans le bassin charolais-brionnais puisque d&rsquo;ann\u00e9es en ann\u00e9es, intervenants et publics sont de plus en plus nombreux. <em>\u00ab\u00a0C&rsquo;est un forum qui fonctionne bien et qui a d\u00e9montr\u00e9 tout son int\u00e9r\u00eat lors des pr\u00e9c\u00e9dentes \u00e9ditions. Nous devons encore nous d\u00e9velopper et mobiliser davantage les collectivit\u00e9s et pouvoirs publics pour p\u00e9renniser l&rsquo;\u00e9v\u00e9nement sur le territoire.\u00a0\u00bb<\/em>\u00a0souligne Hakim Boudjadja, en charge du Relais Emploi \u00e0 la Ville de Gueugnon. Notre ambition est de devenir un \u00e9v\u00e9nement incontournable chaque ann\u00e9e.<\/p>\n<p><em>\u00ab\u00a0A l&rsquo;heure actuelle, 42 intervenants ont d\u00e9j\u00e0 r\u00e9pondu pr\u00e9sents alors qu&rsquo;il reste encore 4 semaines devant nous. C&rsquo;est d\u00e9j\u00e0 un signe de r\u00e9ussite. Il\u00a0 n&rsquo;est\u00a0 pas trop tard pour s&rsquo;inscrire, les entreprises int\u00e9ress\u00e9es peuvent toujours nous contacter car nous avons quelques stands encore \u00e0 pourvoir\u00a0\u00bb<\/em>\u00a0explique Christophe Noluveau, responsable D\u00e9veloppement du FC Gueugnon.<\/p>\n<p>D&rsquo;autre part, un mur d&rsquo;offres d&#8217;emploi sera mis en place de fa\u00e7on \u00e0 ce que les entreprises non pr\u00e9sentes puissent, elles-aussi favoriser leur recrutement.<\/p>\n<p>&nbsp;<\/p>\n<p><strong>Entreprises, organismes de formation, publics concern\u00e9s : Des objectifs communs.<\/strong><\/p>\n<p>Les entreprises pr\u00e9sentes proposeront diverses offres d&#8217;emplois dans tous les secteurs d&rsquo;activit\u00e9s.\u00a0 <em>\u00ab\u00a0Nous devons participer \u00e0 la rencontre entre l\u2019offre et la demande et ainsi faciliter les entretiens entre employeurs\/chefs d\u2019entreprise et demandeurs d&#8217;emploi. La satisfaction de tous est notre priorit\u00e9.\u00a0\u00bb<\/em> estime Steve Chay, Conseiller Entreprises \u00e0 P\u00f4le Emploi.<\/p>\n<p>Le second objectif sera de <em>\u00ab\u00a0construire un projet professionnel pour tous\u00a0\u00bb<\/em>. C&rsquo;est pourquoi,\u00a0 les organismes de formation, les coll\u00e8ges, lyc\u00e9es et CFA du secteur seront \u00e9galement sollicit\u00e9s. Le programme de formation est important sur notre territoire et il est important de les impliquer dans l&rsquo;organisation de ce forum. Ainsi, le CFAPS de Gueugnon assurera la s\u00e9curit\u00e9 et le lyc\u00e9e professionnel Fran\u00e7oise Dolto de Montceau-les-mines sera en charge de l&rsquo;accueil des visiteurs.<\/p>\n<p>&nbsp;<\/p>\n<p><strong>L&rsquo;association avec le Pays Charolais-Brionnais<\/strong><\/p>\n<p>Pour la 3\u00e8me \u00e9dition, le Pays Charolais-Brionnais s&rsquo;est associ\u00e9 \u00e0 l&rsquo;organisation du forum de l&rsquo;Emploi. Selon Francis Craveiro, responsable de secteur \u00e0 la Mission Locale du Charolais, cette association permet de <em>\u00ab\u00a0d\u00e9velopper de nouvelles id\u00e9es et d&rsquo;apporter une plus grande notori\u00e9t\u00e9 \u00e0 cet \u00e9v\u00e9nement.\u00a0\u00bb<\/em><\/p>\n<p>D&rsquo;autre-part, en cl\u00f4ture du forum, le Pays Charolais-Brionnais lancera ses troph\u00e9es des entreprises \u00a0\u00bb Les talents de l&rsquo;\u00c9co !\u00a0\u00bb. Ce lancement sera suivi d&rsquo;une conf\u00e9rence de Marie-Am\u00e9lie LE FUR, championne paralympique et pilote d&rsquo;affaires chez EDF.<\/p>\n<p>Le mot de la fin a \u00e9t\u00e9 laiss\u00e9 \u00e0 Isabelle Philippe, directrice de P\u00f4le Emploi Digoin : <em>\u00ab\u00a0Je suis tr\u00e8s fi\u00e8re de d\u00e9marrer sur ce projet. Gageons que cet \u00e9v\u00e9nement soit une r\u00e9ussite tant pour les entreprises pr\u00e9sentes que pour les visiteurs du forum.\u00a0\u00bb<\/em><\/p>\n<p>&nbsp;<\/p>\n<p><strong>Nous vous donnons rendez-vous le 06 Avril prochain, \u00e0 partir de 13h30 !<\/strong><\/p>\n<p>&nbsp;<\/p>\n<p><strong>Informations \/ Contact :<\/strong><\/p>\n<p>Christophe Noluveau<br \/>\nFootball Club de Gueugnon<br \/>\n<a href=\"mailto:c.noluveau@fcgueugnon.fr\">c.noluveau@fcgueugnon.fr<\/a><br \/>\n03.85.85.06.26<\/p>\n<p><a href=\"https:\/\/www.fcgueugnon.fr\/wp\/wp-content\/uploads\/2018\/03\/forum-de-l-emploi-des-metiers-et-de-l-apprentissage-gueugnon-jean-laville.png\"><img loading=\"lazy\" decoding=\"async\" class=\"aligncenter wp-image-25739 size-medium\" src=\"https:\/\/www.fcgueugnon.fr\/wp\/wp-content\/uploads\/2018\/03\/forum-de-l-emploi-des-metiers-et-de-l-apprentissage-gueugnon-jean-laville-247x350.png\" alt=\"\" width=\"247\" height=\"350\" \/><\/a><\/p>\n<p>&nbsp;<\/p>\n","protected":false},"excerpt":{"rendered":"<p>Ce matin au Salon de Bourgogne du Stade Jean Laville, avait lieu la conf\u00e9rence de presse du Forum de l&rsquo;Emploi, des M\u00e9tiers et de l&rsquo;Apprentissage. C&rsquo;\u00e9tait l&rsquo;occasion pour les organisateurs de cet \u00e9v\u00e9nement de d\u00e9voiler toutes les derni\u00e8res informations\u00a0! Hakim Boudjadja (Ville de Gueugnon), Francis Craveiro (Mission Locale), Christophe Noluveau (FC Gueugnon), Steve Chay et &#8230; <\/p>\n<p class=\"read-more-container\"><a title=\"[FEMA 2018] Les derni\u00e8res informations \u00e0 conna\u00eetre sur le Forum de l&rsquo;Emploi!\" class=\"read-more button\" href=\"https:\/\/www.fcgueugnon.fr\/wp\/fema-2018-dernieres-informations-a-connaitre-forum-de-lemploi\/25928#more-25928\">Lire la suite<span class=\"screen-reader-text\">[FEMA 2018] Les derni\u00e8res informations \u00e0 conna\u00eetre sur le Forum de l&rsquo;Emploi!<\/span><\/a><\/p>\n","protected":false},"author":14,"featured_media":25938,"comment_status":"closed","ping_status":"closed","sticky":true,"template":"","format":"standard","meta":{"_coblocks_attr":"","_coblocks_dimensions":"","_coblocks_responsive_height":"","_coblocks_accordion_ie_support":"","footnotes":""},"categories":[229,12],"tags":[145],"_links":{"self":[{"href":"https:\/\/www.fcgueugnon.fr\/wp\/wp-json\/wp\/v2\/posts\/25928"}],"collection":[{"href":"https:\/\/www.fcgueugnon.fr\/wp\/wp-json\/wp\/v2\/posts"}],"about":[{"href":"https:\/\/www.fcgueugnon.fr\/wp\/wp-json\/wp\/v2\/types\/post"}],"author":[{"embeddable":true,"href":"https:\/\/www.fcgueugnon.fr\/wp\/wp-json\/wp\/v2\/users\/14"}],"replies":[{"embeddable":true,"href":"https:\/\/www.fcgueugnon.fr\/wp\/wp-json\/wp\/v2\/comments?post=25928"}],"version-history":[{"count":0,"href":"https:\/\/www.fcgueugnon.fr\/wp\/wp-json\/wp\/v2\/posts\/25928\/revisions"}],"wp:featuredmedia":[{"embeddable":true,"href":"https:\/\/www.fcgueugnon.fr\/wp\/wp-json\/wp\/v2\/media\/25938"}],"wp:attachment":[{"href":"https:\/\/www.fcgueugnon.fr\/wp\/wp-json\/wp\/v2\/media?parent=25928"}],"wp:term":[{"taxonomy":"category","embeddable":true,"href":"https:\/\/www.fcgueugnon.fr\/wp\/wp-json\/wp\/v2\/categories?post=25928"},{"taxonomy":"post_tag","embeddable":true,"href":"https:\/\/www.fcgueugnon.fr\/wp\/wp-json\/wp\/v2\/tags?post=25928"}],"curies":[{"name":"wp","href":"https:\/\/api.w.org\/{rel}","templated":true}]}}