{"id":24795,"date":"2017-12-10T19:53:25","date_gmt":"2017-12-10T18:53:25","guid":{"rendered":"https:\/\/www.fcgueugnon.fr\/wp\/?p=24795"},"modified":"2017-12-10T19:56:03","modified_gmt":"2017-12-10T18:56:03","slug":"glorieux-fcg-rendez-site-page-facebook","status":"publish","type":"post","link":"https:\/\/www.fcgueugnon.fr\/wp\/glorieux-fcg-rendez-site-page-facebook\/24795","title":{"rendered":"[Glorieux FCG] Rendez-vous sur le site et la page Facebook !"},"content":{"rendered":"<p><strong>Glorieux FCG<\/strong> est le site de l&rsquo;Amicale des Anciens du FCG qui revient sur l&rsquo;histoire du club de nos forgerons \u00e0 l&rsquo;aide d&rsquo;archives, de statistiques et d\u00e9tails des saisons&#8230; mais \u00e9galement photos, fiches de joueurs, livres, dossiers sp\u00e9ciaux&#8230;.<\/p>\n<p><a href=\"http:\/\/www.FCGueugnon.fr\/amicalefcg\/\" target=\"_blank\" rel=\"noopener\"><img loading=\"lazy\" decoding=\"async\" class=\"aligncenter wp-image-24796 size-thumbnail\" src=\"https:\/\/www.fcgueugnon.fr\/wp\/wp-content\/uploads\/2017\/12\/glorieux-FCG-logo-100x100.png\" alt=\"\" width=\"100\" height=\"100\" \/><\/a><\/p>\n<p>Habilement aliment\u00e9 par Michel Berthommier et Michel Chaussin, celui-ci est d\u00e9sormais accessible \u00e0 l&rsquo;adresse : <a href=\"http:\/\/www.FCGueugnon.fr\/amicalefcg\/\" target=\"_blank\" rel=\"noopener\">www.FCGueugnon.fr\/AmicaleFCG\/<\/a><\/p>\n<p>Retrouvez \u00e9galement la page Facebook \u00e0 liker sur <a href=\"https:\/\/www.facebook.com\/GlorieuxFCG\" target=\"_blank\" rel=\"noopener\">www.facebook.com\/GlorieuxFCG<\/a><\/p>\n","protected":false},"excerpt":{"rendered":"<p>Glorieux FCG est le site de l&rsquo;Amicale des Anciens du FCG qui revient sur l&rsquo;histoire du club de nos forgerons \u00e0 l&rsquo;aide d&rsquo;archives, de statistiques et d\u00e9tails des saisons&#8230; mais \u00e9galement photos, fiches de joueurs, livres, dossiers sp\u00e9ciaux&#8230;. Habilement aliment\u00e9 par Michel Berthommier et Michel Chaussin, celui-ci est d\u00e9sormais accessible \u00e0 l&rsquo;adresse : www.FCGueugnon.fr\/AmicaleFCG\/ Retrouvez &#8230; <\/p>\n<p class=\"read-more-container\"><a title=\"[Glorieux FCG] Rendez-vous sur le site et la page Facebook !\" class=\"read-more button\" href=\"https:\/\/www.fcgueugnon.fr\/wp\/glorieux-fcg-rendez-site-page-facebook\/24795#more-24795\">Lire la suite<span class=\"screen-reader-text\">[Glorieux FCG] Rendez-vous sur le site et la page Facebook !<\/span><\/a><\/p>\n","protected":false},"author":1,"featured_media":24796,"comment_status":"closed","ping_status":"closed","sticky":true,"template":"","format":"standard","meta":{"_coblocks_attr":"","_coblocks_dimensions":"","_coblocks_responsive_height":"","_coblocks_accordion_ie_support":"","footnotes":""},"categories":[229,12],"tags":[148],"_links":{"self":[{"href":"https:\/\/www.fcgueugnon.fr\/wp\/wp-json\/wp\/v2\/posts\/24795"}],"collection":[{"href":"https:\/\/www.fcgueugnon.fr\/wp\/wp-json\/wp\/v2\/posts"}],"about":[{"href":"https:\/\/www.fcgueugnon.fr\/wp\/wp-json\/wp\/v2\/types\/post"}],"author":[{"embeddable":true,"href":"https:\/\/www.fcgueugnon.fr\/wp\/wp-json\/wp\/v2\/users\/1"}],"replies":[{"embeddable":true,"href":"https:\/\/www.fcgueugnon.fr\/wp\/wp-json\/wp\/v2\/comments?post=24795"}],"version-history":[{"count":0,"href":"https:\/\/www.fcgueugnon.fr\/wp\/wp-json\/wp\/v2\/posts\/24795\/revisions"}],"wp:featuredmedia":[{"embeddable":true,"href":"https:\/\/www.fcgueugnon.fr\/wp\/wp-json\/wp\/v2\/media\/24796"}],"wp:attachment":[{"href":"https:\/\/www.fcgueugnon.fr\/wp\/wp-json\/wp\/v2\/media?parent=24795"}],"wp:term":[{"taxonomy":"category","embeddable":true,"href":"https:\/\/www.fcgueugnon.fr\/wp\/wp-json\/wp\/v2\/categories?post=24795"},{"taxonomy":"post_tag","embeddable":true,"href":"https:\/\/www.fcgueugnon.fr\/wp\/wp-json\/wp\/v2\/tags?post=24795"}],"curies":[{"name":"wp","href":"https:\/\/api.w.org\/{rel}","templated":true}]}}