{"id":23837,"date":"2017-10-13T11:19:06","date_gmt":"2017-10-13T09:19:06","guid":{"rendered":"https:\/\/www.fcgueugnon.fr\/wp\/?p=23837"},"modified":"2017-10-26T18:27:21","modified_gmt":"2017-10-26T16:27:21","slug":"n3-j07-fc-gueugnon-sc-selongey-match","status":"publish","type":"post","link":"https:\/\/www.fcgueugnon.fr\/wp\/n3-j07-fc-gueugnon-sc-selongey-match\/23837","title":{"rendered":"[N3 J07] FC Gueugnon \u2013 SC Selongey : Avant-Match"},"content":{"rendered":"<p style=\"text-align: justify;\">Les forgerons retrouvent le championnat\u00a0ce\u00a0<strong>samedi 14 octobre<\/strong> <strong>\u00e0 18h00 <\/strong>dans le cadre de la <strong>7\u00e8me<\/strong> <strong>journ\u00e9e de National 3<\/strong>. L&rsquo;objectif sera de poursuivre leur bonne s\u00e9rie face \u00e0 un adversaire bien connu, le <strong>SC Selongey<\/strong> !<\/p>\n<p>&nbsp;<\/p>\n<p><img loading=\"lazy\" decoding=\"async\" class=\"aligncenter wp-image-23817 size-large\" src=\"https:\/\/www.fcgueugnon.fr\/wp\/wp-content\/uploads\/2013\/01\/fc-gueugnon-sc-selongey-national-3-700x402.png\" alt=\"\" width=\"700\" height=\"402\" \/><\/p>\n<p>&nbsp;<\/p>\n<p><strong>Le SC SELONGEY\u00a0<\/strong>est un club que nous connaissons bien. Les clubs se sont rencontr\u00e9s lors de la derni\u00e8re journ\u00e9e de DH en 2013, th\u00e9\u00e2tre de la mont\u00e9e en CFA2 pour le FCG. Cette \u00e9quipe a aussi \u00e9t\u00e9 notre b\u00eate noire il y a 2 ans apr\u00e8s nous avoir inflig\u00e9 3 d\u00e9faites dont une en coupe de France \u00e0 domicile. Le club s&rsquo;est renforc\u00e9 en d\u00e9but de saison par pas moins d\u2019une quinzaine de joueurs comme Vincent Pullicino afin de \u00ab <em>r\u00e9pondre \u00e0 un projet plein d\u2019ambition<\/em>\u00a0\u00bb\u00a0des dires m\u00eame des coachs <strong>S\u00e9bastien EVAIN<\/strong> et <strong>St\u00e9phane MANGIONE<\/strong>. Mais le d\u00e9but de saison n\u2019est pas \u00e0 la hauteur des attentes. On peut y ajouter l\u2019absence pour de longues semaines d\u2019Ado Tchounet, bless\u00e9 aux ischios. Sur 6 rencontres, Selongey compte 5 d\u00e9faites et 1 nul obtenu face \u00e0 Saint Appolinaire. En coupe de France, Selongey s\u2019est fait \u00e9limin\u00e9 contre Imphy Decize sur le score de 3-1. Les selong\u00e9ens viendront donc \u00e0 Jean Laville avec la ferme intention de se relancer&#8230;<\/p>\n<p>Apr\u00e8s le nul obtenu \u00e0 Besan\u00e7on foot (2-2), le <strong>FC GUEUGNON<\/strong>\u00a0 s\u2019est qualifi\u00e9 pour le 6\u00e8me tour de la Coupe de France en terre icaunaise sur le score sans appel de 5-0. M\u00eame face \u00e0 une \u00e9quipe de D1, le satisfecit ne peut \u00eatre que l\u00e9gitime. Contre le CSP Charmoy, le FCG a fait le job en marquant rapidement par l\u2019interm\u00e9diaire de son nouvel attaquant <strong>Lamine SOUMAH\u00a0<\/strong>avant de creuser ensuite l&rsquo;\u00e9cart gr\u00e2ce notamment \u00e0 un tripl\u00e9 de <strong>Steeven HARRISON<\/strong>. Cependant, pour affronter Selongey, <strong>Philippe CORREIA<\/strong> devra composer avec de nouvelles absences en d\u00e9fense. <strong>Cl\u00e9ment CORONAS<\/strong>, bless\u00e9 \u00e0 Besan\u00e7on Foot ne pourra prendre part \u00e0 la rencontre de m\u00eame que <strong>Bakeba BAYO<\/strong>, qui lui sera suspendu. Dans le sens inverse, <strong>Adrien RIBAC<\/strong> a effectu\u00e9 son retour et le capitaine <strong>Fabrice REVUELTA<\/strong> devrait lui aussi reprendre la comp\u00e9tition. Des retours qui sont les bienvenus dans l&rsquo;optique de rester sur une dynamique positive !<\/p>\n<p>&nbsp;<\/p>\n<p><em><strong>Rendez-vous au stade Jean Laville o\u00f9 nous vous attendons nombreux pour encourager les jaunes et bleus.<\/strong><br \/>\n<\/em><strong>Prix d\u2019entr\u00e9e\u00a0:\u00a0<\/strong>Tarif normal 6\u20ac. Tarif r\u00e9duit 3\u20ac (Ch\u00f4meurs, \u00c9tudiants\u2026). Gratuit pour les -16 ans.<\/p>\n<p>\u25ba\u00a0<a href=\"https:\/\/www.fcgueugnon.fr\/wp\/n3-j07-fc-gueugnon-sc-selongey-ballon-match-offert-opticiens-mutualistes-sourire-de-louis\/23885#.Wd9LhGi0OM-\" target=\"_blank\" rel=\"noopener\">Ballon du match offert par \u00ab Les Opticiens Mutualistes \u00bb et \u00ab Le sourire de Louis \u00bb<\/a><\/p>\n<p><em>Site internet du SC Selongey : <a href=\"http:\/\/scs-selongey.footeo.com\/\" target=\"_blank\" rel=\"noopener\">http:\/\/scs-selongey.footeo.com\/<\/a><\/em><\/p>\n<p>&nbsp;<\/p>\n<p style=\"text-align: center;\">&#8212;<\/p>\n<p>&nbsp;<\/p>\n<p><strong>NIVEAU NATIONAL : FEDERATION FRANCAISE DE FOOTBALL<br \/>\nNATIONAL 3 GROUPE E &#8211; J07<\/strong><br \/>\nSAMEDI 14 OCTOBRE 2017\u00a0&#8211; 18:00<br \/>\nFC GUEUGNON \/ SC SELONGEY<\/p>\n<p><strong>TERRAIN<br \/>\n<\/strong>STADE JEAN LAVILLE<br \/>\nRUE ROGER COUDERC<br \/>\n71130 GUEUGNON<\/p>\n<p>&nbsp;<\/p>\n<p><strong>SURFACE DE JEU<br \/>\n<\/strong>Pelouse naturelle<\/p>\n<p>&nbsp;<\/p>\n<p><strong>OFFICIELS<br \/>\n<\/strong>Arbitre centre : DELEUZE THOMAS<br \/>\nArbitre assistant 1 : ARCHINARD CHRISTOPHER<br \/>\nArbitre assistant 2 : LOREAU JEROME<br \/>\nD\u00e9l\u00e9gu\u00e9 principal : LEJEUNE PHILIPPE<strong><br \/>\n<\/strong><\/p>\n<p>&nbsp;<\/p>\n<p><strong>GROUPE<\/strong><\/p>\n<p>Bouchit\u00e9 &#8211; Rahab &#8211; Eckert &#8211; L\u00e9ger &#8211; Ribac &#8211; Fab. Revuelta &#8211; Mamessier &#8211; Benameur &#8211; Castagne &#8211; Mahla &#8211; Nyamwisi &#8211; Harrison &#8211; Fra. Revuelta &#8211; Soumah &#8211; Doridot<\/p>\n<p>&nbsp;<\/p>\n<p><strong>La 7\u00e8me journ\u00e9e de N3 groupe\u00a0E<br \/>\n<\/strong>Samedi 14 Octobre 2017<br \/>\n18:00\u00a0Gueugnon &#8211;\u00a0Selongey<br \/>\n18:00\u00a0Dijon B &#8211;\u00a0Avallon<br \/>\n18:00\u00a0Louhans-Cuiseaux &#8211;\u00a0St Vit<br \/>\n18:00\u00a0Racing Besan\u00e7on &#8211; Sochaux B<br \/>\n19:30\u00a0Jura Dolois &#8211; Quetigny<br \/>\n20:00\u00a0Auxerre B &#8211;\u00a0Besan\u00e7on Foot<br \/>\nDimanche 15 octobre 2017<br \/>\n15:00\u00a0St Apollinaire &#8211; Cl\u00e9menceau Besan\u00e7on<br \/>\nExempt : Pontarlier<\/p>\n<p>&nbsp;<\/p>\n<p>&nbsp;<\/p>\n<p>&nbsp;<\/p>\n<p>&nbsp;<\/p>\n","protected":false},"excerpt":{"rendered":"<p>Les forgerons retrouvent le championnat\u00a0ce\u00a0samedi 14 octobre \u00e0 18h00 dans le cadre de la 7\u00e8me journ\u00e9e de National 3. L&rsquo;objectif sera de poursuivre leur bonne s\u00e9rie face \u00e0 un adversaire bien connu, le SC Selongey ! &nbsp; &nbsp; Le SC SELONGEY\u00a0est un club que nous connaissons bien. Les clubs se sont rencontr\u00e9s lors de la &#8230; <\/p>\n<p class=\"read-more-container\"><a title=\"[N3 J07] FC Gueugnon \u2013 SC Selongey : Avant-Match\" class=\"read-more button\" href=\"https:\/\/www.fcgueugnon.fr\/wp\/n3-j07-fc-gueugnon-sc-selongey-match\/23837#more-23837\">Lire la suite<span class=\"screen-reader-text\">[N3 J07] FC Gueugnon \u2013 SC Selongey : Avant-Match<\/span><\/a><\/p>\n","protected":false},"author":15,"featured_media":23817,"comment_status":"closed","ping_status":"closed","sticky":false,"template":"","format":"standard","meta":{"_coblocks_attr":"","_coblocks_dimensions":"","_coblocks_responsive_height":"","_coblocks_accordion_ie_support":"","footnotes":""},"categories":[229,12],"tags":[150],"_links":{"self":[{"href":"https:\/\/www.fcgueugnon.fr\/wp\/wp-json\/wp\/v2\/posts\/23837"}],"collection":[{"href":"https:\/\/www.fcgueugnon.fr\/wp\/wp-json\/wp\/v2\/posts"}],"about":[{"href":"https:\/\/www.fcgueugnon.fr\/wp\/wp-json\/wp\/v2\/types\/post"}],"author":[{"embeddable":true,"href":"https:\/\/www.fcgueugnon.fr\/wp\/wp-json\/wp\/v2\/users\/15"}],"replies":[{"embeddable":true,"href":"https:\/\/www.fcgueugnon.fr\/wp\/wp-json\/wp\/v2\/comments?post=23837"}],"version-history":[{"count":0,"href":"https:\/\/www.fcgueugnon.fr\/wp\/wp-json\/wp\/v2\/posts\/23837\/revisions"}],"wp:featuredmedia":[{"embeddable":true,"href":"https:\/\/www.fcgueugnon.fr\/wp\/wp-json\/wp\/v2\/media\/23817"}],"wp:attachment":[{"href":"https:\/\/www.fcgueugnon.fr\/wp\/wp-json\/wp\/v2\/media?parent=23837"}],"wp:term":[{"taxonomy":"category","embeddable":true,"href":"https:\/\/www.fcgueugnon.fr\/wp\/wp-json\/wp\/v2\/categories?post=23837"},{"taxonomy":"post_tag","embeddable":true,"href":"https:\/\/www.fcgueugnon.fr\/wp\/wp-json\/wp\/v2\/tags?post=23837"}],"curies":[{"name":"wp","href":"https:\/\/api.w.org\/{rel}","templated":true}]}}