{"id":21524,"date":"2017-02-16T17:39:00","date_gmt":"2017-02-16T16:39:00","guid":{"rendered":"https:\/\/www.fcgueugnon.fr\/wp\/?p=21524"},"modified":"2017-09-26T22:16:03","modified_gmt":"2017-09-26T20:16:03","slug":"cfa2-j16-fcgueugnon-besancon-fc-ballon-match-offert-barbrasserie-de-nadine-pascal-lassociation-bouts-dchoux","status":"publish","type":"post","link":"https:\/\/www.fcgueugnon.fr\/wp\/cfa2-j16-fcgueugnon-besancon-fc-ballon-match-offert-barbrasserie-de-nadine-pascal-lassociation-bouts-dchoux\/21524","title":{"rendered":"[CFA2 J16] FCGueugnon \u2013 Besan\u00e7on FC : Ballon du match offert par le Bar\/Brasserie de Nadine et Pascal et l&rsquo;association les Bouts d&rsquo;Choux"},"content":{"rendered":"<p>Pour la r\u00e9ception du Besan\u00e7on FC ce samedi 18\/02\/2017 \u00e0 18h00, c&rsquo;est le <strong>Bar\/Brasserie de Nadine et Pascal <\/strong>situ\u00e9 aux\u00a0Gautherets \u00e0 Saint-Vallier qui offrira le ballon du match.<\/p>\n<ul>\n<li>Ils seront accompagn\u00e9s par l&rsquo;association \u00ab\u00a0<strong>Les BOUTS D&rsquo; CHOUX<\/strong>\u00a0\u00bb\u00a0cr\u00e9\u00e9e au Centre Hospitalier\u00a0de Paray le Monial par le personnel du Bloc Op\u00e9ratoire et dont le but est de faciliter l&rsquo;accueil des enfants devant subir une intervention chirurgicale en leur offrant des jeux, des jouets ou des livres, ainsi qu&rsquo;un dipl\u00f4me de \u00ab\u00a0courage et de bravoure\u00a0\u00bb.<br \/>\n<em>Plus d&rsquo;informations sur le site &gt;&gt;\u00a0<a href=\"http:\/\/www.ch-paray.fr\/vie-associative\" target=\"_blank\">www.ch-paray.fr\/vie-associative<\/a><\/em><\/li>\n<\/ul>\n<p>&nbsp;<\/p>\n<ul>\n<li>Lieu de vie incontournable \u00e0\u00a0St Vallier, <strong>Nadine et Pascal<\/strong> h\u00e9berge \u00e9galement\u00a0une<strong> \u00e9picerie polonaise<\/strong> qui jouxte leur bar o\u00f9 sont en vente des charcuteries et produits de Pologne ainsi qu&rsquo;un point de vente du FCG\u00a0!<br \/>\nUn grand merci \u00e0 ces commer\u00e7ants, fid\u00e8les supporters du club qui\u00a0font\u00a0\u00e9galement le bonheur de la population du bassin minier !<\/li>\n<\/ul>\n<p>&nbsp;<\/p>\n<ul>\n<li>Notons \u00e9galement la pr\u00e9sence de<strong> Naomi BAILLY, Miss Bourgogne 2016<\/strong> dont vous pouvez retrouver l&rsquo;interview sur \u25ba <a href=\"https:\/\/www.fcgueugnon.fr\/wp\/interview-entretien-naomi-bailly-miss-bourgogne-2016\/21506\" target=\"_blank\">ce lien<\/a><\/li>\n<\/ul>\n<p>&nbsp;<\/p>\n<p><a href=\"https:\/\/www.fcgueugnon.fr\/wp\/wp-content\/uploads\/2015\/07\/Bar-Chez-Nadine-et-Pascal-Gautherets-Saint-Vallier-Enseigne.jpg\"><img loading=\"lazy\" decoding=\"async\" class=\"aligncenter size-medium wp-image-15834\" src=\"https:\/\/www.fcgueugnon.fr\/wp\/wp-content\/uploads\/2015\/07\/Bar-Chez-Nadine-et-Pascal-Gautherets-Saint-Vallier-Enseigne-300x224.jpg\" alt=\"Bar Chez Nadine et Pascal Gautherets Saint Vallier Enseigne\" width=\"300\" height=\"224\" \/><\/a><\/p>\n<p><a href=\"https:\/\/www.fcgueugnon.fr\/wp\/wp-content\/uploads\/2015\/07\/Bar-Chez-Nadine-et-Pascal-Gautherets-Saint-Vallier.jpg\"><img loading=\"lazy\" decoding=\"async\" class=\"aligncenter size-medium wp-image-15833\" src=\"https:\/\/www.fcgueugnon.fr\/wp\/wp-content\/uploads\/2015\/07\/Bar-Chez-Nadine-et-Pascal-Gautherets-Saint-Vallier-300x224.jpg\" alt=\"Bar Chez Nadine et Pascal Gautherets Saint Vallier\" width=\"300\" height=\"224\" \/><\/a><\/p>\n<p>&nbsp;<\/p>\n<p><span style=\"color: #ff6600;\"><strong>N\u2019h\u00e9sitez pas \u00e0 les consulter, le meilleur accueil et le service le plus juste, vous seront r\u00e9serv\u00e9s !<\/strong><\/span><\/p>\n<p>Supporters forgerons, <strong><a href=\"https:\/\/www.fcgueugnon.fr\/wp\/?page_id=2350\">r\u00e9servez vos achats et vos sorties chez nos annonceurs et partenaires \u2026 !<\/a><\/strong><\/p>\n","protected":false},"excerpt":{"rendered":"<p>Pour la r\u00e9ception du Besan\u00e7on FC ce samedi 18\/02\/2017 \u00e0 18h00, c&rsquo;est le Bar\/Brasserie de Nadine et Pascal situ\u00e9 aux\u00a0Gautherets \u00e0 Saint-Vallier qui offrira le ballon du match. Ils seront accompagn\u00e9s par l&rsquo;association \u00ab\u00a0Les BOUTS D&rsquo; CHOUX\u00a0\u00bb\u00a0cr\u00e9\u00e9e au Centre Hospitalier\u00a0de Paray le Monial par le personnel du Bloc Op\u00e9ratoire et dont le but est de &#8230; <\/p>\n<p class=\"read-more-container\"><a title=\"[CFA2 J16] FCGueugnon \u2013 Besan\u00e7on FC : Ballon du match offert par le Bar\/Brasserie de Nadine et Pascal et l&rsquo;association les Bouts d&rsquo;Choux\" class=\"read-more button\" href=\"https:\/\/www.fcgueugnon.fr\/wp\/cfa2-j16-fcgueugnon-besancon-fc-ballon-match-offert-barbrasserie-de-nadine-pascal-lassociation-bouts-dchoux\/21524#more-21524\">Lire la suite<span class=\"screen-reader-text\">[CFA2 J16] FCGueugnon \u2013 Besan\u00e7on FC : Ballon du match offert par le Bar\/Brasserie de Nadine et Pascal et l&rsquo;association les Bouts d&rsquo;Choux<\/span><\/a><\/p>\n","protected":false},"author":1,"featured_media":15834,"comment_status":"closed","ping_status":"closed","sticky":false,"template":"","format":"standard","meta":{"_coblocks_attr":"","_coblocks_dimensions":"","_coblocks_responsive_height":"","_coblocks_accordion_ie_support":"","footnotes":""},"categories":[212,12],"tags":[108],"_links":{"self":[{"href":"https:\/\/www.fcgueugnon.fr\/wp\/wp-json\/wp\/v2\/posts\/21524"}],"collection":[{"href":"https:\/\/www.fcgueugnon.fr\/wp\/wp-json\/wp\/v2\/posts"}],"about":[{"href":"https:\/\/www.fcgueugnon.fr\/wp\/wp-json\/wp\/v2\/types\/post"}],"author":[{"embeddable":true,"href":"https:\/\/www.fcgueugnon.fr\/wp\/wp-json\/wp\/v2\/users\/1"}],"replies":[{"embeddable":true,"href":"https:\/\/www.fcgueugnon.fr\/wp\/wp-json\/wp\/v2\/comments?post=21524"}],"version-history":[{"count":0,"href":"https:\/\/www.fcgueugnon.fr\/wp\/wp-json\/wp\/v2\/posts\/21524\/revisions"}],"wp:featuredmedia":[{"embeddable":true,"href":"https:\/\/www.fcgueugnon.fr\/wp\/wp-json\/wp\/v2\/media\/15834"}],"wp:attachment":[{"href":"https:\/\/www.fcgueugnon.fr\/wp\/wp-json\/wp\/v2\/media?parent=21524"}],"wp:term":[{"taxonomy":"category","embeddable":true,"href":"https:\/\/www.fcgueugnon.fr\/wp\/wp-json\/wp\/v2\/categories?post=21524"},{"taxonomy":"post_tag","embeddable":true,"href":"https:\/\/www.fcgueugnon.fr\/wp\/wp-json\/wp\/v2\/tags?post=21524"}],"curies":[{"name":"wp","href":"https:\/\/api.w.org\/{rel}","templated":true}]}}