{"id":20613,"date":"2016-11-04T09:19:34","date_gmt":"2016-11-04T08:19:34","guid":{"rendered":"https:\/\/www.fcgueugnon.fr\/wp\/?p=20613"},"modified":"2016-11-05T20:32:02","modified_gmt":"2016-11-05T19:32:02","slug":"cfa2-j08-as-ornans-fc-gueugnon-match","status":"publish","type":"post","link":"https:\/\/www.fcgueugnon.fr\/wp\/cfa2-j08-as-ornans-fc-gueugnon-match\/20613","title":{"rendered":"[CFA2 J08] AS Ornans &#8211; FC Gueugnon : Avant-Match"},"content":{"rendered":"<p style=\"text-align: justify;\">C&rsquo;est un d\u00e9placement in\u00e9dit qui attend nos forgerons ce <strong>samedi<\/strong> <strong>5 novembre \u00e0 18h00 <\/strong>dans le cadre de la <strong>8\u00e8me<\/strong> <strong>journ\u00e9e de CFA 2<\/strong>. Une semaine apr\u00e8s la victoire face \u00e0 Sochaux B, ils iront en effet affronter le club d&rsquo;<strong>Ornans<\/strong>, promu cette saison.<\/p>\n<p><img loading=\"lazy\" decoding=\"async\" class=\"aligncenter wp-image-20588 size-large\" src=\"https:\/\/www.fcgueugnon.fr\/wp\/wp-content\/uploads\/2013\/01\/as-ornans-fc-gueugnon-b-cfa2-700x283.png\" width=\"700\" height=\"283\" \/><\/p>\n<p style=\"text-align: justify;\"><strong>AS ORNANS FOOTBALL : <\/strong>Cette \u00e9quipe vient d\u2019acc\u00e9der en CFA2 apr\u00e8s une fin de saison \u00e9pique. Avec 11 recrues contre seulement 2 d\u00e9parts, Ornans a su conserver son ossature. Son coach <strong>Yannick Renoux<\/strong>, au club depuis 12 ans, d\u00e9clarait \u00ab\u00a0<em>J\u2019ai confiance. J\u2019ai une \u00e9quipe jeune (23 ans de moyenne d\u2019\u00e2ge) qui a quand m\u00eame marqu\u00e9 50 buts en division honneur et qui progresse saison apr\u00e8s saison\u00a0\u00bb.<\/em> Apr\u00e8s la 6\u00e8me journ\u00e9e, avec 15 buts encaiss\u00e9s en six matches, Ornans avait la plus mauvaise d\u00e9fense du groupe, suivie par S\u00e9nart-Moissy, le Racing et le Besan\u00e7on FC tous avec d\u00e9j\u00e0 treize buts au compteur. Mais la semaine pass\u00e9e Ornans est all\u00e9 battre Selongey le leader du groupe (0-3), une belle gifle impos\u00e9e \u00e0 l\u2019\u00e9quipe qui caracolait en t\u00eate depuis le d\u00e9but de saison. Ornans, 10<sup>\u00e8me<\/sup> avec 8 points, semble d\u00e9sormais bien relanc\u00e9 pour la suite du championnat.<\/p>\n<p style=\"text-align: justify;\"><strong>Le FC GUEUGNON <\/strong>a dig\u00e9r\u00e9 et effac\u00e9 la d\u00e9faite aux tirs au but face \u00e0 Louhans-Cuiseaux de la meilleure des mani\u00e8res. En effet, un match ma\u00eetris\u00e9 tactiquement et deux buts de <strong>Morad Benameur<\/strong> auront permis de l&#8217;emporter 2-0 face \u00e0 l&rsquo;\u00e9quipe r\u00e9serve du FC Sochaux-Montb\u00e9liard. Le milieu en losange mis en place par <strong>Philippe Correia<\/strong> et le replacement de <strong>Donatien Cotinet<\/strong> en d\u00e9fense centrale auront donc port\u00e9 leurs fruits. L&rsquo;entraineur gueugnonnais reconduira t-il ce dispositif pour ce d\u00e9placement ? Il pourra en tout cas compter sur un large effectif puisque seuls <strong>Cl\u00e9ment Coronas<\/strong> et <strong>David Bidalot<\/strong>, en phase de reprise, devraient d\u00e9clarer forfait.<\/p>\n<p>&nbsp;<\/p>\n<p>Un match que vous pourrez suivre comme d&rsquo;habitude en live sur la page Facebook de notre <strong>#TeamForgeron <\/strong>\u25ba <a href=\"http:\/\/facebook.com\/FCGueugnon\" target=\"_blank\">www.facebook.com\/FCGueugnon<\/a><br \/>\n<em>Site internet de l&rsquo;AS Ornans : <a href=\"http:\/\/www.asornans-football.com\/\" target=\"_blank\">http:\/\/www.asornans-football.com\/<\/a><\/em><\/p>\n<p style=\"text-align: center;\">&#8212;<\/p>\n<p><strong>NIVEAU NATIONAL : FEDERATION FRANCAISE DE FOOTBALL<br \/>\nCHAMPIONNAT FRANCE AMATEUR 2\u00a0GROUPE E &#8211; J08<\/strong><br \/>\nSAMEDI 5 NOVEMBRE 2016 &#8211; 18:00<br \/>\nAS ORNANS \/ FC GUEUGNON<\/p>\n<p><strong>TERRAIN<br \/>\n<\/strong>STADE ANDR\u00c9 BREY 1<br \/>\nTERRAIN HONNEUR<br \/>\nROUTE DE CHASSAGNE<br \/>\n25290 ORNANS<\/p>\n<p><strong>SURFACE DE JEU<br \/>\n<\/strong>Pelouse naturelle<\/p>\n<p><strong>OFFICIELS<br \/>\n<\/strong>Arbitre centre : JANNEL MALO<br \/>\nArbitre assistant 1 : CONVERT DAVID<br \/>\nArbitre assistant 2 : MAZZOLA SYLVAIN<br \/>\nD\u00e9l\u00e9gu\u00e9 principal : KERZAZI MOHAMMED<br \/>\nObservateur principal : MOULIN STEPHANE<\/p>\n<p>&nbsp;<\/p>\n<p><strong>GROUPE<br \/>\n<\/strong>Maddaloni &#8211; Rose Antoinette &#8211; S. Larteau &#8211; Ribac &#8211; Cotinet &#8211; Diarra &#8211; Fab. Revuelta &#8211; Benameur &#8211; J. Larteau &#8211; Lafay &#8211; N&rsquo;Doye &#8211; Harrison &#8211; Bouillet &#8211; Ouedraogo &#8211; San\u00e9<\/p>\n<p>&nbsp;<\/p>\n<p><strong>La 8\u00e8me journ\u00e9e de CFA2 groupe\u00a0E<br \/>\n<\/strong>Samedi 5 novembre 2016<br \/>\n17:00 Noisy &#8211; Selongey<br \/>\n18:00 Racing Besan\u00e7on &#8211; Pontarlier<br \/>\n18:00 Sainte Genevi\u00e8ve &#8211; Troyes B<br \/>\n18:00 Ornans &#8211; Gueugnon<br \/>\n18:00 Sochaux B &#8211; S\u00e9nart Moissy<br \/>\n18:00 Ivry &#8211; Dijon B<br \/>\n18:00 Cr\u00e9teil B &#8211; Besan\u00e7on FC<\/p>\n<h3>&gt;&gt;\u00a0<strong><a href=\"https:\/\/www.fcgueugnon.fr\/wp\/seniors\/seniors-a\/classement-seniors-a#.VytQGTCLSM8\" target=\"_blank\">Le classement <\/a><\/strong><\/h3>\n<p>&nbsp;<\/p>\n","protected":false},"excerpt":{"rendered":"<p>C&rsquo;est un d\u00e9placement in\u00e9dit qui attend nos forgerons ce samedi 5 novembre \u00e0 18h00 dans le cadre de la 8\u00e8me journ\u00e9e de CFA 2. Une semaine apr\u00e8s la victoire face \u00e0 Sochaux B, ils iront en effet affronter le club d&rsquo;Ornans, promu cette saison. AS ORNANS FOOTBALL : Cette \u00e9quipe vient d\u2019acc\u00e9der en CFA2 apr\u00e8s &#8230; <\/p>\n<p class=\"read-more-container\"><a title=\"[CFA2 J08] AS Ornans &#8211; FC Gueugnon : Avant-Match\" class=\"read-more button\" href=\"https:\/\/www.fcgueugnon.fr\/wp\/cfa2-j08-as-ornans-fc-gueugnon-match\/20613#more-20613\">Lire la suite<span class=\"screen-reader-text\">[CFA2 J08] AS Ornans &#8211; FC Gueugnon : Avant-Match<\/span><\/a><\/p>\n","protected":false},"author":15,"featured_media":20614,"comment_status":"closed","ping_status":"closed","sticky":false,"template":"","format":"standard","meta":{"_coblocks_attr":"","_coblocks_dimensions":"","_coblocks_responsive_height":"","_coblocks_accordion_ie_support":"","footnotes":""},"categories":[212,12],"tags":[150],"_links":{"self":[{"href":"https:\/\/www.fcgueugnon.fr\/wp\/wp-json\/wp\/v2\/posts\/20613"}],"collection":[{"href":"https:\/\/www.fcgueugnon.fr\/wp\/wp-json\/wp\/v2\/posts"}],"about":[{"href":"https:\/\/www.fcgueugnon.fr\/wp\/wp-json\/wp\/v2\/types\/post"}],"author":[{"embeddable":true,"href":"https:\/\/www.fcgueugnon.fr\/wp\/wp-json\/wp\/v2\/users\/15"}],"replies":[{"embeddable":true,"href":"https:\/\/www.fcgueugnon.fr\/wp\/wp-json\/wp\/v2\/comments?post=20613"}],"version-history":[{"count":0,"href":"https:\/\/www.fcgueugnon.fr\/wp\/wp-json\/wp\/v2\/posts\/20613\/revisions"}],"wp:featuredmedia":[{"embeddable":true,"href":"https:\/\/www.fcgueugnon.fr\/wp\/wp-json\/wp\/v2\/media\/20614"}],"wp:attachment":[{"href":"https:\/\/www.fcgueugnon.fr\/wp\/wp-json\/wp\/v2\/media?parent=20613"}],"wp:term":[{"taxonomy":"category","embeddable":true,"href":"https:\/\/www.fcgueugnon.fr\/wp\/wp-json\/wp\/v2\/categories?post=20613"},{"taxonomy":"post_tag","embeddable":true,"href":"https:\/\/www.fcgueugnon.fr\/wp\/wp-json\/wp\/v2\/tags?post=20613"}],"curies":[{"name":"wp","href":"https:\/\/api.w.org\/{rel}","templated":true}]}}