{"id":19919,"date":"2016-09-04T20:00:44","date_gmt":"2016-09-04T18:00:44","guid":{"rendered":"https:\/\/www.fcgueugnon.fr\/wp\/?p=19919"},"modified":"2016-09-12T23:17:12","modified_gmt":"2016-09-12T21:17:12","slug":"forgeron-mag-01-fc-gueugnon-senart-moissy-j03","status":"publish","type":"post","link":"https:\/\/www.fcgueugnon.fr\/wp\/forgeron-mag-01-fc-gueugnon-senart-moissy-j03\/19919","title":{"rendered":"Forgeron Mag #01: FC Gueugnon &#8211; Senart-Moissy (J03)"},"content":{"rendered":"<p>Retrouvez le Forgeron Mag\u2019 #01, et notamment l&rsquo;interview du Forgeron d&rsquo;Or Sebastien LARTEAU, diffus\u00e9 \u00e0 l&rsquo;occasion de la 03e journ\u00e9e de CFA2 o\u00f9 les jaunes et bleus recevaient S\u00e9nart-Moissy en vous rendant sur <strong>&gt;&gt; <a href=\"https:\/\/www.fcgueugnon.fr\/wp\/wp-content\/uploads\/forgeronmag\/2016-2017\/ForgeronMag-1-FCGvsSenart.pdf\" target=\"_blank\">ce lien (PDF)<\/a><\/strong><\/p>\n<p><a href=\"https:\/\/www.fcgueugnon.fr\/wp\/wp-content\/uploads\/forgeronmag\/2016-2017\/ForgeronMag-1-FCGvsSenart.pdf\"><img loading=\"lazy\" decoding=\"async\" class=\"aligncenter wp-image-19920 size-medium\" src=\"https:\/\/www.fcgueugnon.fr\/wp\/wp-content\/uploads\/2016\/09\/Forgeron-Mag-2016-2017-298x300.png\" alt=\"forgeron-mag-2016-2017\" width=\"298\" height=\"300\" \/><\/a><\/p>\n<p>&nbsp;<\/p>\n<p>&nbsp;<\/p>\n","protected":false},"excerpt":{"rendered":"<p>Retrouvez le Forgeron Mag\u2019 #01, et notamment l&rsquo;interview du Forgeron d&rsquo;Or Sebastien LARTEAU, diffus\u00e9 \u00e0 l&rsquo;occasion de la 03e journ\u00e9e de CFA2 o\u00f9 les jaunes et bleus recevaient S\u00e9nart-Moissy en vous rendant sur &gt;&gt; ce lien (PDF) &nbsp; &nbsp;<\/p>\n","protected":false},"author":1,"featured_media":19920,"comment_status":"closed","ping_status":"closed","sticky":false,"template":"","format":"standard","meta":{"_coblocks_attr":"","_coblocks_dimensions":"","_coblocks_responsive_height":"","_coblocks_accordion_ie_support":"","footnotes":""},"categories":[188],"tags":[211],"_links":{"self":[{"href":"https:\/\/www.fcgueugnon.fr\/wp\/wp-json\/wp\/v2\/posts\/19919"}],"collection":[{"href":"https:\/\/www.fcgueugnon.fr\/wp\/wp-json\/wp\/v2\/posts"}],"about":[{"href":"https:\/\/www.fcgueugnon.fr\/wp\/wp-json\/wp\/v2\/types\/post"}],"author":[{"embeddable":true,"href":"https:\/\/www.fcgueugnon.fr\/wp\/wp-json\/wp\/v2\/users\/1"}],"replies":[{"embeddable":true,"href":"https:\/\/www.fcgueugnon.fr\/wp\/wp-json\/wp\/v2\/comments?post=19919"}],"version-history":[{"count":0,"href":"https:\/\/www.fcgueugnon.fr\/wp\/wp-json\/wp\/v2\/posts\/19919\/revisions"}],"wp:featuredmedia":[{"embeddable":true,"href":"https:\/\/www.fcgueugnon.fr\/wp\/wp-json\/wp\/v2\/media\/19920"}],"wp:attachment":[{"href":"https:\/\/www.fcgueugnon.fr\/wp\/wp-json\/wp\/v2\/media?parent=19919"}],"wp:term":[{"taxonomy":"category","embeddable":true,"href":"https:\/\/www.fcgueugnon.fr\/wp\/wp-json\/wp\/v2\/categories?post=19919"},{"taxonomy":"post_tag","embeddable":true,"href":"https:\/\/www.fcgueugnon.fr\/wp\/wp-json\/wp\/v2\/tags?post=19919"}],"curies":[{"name":"wp","href":"https:\/\/api.w.org\/{rel}","templated":true}]}}