{"id":17688,"date":"2016-01-19T18:21:50","date_gmt":"2016-01-19T17:21:50","guid":{"rendered":"https:\/\/www.fcgueugnon.fr\/wp\/?p=17688"},"modified":"2017-09-26T22:16:07","modified_gmt":"2017-09-26T20:16:07","slug":"cfa2-j13-fc-gueugnon-sens-retour-ballon-match-offert-lagence-axa-demmanuel-buchet","status":"publish","type":"post","link":"https:\/\/www.fcgueugnon.fr\/wp\/cfa2-j13-fc-gueugnon-sens-retour-ballon-match-offert-lagence-axa-demmanuel-buchet\/17688","title":{"rendered":"[CFA2 J13] FC Gueugnon \u2013 Sens : Retour sur le ballon du match offert par l\u2019agence AXA d\u2019Emmanuel Buchet"},"content":{"rendered":"<p>Ce samedi 16\u00a0janvier,\u00a0c&rsquo;est <strong>Emmanuel Buchet de l&rsquo;agence AXA \u00a0de Gueugnon\u00a0<\/strong>qui a\u00a0offert\u00a0le ballon du match et qui ont donn\u00e9 le coup d&rsquo;envoi de la\u00a0victoire contre le FC Sens.<\/p>\n<p style=\"text-align: center;\"><a href=\"https:\/\/www.fcgueugnon.fr\/wp\/wp-content\/uploads\/2016\/01\/AXA-Emmanuel-Buchet.jpg\"><img loading=\"lazy\" decoding=\"async\" class=\"aligncenter size-medium wp-image-17689\" src=\"https:\/\/www.fcgueugnon.fr\/wp\/wp-content\/uploads\/2016\/01\/AXA-Emmanuel-Buchet-200x300.jpg\" alt=\"AXA Emmanuel Buchet\" width=\"200\" height=\"300\" \/><\/a><\/p>\n<p><strong>Emmanuel BUCHET<\/strong>,\u00a0supporter du FCG depuis de nombreuses ann\u00e9es\u00a0et\u00a0Agent G\u00e9n\u00e9ral de l&rsquo;agence<strong>\u00a0AXA <\/strong>\u00e0 Gueugnon situ\u00e9e 21 rue de la libert\u00e9 au centre ville face \u00e0 l\u2019h\u00f4tel du Centre.<\/p>\n<p>Une agence \u00e0 votre service\u00a0qui\u00a0vous propose toute une gamme de prestations d\u2019Assurances et de produits Bancaires :<br \/>\n\u2013 Placements \u2013 Retraite<br \/>\n\u2013 Assurances des particuliers<br \/>\n\u2013 Artisans \u2013 Commer\u00e7ants<br \/>\n\u2013 Risques d\u2019entreprises<br \/>\n\u2013 Gestion de patrimoine<br \/>\n\u2013 AXA BANQUE<br \/>\n\u2013 Banque et cr\u00e9dit du particulier<\/p>\n<p><span style=\"color: #ff9900;\"><strong>N\u2019h\u00e9sitez pas \u00e0 les consulter, le meilleur accueil et le service le plus juste, vous seront r\u00e9serv\u00e9s !<\/strong><\/span><\/p>\n<p>&nbsp;<\/p>\n<p><strong>Supporters forgerons, <a href=\"https:\/\/www.fcgueugnon.fr\/wp\/?page_id=2350\">r\u00e9servez vos achats et vos sorties chez nos annonceurs et partenaires \u2026 !<\/a><\/strong><\/p>\n<p style=\"text-align: center;\">\n","protected":false},"excerpt":{"rendered":"<p>Ce samedi 16\u00a0janvier,\u00a0c&rsquo;est Emmanuel Buchet de l&rsquo;agence AXA \u00a0de Gueugnon\u00a0qui a\u00a0offert\u00a0le ballon du match et qui ont donn\u00e9 le coup d&rsquo;envoi de la\u00a0victoire contre le FC Sens. Emmanuel BUCHET,\u00a0supporter du FCG depuis de nombreuses ann\u00e9es\u00a0et\u00a0Agent G\u00e9n\u00e9ral de l&rsquo;agence\u00a0AXA \u00e0 Gueugnon situ\u00e9e 21 rue de la libert\u00e9 au centre ville face \u00e0 l\u2019h\u00f4tel du Centre. Une &#8230; <\/p>\n<p class=\"read-more-container\"><a title=\"[CFA2 J13] FC Gueugnon \u2013 Sens : Retour sur le ballon du match offert par l\u2019agence AXA d\u2019Emmanuel Buchet\" class=\"read-more button\" href=\"https:\/\/www.fcgueugnon.fr\/wp\/cfa2-j13-fc-gueugnon-sens-retour-ballon-match-offert-lagence-axa-demmanuel-buchet\/17688#more-17688\">Lire la suite<span class=\"screen-reader-text\">[CFA2 J13] FC Gueugnon \u2013 Sens : Retour sur le ballon du match offert par l\u2019agence AXA d\u2019Emmanuel Buchet<\/span><\/a><\/p>\n","protected":false},"author":1,"featured_media":17689,"comment_status":"closed","ping_status":"closed","sticky":false,"template":"","format":"standard","meta":{"_coblocks_attr":"","_coblocks_dimensions":"","_coblocks_responsive_height":"","_coblocks_accordion_ie_support":"","footnotes":""},"categories":[196,12],"tags":[108],"_links":{"self":[{"href":"https:\/\/www.fcgueugnon.fr\/wp\/wp-json\/wp\/v2\/posts\/17688"}],"collection":[{"href":"https:\/\/www.fcgueugnon.fr\/wp\/wp-json\/wp\/v2\/posts"}],"about":[{"href":"https:\/\/www.fcgueugnon.fr\/wp\/wp-json\/wp\/v2\/types\/post"}],"author":[{"embeddable":true,"href":"https:\/\/www.fcgueugnon.fr\/wp\/wp-json\/wp\/v2\/users\/1"}],"replies":[{"embeddable":true,"href":"https:\/\/www.fcgueugnon.fr\/wp\/wp-json\/wp\/v2\/comments?post=17688"}],"version-history":[{"count":0,"href":"https:\/\/www.fcgueugnon.fr\/wp\/wp-json\/wp\/v2\/posts\/17688\/revisions"}],"wp:featuredmedia":[{"embeddable":true,"href":"https:\/\/www.fcgueugnon.fr\/wp\/wp-json\/wp\/v2\/media\/17689"}],"wp:attachment":[{"href":"https:\/\/www.fcgueugnon.fr\/wp\/wp-json\/wp\/v2\/media?parent=17688"}],"wp:term":[{"taxonomy":"category","embeddable":true,"href":"https:\/\/www.fcgueugnon.fr\/wp\/wp-json\/wp\/v2\/categories?post=17688"},{"taxonomy":"post_tag","embeddable":true,"href":"https:\/\/www.fcgueugnon.fr\/wp\/wp-json\/wp\/v2\/tags?post=17688"}],"curies":[{"name":"wp","href":"https:\/\/api.w.org\/{rel}","templated":true}]}}