{"id":17054,"date":"2015-11-19T13:39:46","date_gmt":"2015-11-19T12:39:46","guid":{"rendered":"https:\/\/www.fcgueugnon.fr\/wp\/?p=17054"},"modified":"2015-11-19T13:55:53","modified_gmt":"2015-11-19T12:55:53","slug":"coupe-tirage-du-1er-tour-federal-de-la-gambardella","status":"publish","type":"post","link":"https:\/\/www.fcgueugnon.fr\/wp\/coupe-tirage-du-1er-tour-federal-de-la-gambardella\/17054","title":{"rendered":"[Coupe] Tirage du 1er tour f\u00e9d\u00e9ral de la Gambardella"},"content":{"rendered":"<p>Le tirage du 1er tour f\u00e9d\u00e9ral de la <strong>Coupe Gambardella<\/strong>-Cr\u00e9dit Agricole a \u00e9t\u00e9 effectu\u00e9 ce jeudi midi \u00e0 huis-clos dans les locaux de la\u00a0F\u00e9d\u00e9ration Fran\u00e7aise de Football.<\/p>\n<p><a href=\"https:\/\/www.fcgueugnon.fr\/wp\/wp-content\/uploads\/2015\/11\/logo-gambardella__nbnfsj.jpg\"><img loading=\"lazy\" decoding=\"async\" class=\"aligncenter wp-image-16884 size-thumbnail\" src=\"https:\/\/www.fcgueugnon.fr\/wp\/wp-content\/uploads\/2015\/11\/logo-gambardella__nbnfsj-100x100.jpg\" alt=\"logo-gambardella__nbnfsj\" width=\"100\" height=\"100\" \/><\/a><\/p>\n<p>Pour ce match qui se jouera le week-end du 06\u00a0d\u00e9cembre, les <strong>U19 du FC Gueugnon<\/strong>\u00a0recevront le\u00a0vainqueur de la rencontre\u00a0entre\u00a0<strong>Essor Bresse\u00a0<\/strong><b>Sa\u00f4ne<\/b>\u00a0(01) et <strong>C\u00f4te Saint Andre FC<\/strong> (38)\u00a0dont le match se d\u00e9roulera ce samedi 21\/11 \u00e0 14h30 dans l&rsquo;Ain.<\/p>\n<p>&nbsp;<\/p>\n<p>Retrouvez les tirages complets des sur\u00a0le site\u00a0de la <a href=\"http:\/\/www.fff.fr\/actualites\/170380-577341-le-tirage-au-sort-du-1er-tour-federal\" target=\"_blank\">FFF<\/a>.<\/p>\n<p>&nbsp;<\/p>\n","protected":false},"excerpt":{"rendered":"<p>Le tirage du 1er tour f\u00e9d\u00e9ral de la Coupe Gambardella-Cr\u00e9dit Agricole a \u00e9t\u00e9 effectu\u00e9 ce jeudi midi \u00e0 huis-clos dans les locaux de la\u00a0F\u00e9d\u00e9ration Fran\u00e7aise de Football. Pour ce match qui se jouera le week-end du 06\u00a0d\u00e9cembre, les U19 du FC Gueugnon\u00a0recevront le\u00a0vainqueur de la rencontre\u00a0entre\u00a0Essor Bresse\u00a0Sa\u00f4ne\u00a0(01) et C\u00f4te Saint Andre FC (38)\u00a0dont le match &#8230; <\/p>\n<p class=\"read-more-container\"><a title=\"[Coupe] Tirage du 1er tour f\u00e9d\u00e9ral de la Gambardella\" class=\"read-more button\" href=\"https:\/\/www.fcgueugnon.fr\/wp\/coupe-tirage-du-1er-tour-federal-de-la-gambardella\/17054#more-17054\">Lire la suite<span class=\"screen-reader-text\">[Coupe] Tirage du 1er tour f\u00e9d\u00e9ral de la Gambardella<\/span><\/a><\/p>\n","protected":false},"author":1,"featured_media":16884,"comment_status":"closed","ping_status":"closed","sticky":false,"template":"","format":"standard","meta":{"_coblocks_attr":"","_coblocks_dimensions":"","_coblocks_responsive_height":"","_coblocks_accordion_ie_support":"","footnotes":""},"categories":[196,12],"tags":[147],"_links":{"self":[{"href":"https:\/\/www.fcgueugnon.fr\/wp\/wp-json\/wp\/v2\/posts\/17054"}],"collection":[{"href":"https:\/\/www.fcgueugnon.fr\/wp\/wp-json\/wp\/v2\/posts"}],"about":[{"href":"https:\/\/www.fcgueugnon.fr\/wp\/wp-json\/wp\/v2\/types\/post"}],"author":[{"embeddable":true,"href":"https:\/\/www.fcgueugnon.fr\/wp\/wp-json\/wp\/v2\/users\/1"}],"replies":[{"embeddable":true,"href":"https:\/\/www.fcgueugnon.fr\/wp\/wp-json\/wp\/v2\/comments?post=17054"}],"version-history":[{"count":0,"href":"https:\/\/www.fcgueugnon.fr\/wp\/wp-json\/wp\/v2\/posts\/17054\/revisions"}],"wp:featuredmedia":[{"embeddable":true,"href":"https:\/\/www.fcgueugnon.fr\/wp\/wp-json\/wp\/v2\/media\/16884"}],"wp:attachment":[{"href":"https:\/\/www.fcgueugnon.fr\/wp\/wp-json\/wp\/v2\/media?parent=17054"}],"wp:term":[{"taxonomy":"category","embeddable":true,"href":"https:\/\/www.fcgueugnon.fr\/wp\/wp-json\/wp\/v2\/categories?post=17054"},{"taxonomy":"post_tag","embeddable":true,"href":"https:\/\/www.fcgueugnon.fr\/wp\/wp-json\/wp\/v2\/tags?post=17054"}],"curies":[{"name":"wp","href":"https:\/\/api.w.org\/{rel}","templated":true}]}}