{"id":15757,"date":"2015-08-24T10:00:22","date_gmt":"2015-08-24T08:00:22","guid":{"rendered":"https:\/\/www.fcgueugnon.fr\/wp\/?p=15757"},"modified":"2020-10-24T14:50:29","modified_gmt":"2020-10-24T12:50:29","slug":"cfa2-20152016-lancement-de-la-campagne-dabonnements","status":"publish","type":"post","link":"https:\/\/www.fcgueugnon.fr\/wp\/cfa2-20152016-lancement-de-la-campagne-dabonnements\/15757","title":{"rendered":"[CFA2 2015\/2016] Abonnez-vous pour la nouvelle saison !!"},"content":{"rendered":"<h2 style=\"text-align: center;\"><em>\u00ab\u00a0FORGERONS &#8230; TOUS ENSEMBLE &#8230;. GAGNONS\u00a0\u00bb<\/em><\/h2>\n<p style=\"text-align: center;\"><strong>Venez soutenir le FC GUEUGNON\u00a0 dans son bel \u00e9crin de Jean Laville en vous abonnant !<br \/>\n<\/strong><\/p>\n<p><a href=\"https:\/\/www.fcgueugnon.fr\/wp\/wp-content\/uploads\/2015\/07\/formulaire-dabonnement-saison-2015-2016.pdf\"><img loading=\"lazy\" decoding=\"async\" class=\"aligncenter size-full wp-image-15914\" src=\"https:\/\/www.fcgueugnon.fr\/wp\/wp-content\/uploads\/2015\/07\/Affiche-abonnements-2015.20161.png\" alt=\"Affiche-abonnements-2015.2016\" width=\"730\" height=\"1000\" \/><\/a><\/p>\n<h3><strong>Prix en baisse cette saison encore avec une formule \u00e0 50\u20ac\u00a0<\/strong><\/h3>\n<p>1 : Abonnement seul \u00a0:\u00a050 \u20ac<br \/>\n2\u00a0: Abonnement + 13 prestations VIP : 420 \u20ac<br \/>\n3\u00a0: Abonnement avec don de 200 \u20ac mini (66% de r\u00e9duction d\u2019imp\u00f4ts)<\/p>\n<p>&nbsp;<\/p>\n<h3><strong>Comment s\u2019abonner\u00a0?<\/strong> :<\/h3>\n<p>&#8211; Cliquez et consultez\u00a0le\u00a0<a href=\"https:\/\/www.fcgueugnon.fr\/wp\/wp-content\/uploads\/2015\/07\/formulaire-dabonnement-saison-2015-2016.pdf\" target=\"_blank\" rel=\"noopener noreferrer\">formulaire d&rsquo;abonnement saison 2015-2016<\/a><\/p>\n<p>&#x25b6;\u00a0Souscrivez par courrier en renvoyant le formulaire dument compl\u00e9t\u00e9 \u00e0 l&rsquo;adresse suivante : FC GUEUGNON BP 8 71130 GUEUGNON<\/p>\n<p>&#x25b6; Souscrivez aupr\u00e8s des \u00e9tablissements Laforest, 38 rue de la Libert\u00e9 \u00e0 Gueugnon<\/p>\n<p>&#x25b6; Souscrivez aupr\u00e8s de votre magasin Auchan Gueugnon<\/p>\n<p>&#x25b6; Souscrivez aupr\u00e8s\u00a0du Bar\/Brasserie de Nadine et Pascal situ\u00e9 aux\u00a0Gautherets \u00e0 Saint-Vallier<\/p>\n<p>&#x25b6; Souscrivez via notre site en vous rendant sur notre <a title=\"Boutique FCGueugnon\" href=\"http:\/\/boutique.fcgueugnon.fr\">boutique en ligne <\/a>(paiement par ch\u00e8que ou CB).<\/p>\n<p>&nbsp;<\/p>\n","protected":false},"excerpt":{"rendered":"<p>\u00ab\u00a0FORGERONS &#8230; TOUS ENSEMBLE &#8230;. GAGNONS\u00a0\u00bb Venez soutenir le FC GUEUGNON\u00a0 dans son bel \u00e9crin de Jean Laville en vous abonnant ! Prix en baisse cette saison encore avec une formule \u00e0 50\u20ac\u00a0 1 : Abonnement seul \u00a0:\u00a050 \u20ac 2\u00a0: Abonnement + 13 prestations VIP : 420 \u20ac 3\u00a0: Abonnement avec don de 200 \u20ac &#8230; <\/p>\n<p class=\"read-more-container\"><a title=\"[CFA2 2015\/2016] Abonnez-vous pour la nouvelle saison !!\" class=\"read-more button\" href=\"https:\/\/www.fcgueugnon.fr\/wp\/cfa2-20152016-lancement-de-la-campagne-dabonnements\/15757#more-15757\">Lire la suite<span class=\"screen-reader-text\">[CFA2 2015\/2016] Abonnez-vous pour la nouvelle saison !!<\/span><\/a><\/p>\n","protected":false},"author":1,"featured_media":15914,"comment_status":"closed","ping_status":"closed","sticky":false,"template":"","format":"standard","meta":{"_coblocks_attr":"","_coblocks_dimensions":"","_coblocks_responsive_height":"","_coblocks_accordion_ie_support":"","footnotes":""},"categories":[196,12],"tags":[109,239],"_links":{"self":[{"href":"https:\/\/www.fcgueugnon.fr\/wp\/wp-json\/wp\/v2\/posts\/15757"}],"collection":[{"href":"https:\/\/www.fcgueugnon.fr\/wp\/wp-json\/wp\/v2\/posts"}],"about":[{"href":"https:\/\/www.fcgueugnon.fr\/wp\/wp-json\/wp\/v2\/types\/post"}],"author":[{"embeddable":true,"href":"https:\/\/www.fcgueugnon.fr\/wp\/wp-json\/wp\/v2\/users\/1"}],"replies":[{"embeddable":true,"href":"https:\/\/www.fcgueugnon.fr\/wp\/wp-json\/wp\/v2\/comments?post=15757"}],"version-history":[{"count":0,"href":"https:\/\/www.fcgueugnon.fr\/wp\/wp-json\/wp\/v2\/posts\/15757\/revisions"}],"wp:featuredmedia":[{"embeddable":true,"href":"https:\/\/www.fcgueugnon.fr\/wp\/wp-json\/wp\/v2\/media\/15914"}],"wp:attachment":[{"href":"https:\/\/www.fcgueugnon.fr\/wp\/wp-json\/wp\/v2\/media?parent=15757"}],"wp:term":[{"taxonomy":"category","embeddable":true,"href":"https:\/\/www.fcgueugnon.fr\/wp\/wp-json\/wp\/v2\/categories?post=15757"},{"taxonomy":"post_tag","embeddable":true,"href":"https:\/\/www.fcgueugnon.fr\/wp\/wp-json\/wp\/v2\/tags?post=15757"}],"curies":[{"name":"wp","href":"https:\/\/api.w.org\/{rel}","templated":true}]}}