{"id":13994,"date":"2015-01-29T19:32:44","date_gmt":"2015-01-29T18:32:44","guid":{"rendered":"https:\/\/www.fcgueugnon.fr\/wp\/?p=13994"},"modified":"2015-02-06T15:02:56","modified_gmt":"2015-02-06T14:02:56","slug":"cfa2-j15-fcg-bourges-18-match-reporte","status":"publish","type":"post","link":"https:\/\/www.fcgueugnon.fr\/wp\/cfa2-j15-fcg-bourges-18-match-reporte\/13994","title":{"rendered":"[CFA2 J15] FCG &#8211; BOURGES 18 : MATCH REPORTE + ETGFC le 08\/02"},"content":{"rendered":"<p><em><strong><span style=\"color: #ff0000;\">MAJ 06\/02 : Match v\/s ETGFC \u00e0 nouveau report\u00e9<\/span><\/strong><\/em><\/p>\n<p><span style=\"color: #ff0000;\"><strong>Attention<\/strong><\/span>, suite \u00e0 un arr\u00eat\u00e9 municipal en raison des abondantes pr\u00e9cipitations\u00a0enregistr\u00e9es ces derniers jour, le match comptant pour la 15e journ\u00e9e de CFA2 opposant le <strong>FCGueugnon<\/strong> \u00e0 <strong>Bourges 18<\/strong> est report\u00e9 \u00e0 une date ult\u00e9rieure.<\/p>\n<p><a href=\"https:\/\/www.fcgueugnon.fr\/wp\/wp-content\/uploads\/2015\/01\/bourges_report.png\"><img loading=\"lazy\" decoding=\"async\" class=\"aligncenter wp-image-13995 size-medium\" src=\"https:\/\/www.fcgueugnon.fr\/wp\/wp-content\/uploads\/2015\/01\/bourges_report-300x144.png\" alt=\"bourges_report\" width=\"300\" height=\"144\" \/><\/a><\/p>\n<p>&nbsp;<\/p>\n<p>Pour leur prochain match (en retard), les forgerons se d\u00e9placeront chez la r\u00e9serve d&rsquo;Evian Thonon Gaillard le dimanche 8 f\u00e9vrier \u00e0 15h00.<\/p>\n<p><a href=\"https:\/\/www.fcgueugnon.fr\/wp\/?page_id=2367\"><img loading=\"lazy\" decoding=\"async\" class=\"aligncenter wp-image-14000 size-medium\" src=\"https:\/\/www.fcgueugnon.fr\/wp\/wp-content\/uploads\/2014\/10\/ETGFC-300x144.png\" alt=\"ETGFC Gueugnon Match Foot retard\" width=\"300\" height=\"144\" \/><\/a><\/p>\n<p>&nbsp;<\/p>\n<p><em>Retrouvez le calendrier complet de notre \u00e9quipe sur le lien suivant :\u00a0<a href=\"http:\/\/bit.ly\/1hxNhPn\">http:\/\/bit.ly\/1hxNhPn<\/a><\/em><\/p>\n","protected":false},"excerpt":{"rendered":"<p>MAJ 06\/02 : Match v\/s ETGFC \u00e0 nouveau report\u00e9 Attention, suite \u00e0 un arr\u00eat\u00e9 municipal en raison des abondantes pr\u00e9cipitations\u00a0enregistr\u00e9es ces derniers jour, le match comptant pour la 15e journ\u00e9e de CFA2 opposant le FCGueugnon \u00e0 Bourges 18 est report\u00e9 \u00e0 une date ult\u00e9rieure. &nbsp; Pour leur prochain match (en retard), les forgerons se d\u00e9placeront &#8230; <\/p>\n<p class=\"read-more-container\"><a title=\"[CFA2 J15] FCG &#8211; BOURGES 18 : MATCH REPORTE + ETGFC le 08\/02\" class=\"read-more button\" href=\"https:\/\/www.fcgueugnon.fr\/wp\/cfa2-j15-fcg-bourges-18-match-reporte\/13994#more-13994\">Lire la suite<span class=\"screen-reader-text\">[CFA2 J15] FCG &#8211; BOURGES 18 : MATCH REPORTE + ETGFC le 08\/02<\/span><\/a><\/p>\n","protected":false},"author":1,"featured_media":13995,"comment_status":"closed","ping_status":"closed","sticky":false,"template":"","format":"standard","meta":{"_coblocks_attr":"","_coblocks_dimensions":"","_coblocks_responsive_height":"","_coblocks_accordion_ie_support":"","footnotes":""},"categories":[186,12],"tags":[147],"_links":{"self":[{"href":"https:\/\/www.fcgueugnon.fr\/wp\/wp-json\/wp\/v2\/posts\/13994"}],"collection":[{"href":"https:\/\/www.fcgueugnon.fr\/wp\/wp-json\/wp\/v2\/posts"}],"about":[{"href":"https:\/\/www.fcgueugnon.fr\/wp\/wp-json\/wp\/v2\/types\/post"}],"author":[{"embeddable":true,"href":"https:\/\/www.fcgueugnon.fr\/wp\/wp-json\/wp\/v2\/users\/1"}],"replies":[{"embeddable":true,"href":"https:\/\/www.fcgueugnon.fr\/wp\/wp-json\/wp\/v2\/comments?post=13994"}],"version-history":[{"count":0,"href":"https:\/\/www.fcgueugnon.fr\/wp\/wp-json\/wp\/v2\/posts\/13994\/revisions"}],"wp:featuredmedia":[{"embeddable":true,"href":"https:\/\/www.fcgueugnon.fr\/wp\/wp-json\/wp\/v2\/media\/13995"}],"wp:attachment":[{"href":"https:\/\/www.fcgueugnon.fr\/wp\/wp-json\/wp\/v2\/media?parent=13994"}],"wp:term":[{"taxonomy":"category","embeddable":true,"href":"https:\/\/www.fcgueugnon.fr\/wp\/wp-json\/wp\/v2\/categories?post=13994"},{"taxonomy":"post_tag","embeddable":true,"href":"https:\/\/www.fcgueugnon.fr\/wp\/wp-json\/wp\/v2\/tags?post=13994"}],"curies":[{"name":"wp","href":"https:\/\/api.w.org\/{rel}","templated":true}]}}